{"id":9726,"date":"2023-11-27T12:55:43","date_gmt":"2023-11-27T12:55:43","guid":{"rendered":"https:\/\/qiraatafrican.com\/fr\/?p=9726"},"modified":"2023-11-27T12:55:43","modified_gmt":"2023-11-27T12:55:43","slug":"lafrique-du-sud-retire-sa-candidature-a-la-coupe-du-monde-feminine-2027","status":"publish","type":"post","link":"https:\/\/qiraatafrican.com\/fr\/9726\/lafrique-du-sud-retire-sa-candidature-a-la-coupe-du-monde-feminine-2027\/","title":{"rendered":"L&rsquo;Afrique du Sud retire sa candidature \u00e0 la Coupe du monde f\u00e9minine 2027"},"content":{"rendered":"<p><strong>L&rsquo;Afrique du Sud a annonc\u00e9 samedi qu&rsquo;elle retirait sa candidature \u00e0 l&rsquo;organisation de la Coupe du monde f\u00e9minine en 2027, pr\u00e9f\u00e9rant \u00e9viter de pr\u00e9senter une \u00ab\u00a0pr\u00e9sentation pr\u00e9cipit\u00e9e\u00a0\u00bb \u00e0 la Fifa en d\u00e9cembre.<\/strong><\/p>\n<p>La date limite pour soumettre les projets pr\u00e9cis des candidats \u00e0 l&rsquo;organisation de la comp\u00e9tition a \u00e9t\u00e9 fix\u00e9e par la Fifa au 8 d\u00e9cembre.<\/p>\n<p>\u00ab\u00a0Nous avons estim\u00e9 qu&rsquo;il valait mieux pr\u00e9senter une candidature mieux pr\u00e9par\u00e9e pour 2031, plut\u00f4t que de montrer une pr\u00e9sentation faite \u00e0 la h\u00e2te\u00a0\u00bb, a d\u00e9clar\u00e9 la pr\u00e9sidente de la F\u00e9d\u00e9ration sud-africaine de football, Lydia Monyepao.<\/p>\n<p>Suite \u00e0 ce retrait, trois candidatures restent en lice pour accueillir la Coupe du monde 2027 : une de la Belgique, des Pays-Bas et de l&rsquo;Allemagne ; un autre des \u00c9tats-Unis et du Mexique ; et enfin, un du Br\u00e9sil.<\/p>\n<p>Le ou les pays s\u00e9lectionn\u00e9s seront d\u00e9cid\u00e9s lors du Congr\u00e8s de la Fifa qui se tiendra \u00e0 Bangkok en mai.<\/p>\n<p>La derni\u00e8re Coupe du monde f\u00e9minine a \u00e9t\u00e9 co-organis\u00e9e par l&rsquo;Australie et la Nouvelle-Z\u00e9lande \u00e0 l&rsquo;\u00e9t\u00e9 2023 et a \u00e9t\u00e9 remport\u00e9e par l&rsquo;Espagne.<\/p>\n","protected":false},"excerpt":{"rendered":"<p>L&rsquo;Afrique du Sud a annonc\u00e9 samedi qu&rsquo;elle retirait sa candidature \u00e0 l&rsquo;organisation de la Coupe du monde f\u00e9minine en 2027, pr\u00e9f\u00e9rant \u00e9viter de pr\u00e9senter une \u00ab\u00a0pr\u00e9sentation pr\u00e9cipit\u00e9e\u00a0\u00bb \u00e0 la Fifa en d\u00e9cembre.<\/p>\n","protected":false},"author":1,"featured_media":9727,"comment_status":"closed","ping_status":"closed","sticky":false,"template":"","format":"standard","meta":{"iawp_total_views":7,"jnews-multi-image_gallery":[],"jnews_single_post":{"source_name":"","source_url":"","via_name":"","via_url":"","override_template":"0","override":[{"template":"1","single_blog_custom":"","parallax":"1","fullscreen":"1","layout":"right-sidebar","sidebar":"default-sidebar","second_sidebar":"default-sidebar","sticky_sidebar":"1","share_position":"topbottom","share_float_style":"share-monocrhome","show_share_counter":"1","show_view_counter":"0","show_featured":"1","show_post_meta":"1","show_post_author":"0","show_post_author_image":"1","show_post_date":"1","post_date_format":"default","post_date_format_custom":"Y\/m\/d","show_post_category":"1","show_post_reading_time":"0","post_reading_time_wpm":"300","show_zoom_button":"0","zoom_button_out_step":"2","zoom_button_in_step":"3","show_post_tag":"1","show_prev_next_post":"0","show_popup_post":"0","number_popup_post":"1","show_author_box":"0","show_post_related":"1","show_inline_post_related":"1"}],"override_image_size":"0","image_override":[{"single_post_thumbnail_size":"crop-500","single_post_gallery_size":"crop-500"}],"trending_post":"0","trending_post_position":"meta","trending_post_label":"Trending","sponsored_post":"0","sponsored_post_label":"Sponsored by","sponsored_post_name":"","sponsored_post_url":"","sponsored_post_logo_enable":"0","sponsored_post_logo":"","sponsored_post_desc":"","disable_ad":"0"},"jnews_primary_category":{"id":"","hide":""},"jnews_social_meta":{"fb_title":"","fb_description":"","fb_image":"","twitter_title":"","twitter_description":"","twitter_image":""},"jnews_override_counter":{"override_view_counter":"0","view_counter_number":"0","override_share_counter":"0","share_counter_number":"0","override_like_counter":"0","like_counter_number":"0","override_dislike_counter":"0","dislike_counter_number":"0"},"footnotes":""},"categories":[126],"tags":[1200,261,886],"class_list":["post-9726","post","type-post","status-publish","format-standard","has-post-thumbnail","hentry","category-sport","tag-coupe-du-monde-feminine","tag-fifa","tag-lafrique-du-sud"],"_links":{"self":[{"href":"https:\/\/qiraatafrican.com\/fr\/wp-json\/wp\/v2\/posts\/9726","targetHints":{"allow":["GET"]}}],"collection":[{"href":"https:\/\/qiraatafrican.com\/fr\/wp-json\/wp\/v2\/posts"}],"about":[{"href":"https:\/\/qiraatafrican.com\/fr\/wp-json\/wp\/v2\/types\/post"}],"author":[{"embeddable":true,"href":"https:\/\/qiraatafrican.com\/fr\/wp-json\/wp\/v2\/users\/1"}],"replies":[{"embeddable":true,"href":"https:\/\/qiraatafrican.com\/fr\/wp-json\/wp\/v2\/comments?post=9726"}],"version-history":[{"count":0,"href":"https:\/\/qiraatafrican.com\/fr\/wp-json\/wp\/v2\/posts\/9726\/revisions"}],"wp:featuredmedia":[{"embeddable":true,"href":"https:\/\/qiraatafrican.com\/fr\/wp-json\/wp\/v2\/media\/9727"}],"wp:attachment":[{"href":"https:\/\/qiraatafrican.com\/fr\/wp-json\/wp\/v2\/media?parent=9726"}],"wp:term":[{"taxonomy":"category","embeddable":true,"href":"https:\/\/qiraatafrican.com\/fr\/wp-json\/wp\/v2\/categories?post=9726"},{"taxonomy":"post_tag","embeddable":true,"href":"https:\/\/qiraatafrican.com\/fr\/wp-json\/wp\/v2\/tags?post=9726"}],"curies":[{"name":"wp","href":"https:\/\/api.w.org\/{rel}","templated":true}]}}