{"id":969,"date":"2022-03-11T05:54:04","date_gmt":"2022-03-11T05:54:04","guid":{"rendered":"https:\/\/qiraatafrican.com\/fr\/?p=969"},"modified":"2022-03-11T05:54:04","modified_gmt":"2022-03-11T05:54:04","slug":"ethiopie-le-chef-du-front-de-liberation-oromo-en-residence-surveillee-le-conseil-electoral-demande-sa-liberation","status":"publish","type":"post","link":"https:\/\/qiraatafrican.com\/fr\/969\/ethiopie-le-chef-du-front-de-liberation-oromo-en-residence-surveillee-le-conseil-electoral-demande-sa-liberation\/","title":{"rendered":"\u00c9thiopie: Le Chef du Front de Lib\u00e9ration Oromo en R\u00e9sidence Surveill\u00e9e, Le Conseil \u00c9lectoral Demande Sa Lib\u00e9ration"},"content":{"rendered":"<p>Le Conseil \u00e9lectoral national d&rsquo;\u00c9thiopie a condamn\u00e9 l&rsquo;assignation \u00e0 r\u00e9sidence du chef de l&rsquo;opposition du Front de lib\u00e9ration oromo, Daoud Ibsa.<\/p>\n<p>Selon le conseil, Daoud est assign\u00e9 \u00e0 r\u00e9sidence depuis mai 2021.<\/p>\n<p>Le conseil, dirig\u00e9 par Birtukan Medixa, a \u00e9crit une lettre \u00e0 la police f\u00e9d\u00e9rale et aux services nationaux d&rsquo;information et de s\u00e9curit\u00e9 (NISS) confirmant l&rsquo;assignation \u00e0 r\u00e9sidence.<\/p>\n<p>La Commission estime que son assignation \u00e0 r\u00e9sidence n&rsquo;est acceptable en vertu d&rsquo;aucune base l\u00e9gale.<\/p>\n<p>Selon les m\u00e9dias locaux, des titres gouvernementaux en tissu le gardent chez lui, et il y a des d\u00e9tails de s\u00e9curit\u00e9 renforc\u00e9s pour la communaut\u00e9 avec laquelle il se trouve, a d\u00e9clar\u00e9 le Conseil \u00e9lectoral.<\/p>\n<p>Le NEC a \u00e9galement d\u00e9ploy\u00e9 une \u00e9quipe d&rsquo;enqu\u00eate \u00e0 Benishengul Gumuz, dans le sud de l&rsquo;\u00c9thiopie, le sud-ouest de l&rsquo;\u00c9thiopie, Sidama, Oromia et Addis-Abeba, pour enqu\u00eater sur les politiciens qui auraient \u00e9t\u00e9 arr\u00eat\u00e9s.<\/p>\n<p>La branche militaire de son organisation, que le gouvernement appelle Shen, a massacr\u00e9 des civils amhara dans la r\u00e9gion d&rsquo;Oromo.<\/p>\n<p>Il \u00e9tait en exil jusqu&rsquo;\u00e0 ce que le Premier ministre Abiy Ahmed autorise son organisation \u00e0 entrer en \u00c9thiopie \u00e0 condition que ses forces se d\u00e9sarment et s&rsquo;engagent dans une lutte politique pacifique.<\/p>\n","protected":false},"excerpt":{"rendered":"<p>Le Conseil \u00e9lectoral national d&rsquo;\u00c9thiopie a condamn\u00e9 l&rsquo;assignation \u00e0 r\u00e9sidence du chef de l&rsquo;opposition du Front de lib\u00e9ration oromo, Daoud Ibsa. Selon le conseil, Daoud est assign\u00e9 \u00e0 r\u00e9sidence depuis mai 2021. Le conseil, dirig\u00e9 par Birtukan Medixa, a \u00e9crit une lettre \u00e0 la police f\u00e9d\u00e9rale et aux services nationaux d&rsquo;information et de s\u00e9curit\u00e9 (NISS) [&hellip;]<\/p>\n","protected":false},"author":1,"featured_media":0,"comment_status":"open","ping_status":"open","sticky":false,"template":"","format":"standard","meta":{"iawp_total_views":1,"jnews-multi-image_gallery":[],"jnews_single_post":{"source_name":"Africanews","source_url":"","via_name":"","via_url":"","override_template":"0","override":[{"template":"1","single_blog_custom":"","parallax":"1","fullscreen":"1","layout":"right-sidebar","sidebar":"default-sidebar","second_sidebar":"default-sidebar","sticky_sidebar":"1","share_position":"top","share_float_style":"share-monocrhome","show_share_counter":"1","show_view_counter":"1","show_featured":"1","show_post_meta":"1","show_post_author":"1","show_post_author_image":"1","show_post_date":"1","post_date_format":"default","post_date_format_custom":"Y\/m\/d","show_post_category":"1","show_post_reading_time":"0","post_reading_time_wpm":"300","show_zoom_button":"0","zoom_button_out_step":"2","zoom_button_in_step":"3","show_post_tag":"1","show_prev_next_post":"1","show_popup_post":"1","number_popup_post":"1","show_author_box":"0","show_post_related":"0","show_inline_post_related":"0"}],"override_image_size":"0","image_override":[{"single_post_thumbnail_size":"crop-500","single_post_gallery_size":"crop-500"}],"trending_post":"0","trending_post_position":"meta","trending_post_label":"Trending","sponsored_post":"0","sponsored_post_label":"Sponsored by","sponsored_post_name":"","sponsored_post_url":"","sponsored_post_logo_enable":"0","sponsored_post_logo":"","sponsored_post_desc":"","disable_ad":"0"},"jnews_primary_category":{"id":"5"},"jnews_social_meta":{"fb_title":"","fb_description":"","fb_image":"","twitter_title":"","twitter_description":"","twitter_image":""},"jnews_override_counter":{"override_view_counter":"0","view_counter_number":"0","override_share_counter":"0","share_counter_number":"0","override_like_counter":"0","like_counter_number":"0","override_dislike_counter":"0","dislike_counter_number":"0"},"footnotes":""},"categories":[5,42],"tags":[333,134,334],"class_list":["post-969","post","type-post","status-publish","format-standard","hentry","category-politique-africaine","category-afrique-de-lest","tag-conseil-electoral","tag-ethiopie","tag-front-de-liberation-oromo"],"_links":{"self":[{"href":"https:\/\/qiraatafrican.com\/fr\/wp-json\/wp\/v2\/posts\/969","targetHints":{"allow":["GET"]}}],"collection":[{"href":"https:\/\/qiraatafrican.com\/fr\/wp-json\/wp\/v2\/posts"}],"about":[{"href":"https:\/\/qiraatafrican.com\/fr\/wp-json\/wp\/v2\/types\/post"}],"author":[{"embeddable":true,"href":"https:\/\/qiraatafrican.com\/fr\/wp-json\/wp\/v2\/users\/1"}],"replies":[{"embeddable":true,"href":"https:\/\/qiraatafrican.com\/fr\/wp-json\/wp\/v2\/comments?post=969"}],"version-history":[{"count":0,"href":"https:\/\/qiraatafrican.com\/fr\/wp-json\/wp\/v2\/posts\/969\/revisions"}],"wp:attachment":[{"href":"https:\/\/qiraatafrican.com\/fr\/wp-json\/wp\/v2\/media?parent=969"}],"wp:term":[{"taxonomy":"category","embeddable":true,"href":"https:\/\/qiraatafrican.com\/fr\/wp-json\/wp\/v2\/categories?post=969"},{"taxonomy":"post_tag","embeddable":true,"href":"https:\/\/qiraatafrican.com\/fr\/wp-json\/wp\/v2\/tags?post=969"}],"curies":[{"name":"wp","href":"https:\/\/api.w.org\/{rel}","templated":true}]}}