{"id":9622,"date":"2023-11-15T12:33:11","date_gmt":"2023-11-15T12:33:11","guid":{"rendered":"https:\/\/qiraatafrican.com\/fr\/?p=9622"},"modified":"2023-11-15T12:33:11","modified_gmt":"2023-11-15T12:33:11","slug":"le-ghana-appelle-a-un-front-uni-africain-sur-les-reparations-liees-a-lesclavage","status":"publish","type":"post","link":"https:\/\/qiraatafrican.com\/fr\/9622\/le-ghana-appelle-a-un-front-uni-africain-sur-les-reparations-liees-a-lesclavage\/","title":{"rendered":"Le Ghana appelle \u00e0 un front uni africain sur les r\u00e9parations li\u00e9es \u00e0 l\u2019esclavage"},"content":{"rendered":"<p><strong>Le pr\u00e9sident ghan\u00e9en Nana Akufo-Addo a appel\u00e9 mardi \u00e0 un front uni avec les dirigeants africains pour exiger des r\u00e9parations pour l&rsquo;esclavage transatlantique et les dommages caus\u00e9s par l&rsquo;\u00e8re coloniale.<\/strong><\/p>\n<p>Certains dirigeants occidentaux ont r\u00e9cemment pris des mesures pour reconna\u00eetre les torts caus\u00e9s par l\u2019\u00e8re coloniale en Afrique et les mus\u00e9es ont commenc\u00e9 \u00e0 restituer les tr\u00e9sors et objets africains vol\u00e9s.<\/p>\n<p>Mais l\u2019id\u00e9e de payer des r\u00e9parations financi\u00e8res pour un commerce qui a transport\u00e9 des millions de personnes comme esclaves depuis l\u2019Afrique de l\u2019Ouest et centrale reste vague.<\/p>\n<p>Le dirigeant ghan\u00e9en a r\u00e9clam\u00e9 des r\u00e9parations et a utilis\u00e9 son discours devant l&rsquo;Assembl\u00e9e g\u00e9n\u00e9rale des Nations Unies cette ann\u00e9e pour exiger une plus grande reconnaissance de l&rsquo;impact de l&rsquo;exploitation coloniale.<\/p>\n<p>\u00ab\u00a0Aucune somme d&rsquo;argent ne peut r\u00e9parer les dommages caus\u00e9s par la traite transatlantique des esclaves et ses cons\u00e9quences. Mais c&rsquo;est certainement un probl\u00e8me auquel le monde doit faire face et ne peut plus ignorer\u00a0\u00bb, a d\u00e9clar\u00e9 Akufo-Addo lors d&rsquo;une conf\u00e9rence sur les r\u00e9parations avec les dirigeants africains \u00e0 Accra.<\/p>\n<p>\u00ab\u00a0Avant m\u00eame la conclusion de ces discussions sur les r\u00e9parations, le continent africain tout entier m\u00e9rite des excuses formelles de la part des nations europ\u00e9ennes impliqu\u00e9es dans la traite n\u00e9gri\u00e8re\u00a0\u00bb, a-t-il ajout\u00e9.<\/p>\n<p>Akufo-Addo a appel\u00e9 l&rsquo;Afrique \u00e0 travailler de concert avec les Cara\u00efbes pour faire avancer les r\u00e9parations, les qualifiant de \u00ab demande valable de justice \u00bb.<\/p>\n<p>D\u00e9crivant l&rsquo;esclavage et le colonialisme comme \u00ab la phase sombre de l&rsquo;Afrique \u00bb, le pr\u00e9sident des Comores et pr\u00e9sident de l&rsquo;Union africaine, Azali Assoumani, a d\u00e9clar\u00e9 que leur impact \u00ab fait encore des ravages dans notre population \u00bb.<\/p>\n<p>Le pr\u00e9sident allemand Frank-Walter Steinmeier a exprim\u00e9 ce mois-ci sa \u00ab honte \u00bb face aux crimes commis pendant la domination coloniale de son pays en Tanzanie.<\/p>\n<p>Plus t\u00f4t cette ann\u00e9e, le propri\u00e9taire du journal britannique The Guardian a pr\u00e9sent\u00e9 ses excuses pour le r\u00f4le de ses fondateurs dans l&rsquo;esclavage transatlantique et a annonc\u00e9 un \u00ab programme de justice r\u00e9paratrice sur une d\u00e9cennie \u00bb, \u00e0 la suite d&rsquo;une enqu\u00eate ind\u00e9pendante.<\/p>\n<p>Alors que le d\u00e9bat sur les r\u00e9parations pour l\u2019esclavage continue de se d\u00e9velopper, la restauration des tr\u00e9sors et objets vol\u00e9s progresse r\u00e9guli\u00e8rement.<\/p>\n<p>Le Nigeria est en train de rapatrier des milliers de plaques m\u00e9talliques, de sculptures et d&rsquo;objets des XVIe et XVIIIe si\u00e8cles qui ont \u00e9t\u00e9 pill\u00e9s dans l&rsquo;ancien royaume du B\u00e9nin et qui se sont retrouv\u00e9s dans des mus\u00e9es et chez des collectionneurs d&rsquo;art aux \u00c9tats-Unis et en Europe.<\/p>\n<p>De nombreux objets ont \u00e9t\u00e9 initialement r\u00e9cup\u00e9r\u00e9s en 1897, lorsqu&rsquo;une exp\u00e9dition militaire britannique a attaqu\u00e9 et d\u00e9truit Benin City.<\/p>\n<p>Le B\u00e9nin voisin du Nigeria a inaugur\u00e9 l&rsquo;ann\u00e9e derni\u00e8re une exposition de ses \u0153uvres d&rsquo;art et de ses tr\u00e9sors restitu\u00e9s par la France apr\u00e8s deux ans de n\u00e9gociations.<\/p>\n","protected":false},"excerpt":{"rendered":"<p>Le pr\u00e9sident ghan\u00e9en Nana Akufo-Addo a appel\u00e9 mardi \u00e0 un front uni avec les dirigeants africains pour exiger des r\u00e9parations pour l&rsquo;esclavage transatlantique et les dommages caus\u00e9s par l&rsquo;\u00e8re coloniale.<\/p>\n","protected":false},"author":1,"featured_media":9623,"comment_status":"closed","ping_status":"closed","sticky":false,"template":"","format":"standard","meta":{"iawp_total_views":4,"jnews-multi-image_gallery":[],"jnews_single_post":{"source_name":"","source_url":"","via_name":"","via_url":"","override_template":"0","override":[{"template":"1","single_blog_custom":"","parallax":"1","fullscreen":"1","layout":"right-sidebar","sidebar":"default-sidebar","second_sidebar":"default-sidebar","sticky_sidebar":"1","share_position":"topbottom","share_float_style":"share-monocrhome","show_share_counter":"1","show_view_counter":"0","show_featured":"1","show_post_meta":"1","show_post_author":"0","show_post_author_image":"1","show_post_date":"1","post_date_format":"default","post_date_format_custom":"Y\/m\/d","show_post_category":"1","show_post_reading_time":"0","post_reading_time_wpm":"300","show_zoom_button":"0","zoom_button_out_step":"2","zoom_button_in_step":"3","show_post_tag":"1","show_prev_next_post":"0","show_popup_post":"0","number_popup_post":"1","show_author_box":"0","show_post_related":"1","show_inline_post_related":"1"}],"override_image_size":"0","image_override":[{"single_post_thumbnail_size":"crop-500","single_post_gallery_size":"crop-500"}],"trending_post":"0","trending_post_position":"meta","trending_post_label":"Trending","sponsored_post":"0","sponsored_post_label":"Sponsored by","sponsored_post_name":"","sponsored_post_url":"","sponsored_post_logo_enable":"0","sponsored_post_logo":"","sponsored_post_desc":"","disable_ad":"0"},"jnews_primary_category":{"id":"","hide":""},"jnews_social_meta":{"fb_title":"","fb_description":"","fb_image":"","twitter_title":"","twitter_description":"","twitter_image":""},"jnews_override_counter":{"override_view_counter":"0","view_counter_number":"0","override_share_counter":"0","share_counter_number":"0","override_like_counter":"0","like_counter_number":"0","override_dislike_counter":"0","dislike_counter_number":"0"},"footnotes":""},"categories":[2,8],"tags":[263,1155,1156],"class_list":["post-9622","post","type-post","status-publish","format-standard","has-post-thumbnail","hentry","category-actualites-africaines","category-societe-africaine","tag-lunion-africaine","tag-nana-akufo-addo","tag-reparations-desclavage"],"_links":{"self":[{"href":"https:\/\/qiraatafrican.com\/fr\/wp-json\/wp\/v2\/posts\/9622","targetHints":{"allow":["GET"]}}],"collection":[{"href":"https:\/\/qiraatafrican.com\/fr\/wp-json\/wp\/v2\/posts"}],"about":[{"href":"https:\/\/qiraatafrican.com\/fr\/wp-json\/wp\/v2\/types\/post"}],"author":[{"embeddable":true,"href":"https:\/\/qiraatafrican.com\/fr\/wp-json\/wp\/v2\/users\/1"}],"replies":[{"embeddable":true,"href":"https:\/\/qiraatafrican.com\/fr\/wp-json\/wp\/v2\/comments?post=9622"}],"version-history":[{"count":0,"href":"https:\/\/qiraatafrican.com\/fr\/wp-json\/wp\/v2\/posts\/9622\/revisions"}],"wp:featuredmedia":[{"embeddable":true,"href":"https:\/\/qiraatafrican.com\/fr\/wp-json\/wp\/v2\/media\/9623"}],"wp:attachment":[{"href":"https:\/\/qiraatafrican.com\/fr\/wp-json\/wp\/v2\/media?parent=9622"}],"wp:term":[{"taxonomy":"category","embeddable":true,"href":"https:\/\/qiraatafrican.com\/fr\/wp-json\/wp\/v2\/categories?post=9622"},{"taxonomy":"post_tag","embeddable":true,"href":"https:\/\/qiraatafrican.com\/fr\/wp-json\/wp\/v2\/tags?post=9622"}],"curies":[{"name":"wp","href":"https:\/\/api.w.org\/{rel}","templated":true}]}}