{"id":9332,"date":"2023-10-17T12:18:44","date_gmt":"2023-10-17T12:18:44","guid":{"rendered":"https:\/\/qiraatafrican.com\/fr\/?p=9332"},"modified":"2023-10-17T12:26:29","modified_gmt":"2023-10-17T12:26:29","slug":"les-soldats-de-la-paix-de-lonu-commencent-a-se-retirer-des-camps-dans-le-nord-du-mali","status":"publish","type":"post","link":"https:\/\/qiraatafrican.com\/fr\/9332\/les-soldats-de-la-paix-de-lonu-commencent-a-se-retirer-des-camps-dans-le-nord-du-mali\/","title":{"rendered":"Les soldats de la paix de l&rsquo;ONU commencent \u00e0 se retirer des camps dans le nord du Mali"},"content":{"rendered":"<p><strong>La mission de stabilisation des Nations Unies au Mali, connue sous le nom de MINUSMA, a annonc\u00e9 lundi 16 octobre que son retrait avait commenc\u00e9 de deux camps dans la r\u00e9gion tendue de Kidal.<\/strong><\/p>\n<p>La mission de maintien de la paix a d\u00e9but\u00e9 son retrait de la r\u00e9gion nord du Mali avec les camps de Tessalit et d&rsquo;Aguelhok.<\/p>\n<p>Anticipant le d\u00e9sengagement de l&rsquo;ONU, l&rsquo;arm\u00e9e malienne a pos\u00e9 deux avions sur l&rsquo;un des camps de Tessalit.<\/p>\n<p>L&rsquo;arm\u00e9e a d\u00e9clar\u00e9 que les avions avaient essuy\u00e9 des tirs de rebelles lors de l&rsquo;atterrissage.<\/p>\n<p>Il a publi\u00e9 sur les r\u00e9seaux sociaux qu&rsquo;un seul avion avait essuy\u00e9 des tirs mais avait r\u00e9ussi \u00e0 atterrir et \u00e0 repartir sans trop de difficult\u00e9s apr\u00e8s que les positions ennemies aient \u00e9t\u00e9 \u00ab neutralis\u00e9es \u00bb par l&rsquo;arm\u00e9e de l&rsquo;air.<\/p>\n<p>Les soldats de la paix de l&rsquo;ONU ont cit\u00e9 cette fusillade comme illustrant \u00ab la d\u00e9t\u00e9rioration rapide des conditions de s\u00e9curit\u00e9 pour la vie de centaines de \u00bb leurs soldats.<\/p>\n<p>La MINUSMA a transf\u00e9r\u00e9 4 camps aux autorit\u00e9s maliennes depuis ao\u00fbt. Mais c\u2019est le retrait des camps de la r\u00e9gion de Kidal et de la ville \u00e9ponyme, fief des combattants s\u00e9paratistes, qui pourrait \u00eatre le plus sensible.<\/p>\n<p>Le nord du Mali est le th\u00e9\u00e2tre de combats entre les autorit\u00e9s maliennes, une alliance de groupes ind\u00e9pendantistes connue sous le nom de CMA et le groupe GSIM, li\u00e9 \u00e0 Al-Qa\u00efda.<\/p>\n<p>Le retrait de l&rsquo;ONU du nord du Mali devrait prendre fin d&rsquo;ici le 31 d\u00e9cembre, apr\u00e8s 10 ans de pr\u00e9sence.<\/p>\n<p>Les d\u00e9parts de camps ont cependant exacerb\u00e9 les rivalit\u00e9s entre acteurs arm\u00e9s de la r\u00e9gion.<\/p>\n","protected":false},"excerpt":{"rendered":"<p>La mission de stabilisation des Nations Unies au Mali, connue sous le nom de MINUSMA, a annonc\u00e9 lundi 16 octobre que son retrait avait commenc\u00e9 de deux camps dans la r\u00e9gion tendue de Kidal.<\/p>\n","protected":false},"author":1,"featured_media":9336,"comment_status":"closed","ping_status":"closed","sticky":false,"template":"","format":"standard","meta":{"iawp_total_views":3,"jnews-multi-image_gallery":[],"jnews_single_post":{"source_name":"","source_url":"","via_name":"","via_url":"","override_template":"0","override":[{"template":"1","single_blog_custom":"","parallax":"1","fullscreen":"1","layout":"right-sidebar","sidebar":"default-sidebar","second_sidebar":"default-sidebar","sticky_sidebar":"1","share_position":"topbottom","share_float_style":"share-monocrhome","show_share_counter":"1","show_view_counter":"0","show_featured":"1","show_post_meta":"1","show_post_author":"0","show_post_author_image":"1","show_post_date":"1","post_date_format":"default","post_date_format_custom":"Y\/m\/d","show_post_category":"1","show_post_reading_time":"0","post_reading_time_wpm":"300","show_zoom_button":"0","zoom_button_out_step":"2","zoom_button_in_step":"3","show_post_tag":"1","show_prev_next_post":"0","show_popup_post":"0","number_popup_post":"1","show_author_box":"0","show_post_related":"1","show_inline_post_related":"1"}],"override_image_size":"0","image_override":[{"single_post_thumbnail_size":"crop-500","single_post_gallery_size":"crop-500"}],"trending_post":"0","trending_post_position":"meta","trending_post_label":"Trending","sponsored_post":"0","sponsored_post_label":"Sponsored by","sponsored_post_name":"","sponsored_post_url":"","sponsored_post_logo_enable":"0","sponsored_post_logo":"","sponsored_post_desc":"","disable_ad":"0"},"jnews_primary_category":{"id":"","hide":""},"jnews_social_meta":{"fb_title":"","fb_description":"","fb_image":"","twitter_title":"","twitter_description":"","twitter_image":""},"jnews_override_counter":{"override_view_counter":"0","view_counter_number":"0","override_share_counter":"0","share_counter_number":"0","override_like_counter":"0","like_counter_number":"0","override_dislike_counter":"0","dislike_counter_number":"0"},"footnotes":""},"categories":[38],"tags":[10,510,1043],"class_list":["post-9332","post","type-post","status-publish","format-standard","has-post-thumbnail","hentry","category-suivis","tag-mali","tag-minusma","tag-soldats-de-la-paix-de-lonu"],"_links":{"self":[{"href":"https:\/\/qiraatafrican.com\/fr\/wp-json\/wp\/v2\/posts\/9332","targetHints":{"allow":["GET"]}}],"collection":[{"href":"https:\/\/qiraatafrican.com\/fr\/wp-json\/wp\/v2\/posts"}],"about":[{"href":"https:\/\/qiraatafrican.com\/fr\/wp-json\/wp\/v2\/types\/post"}],"author":[{"embeddable":true,"href":"https:\/\/qiraatafrican.com\/fr\/wp-json\/wp\/v2\/users\/1"}],"replies":[{"embeddable":true,"href":"https:\/\/qiraatafrican.com\/fr\/wp-json\/wp\/v2\/comments?post=9332"}],"version-history":[{"count":0,"href":"https:\/\/qiraatafrican.com\/fr\/wp-json\/wp\/v2\/posts\/9332\/revisions"}],"wp:featuredmedia":[{"embeddable":true,"href":"https:\/\/qiraatafrican.com\/fr\/wp-json\/wp\/v2\/media\/9336"}],"wp:attachment":[{"href":"https:\/\/qiraatafrican.com\/fr\/wp-json\/wp\/v2\/media?parent=9332"}],"wp:term":[{"taxonomy":"category","embeddable":true,"href":"https:\/\/qiraatafrican.com\/fr\/wp-json\/wp\/v2\/categories?post=9332"},{"taxonomy":"post_tag","embeddable":true,"href":"https:\/\/qiraatafrican.com\/fr\/wp-json\/wp\/v2\/tags?post=9332"}],"curies":[{"name":"wp","href":"https:\/\/api.w.org\/{rel}","templated":true}]}}