{"id":9250,"date":"2023-10-08T15:16:50","date_gmt":"2023-10-08T15:16:50","guid":{"rendered":"https:\/\/qiraatafrican.com\/fr\/?p=9250"},"modified":"2023-10-08T15:16:50","modified_gmt":"2023-10-08T15:16:50","slug":"crise-au-mali-la-vie-a-tombouctou-et-gao-assiegee-par-les-combattants-islamistes","status":"publish","type":"post","link":"https:\/\/qiraatafrican.com\/fr\/9250\/crise-au-mali-la-vie-a-tombouctou-et-gao-assiegee-par-les-combattants-islamistes\/","title":{"rendered":"Crise au Mali : la vie \u00e0 Tombouctou et Gao assi\u00e9g\u00e9e par les combattants islamistes"},"content":{"rendered":"<p>Les habitants des villes maliennes assi\u00e9g\u00e9es par des militants li\u00e9s \u00e0 Al-Qa\u00efda ont d\u00e9clar\u00e9 \u00e0 la BBC qu&rsquo;ils \u00e9taient confront\u00e9s \u00e0 des p\u00e9nuries de nourriture, de carburant et de m\u00e9dicaments, ainsi qu&rsquo;\u00e0 une hausse rapide des prix.<\/p>\n<p>Les blocus surviennent alors que les combats s&rsquo;intensifient entre l&rsquo;arm\u00e9e, soutenue par les mercenaires russes de Wagner, et les groupes islamistes et les combattants s\u00e9paratistes touaregs.<\/p>\n<p>Depuis pr\u00e8s de deux mois, le Jama&rsquo;at Nusrat al-Islam wal-Muslimin (JNIM) tente de couper compl\u00e8tement la ville historique de Tombouctou, dans le nord du pays, emp\u00eachant l&rsquo;approvisionnement du pays.<\/p>\n<p>\u00ab\u00a0Des dizaines de camions charg\u00e9s de nourriture et de marchandises arrivaient quotidiennement dans la ville, mais maintenant, apr\u00e8s le si\u00e8ge, plus rien n&rsquo;arrive\u00a0\u00bb, a d\u00e9clar\u00e9 Omar Sidi Muhammad, qui vit dans la ville et travaille comme journaliste.<\/p>\n<p>La plupart des approvisionnements arrivaient \u00e0 Tombouctou en provenance de Mauritanie et d&rsquo;Alg\u00e9rie.<\/p>\n<p>\u00ab\u00a0Le prix des denr\u00e9es alimentaires arrivant des pays voisins a doubl\u00e9\u00a0\u00bb, a d\u00e9clar\u00e9 Muhammad, ajoutant que les produits de base comme le sucre, la farine, l&rsquo;huile et les pr\u00e9parations pour nourrissons avaient tous \u00e9t\u00e9 touch\u00e9s.<\/p>\n<p>\u00ab\u00a0Le carburant manque et son prix a augment\u00e9 de 80 %.\u00a0\u00bb<\/p>\n<p>La ville a \u00e9galement \u00e9t\u00e9 touch\u00e9e par des tirs de roquettes lanc\u00e9s par les militants.<\/p>\n<p>\u00ab\u00a0Les gens ont peur, mais ils ont commenc\u00e9 \u00e0 avoir tr\u00e8s peur, \u00e0 \u00eatre terrifi\u00e9s, apr\u00e8s les derniers d\u00e9veloppements\u00a0\u00bb, a-t-il ajout\u00e9.<\/p>\n<p>\u00ab\u00a0En raison du danger, des milliers de personnes ont d\u00fb partir.\u00a0\u00bb<\/p>\n<p>L&rsquo;ONU estime que 33 000 personnes ont fui.<\/p>\n<p>Tombouctou a \u00e9t\u00e9 occup\u00e9e par les rebelles touaregs \u00e0 la suite d&rsquo;un soul\u00e8vement s\u00e9paratiste en 2012, mais ils ont \u00e9t\u00e9 rapidement repouss\u00e9s par des groupes islamiques li\u00e9s \u00e0 Al-Qa\u00efda qui ont impos\u00e9 une forme stricte de charia, ou loi islamique, dans la ville &#8211; obligeant les femmes \u00e0 porter des v\u00eatements complets. le port du voile, l&rsquo;interdiction de la musique et l&rsquo;amputation des membres des criminels. Un couple a \u00e9t\u00e9 lapid\u00e9 pour adult\u00e8re.<\/p>\n<p>Beaucoup de gens craignent une r\u00e9p\u00e9tition si le JNIM r\u00e9ussit \u00e0 prendre la ville.<\/p>\n<p>Apr\u00e8s un an de r\u00e9gime islamiste, les forces gouvernementales maliennes, soutenues par les troupes fran\u00e7aises, ont repris la ville. Mais ces forces fran\u00e7aises ont quitt\u00e9 le pays depuis que l&rsquo;arm\u00e9e a pris le pouvoir en 2021, et la mission de maintien de la paix de l&rsquo;ONU se retire \u00e9galement.<\/p>\n<p>Gao, la plus grande ville du nord du Mali, situ\u00e9e \u00e0 environ 320 km \u00e0 l&rsquo;est de Tombouctou, est \u00e9galement soumise au blocus du JNIM.<\/p>\n<p>Le groupe militant a renforc\u00e9 son contr\u00f4le la semaine derni\u00e8re, un habitant local, qui a souhait\u00e9 rester anonyme, d\u00e9clarant \u00e0 la BBC que le manque de carburant paralysait l&rsquo;approvisionnement en \u00e9lectricit\u00e9 de la ville.<\/p>\n<p>Les maisons ne sont d\u00e9sormais aliment\u00e9es en \u00e9lectricit\u00e9 qu\u2019une heure par jour.<\/p>\n<p>\u00ab\u00a0Les gens ont peur \u00e0 cause de la guerre\u00a0\u00bb, a d\u00e9clar\u00e9 l&rsquo;homme. \u00ab\u00a0Ils ne sont pas satisfaits de la hausse des prix des denr\u00e9es alimentaires\u00a0\u00bb, a-t-il d\u00e9clar\u00e9, ajoutant que les co\u00fbts avaient doubl\u00e9.<\/p>\n<p>\u00ab\u00a0Beaucoup de familles ont quitt\u00e9 la ville.\u00a0\u00bb<\/p>\n<p>L&rsquo;\u00e9conomie de la ville est normalement centr\u00e9e sur le commerce avec le Niger et l&rsquo;Alg\u00e9rie voisins, mais les actions du JNIM ont pouss\u00e9 de nombreux commer\u00e7ants \u00e0 quitter la ville et laiss\u00e9 les rues d\u00e9sertes.<\/p>\n<h2>\u00ab\u00a0Pr\u00eat pour la bataille\u00a0\u00bb<\/h2>\n<p>Le blocus des deux villes intervient alors que des forces concurrentes au Mali se pr\u00e9cipitent pour combler le vide de pouvoir provoqu\u00e9 par le d\u00e9part des troupes internationales.<\/p>\n<p>L&rsquo;ONU a annonc\u00e9 la fin de sa mission en juin dernier et a d\u00e9clar\u00e9 que ses forces quitteraient progressivement le pays d&rsquo;ici d\u00e9cembre, apr\u00e8s que la junte militaire malienne a refus\u00e9 de prolonger leur mandat.<\/p>\n<p>Cela a conduit les troupes gouvernementales et les groupes s\u00e9paratistes touaregs \u00e0 s&rsquo;engager \u00e0 occuper les bases de la force situ\u00e9es dans le nord du pays, une zone sous contr\u00f4le touareg depuis un accord de paix de 2015.<\/p>\n<p>Les combats ont commenc\u00e9 en ao\u00fbt pour le contr\u00f4le d&rsquo;un site de l&rsquo;ONU dans la ville de Ber et se sont intensifi\u00e9s depuis. Le JNIM a \u00e9galement profit\u00e9 du chaos pour lancer ses propres attaques contre les forces gouvernementales.<\/p>\n<p>Des groupes touareg affirment avoir attaqu\u00e9 cinq bases militaires gouvernementales et ont d\u00e9clar\u00e9 le mois dernier dans des publications sur les r\u00e9seaux sociaux qu&rsquo;ils souhaitaient prendre le contr\u00f4le de l&rsquo;ensemble du nord du Mali, o\u00f9 ils souhaitent \u00e9tablir un \u00c9tat ind\u00e9pendant, appel\u00e9 Azawad.<\/p>\n<p>Dans le m\u00eame temps, le gouvernement militaire s&rsquo;est engag\u00e9 \u00e0 reprendre le contr\u00f4le de l&rsquo;ensemble du pays et a envoy\u00e9 lundi un important convoi militaire vers Kidal, une ville du nord qui constitue le principal bastion touareg.<\/p>\n<p>\u00ab\u00a0Nous consid\u00e9rons la s\u00e9curit\u00e9 dans tout le pays comme une priorit\u00e9 absolue\u00a0\u00bb, a d\u00e9clar\u00e9 le colonel Malick Diaw, un haut responsable de la junte, devant l&rsquo;Assembl\u00e9e l\u00e9gislative int\u00e9rimaire au d\u00e9but du mois.<\/p>\n<p>\u00ab\u00a0Nous travaillons avec [l&rsquo;arm\u00e9e] pour reconqu\u00e9rir nos terres, occup\u00e9es depuis longtemps par des hordes de barbares sans foi, sans loi ni religion, dont le seul objectif est de causer souffrance et mort \u00e0 des innocents qui n&rsquo;aspirent qu&rsquo;\u00e0 vivre dans paix.\u00a0\u00bb<\/p>\n<p>Mohamed Mouloude Ramadan, porte-parole de la coalition des groupes touaregs appel\u00e9e CMA, a d\u00e9clar\u00e9 \u00e0 la BBC : \u00ab\u00a0Nous allons les arr\u00eater, nous nous y pr\u00e9parons depuis longtemps.\u00a0\u00bb<\/p>\n<p>\u00ab\u00a0Nous pr\u00e9parons davantage de combattants pour la bataille.\u00a0\u00bb<\/p>\n<h2>Crise r\u00e9gionale<\/h2>\n<p>Le conflit menace de s&rsquo;\u00e9tendre hors du Mali et dans toute la r\u00e9gion africaine du Sahel, alors que le gouvernement et les rebelles touaregs ont appel\u00e9 au soutien international.<\/p>\n<p>Des groupes touaregs en Libye, en Alg\u00e9rie et au Niger ont exprim\u00e9 leur solidarit\u00e9 envers les s\u00e9paratistes du Mali, un chef rebelle nig\u00e9rien appelant les combattants \u00ab \u00e0 les rejoindre sur la ligne de front \u00bb.<\/p>\n<p>Ben Bella, leader de l&rsquo;alliance touar\u00e8gue CMA, a d\u00e9clar\u00e9 \u00e0 la BBC : \u00ab\u00a0Ces d\u00e9clarations seront suivies de l&rsquo;arriv\u00e9e de combattants du Niger, d&rsquo;Alg\u00e9rie et de Libye pour nous soutenir dans la bataille\u00a0\u00bb.<\/p>\n<p>\u00ab\u00a0Cette solidarit\u00e9 permettra de faire face \u00e0 l&rsquo;expansion russe dans la r\u00e9gion \u00e0 travers les gouvernements putschistes au Mali, au Niger et au Burkina Faso.\u00a0\u00bb<\/p>\n<p>Il y a trois semaines, la junte malienne a sign\u00e9 un accord de d\u00e9fense mutuelle avec le Burkina Faso et le Niger, chacun s&rsquo;engageant \u00e0 s&rsquo;entraider contre les r\u00e9bellions arm\u00e9es ou les agressions ext\u00e9rieures, suite \u00e0 la menace d&rsquo;autres pays d&rsquo;Afrique de l&rsquo;Ouest de recourir \u00e0 la force pour r\u00e9tablir un r\u00e9gime civil au Niger.<\/p>\n<p>Les trois pays sont sous r\u00e9gime militaire, suite aux coups d\u2019\u00c9tat des trois derni\u00e8res ann\u00e9es.<\/p>\n<p>Ces mesures ont conduit les forces militaires fran\u00e7aises, qui fournissaient une assistance s\u00e9curitaire contre l&rsquo;insurrection islamiste qui fait rage dans les trois voisins, \u00e0 se retirer du Mali et du Burkina Faso, tandis que les pr\u00e9paratifs pour quitter le Niger sont en cours.<\/p>\n<p>Le Mali s&rsquo;est depuis tourn\u00e9 vers le groupe de mercenaires russes Wagner pour obtenir une aide militaire, et des rumeurs ont circul\u00e9 selon lesquelles le Niger et le Burkina Faso pourraient suivre.<\/p>\n<p>Le Dr Alex Vines, directeur du programme Afrique du groupe de r\u00e9flexion Chatham House, a d\u00e9clar\u00e9 que le Niger, et surtout le Burkina Faso, ayant leurs propres probl\u00e8mes de s\u00e9curit\u00e9 int\u00e9rieure, il est peu probable qu&rsquo;ils soient en mesure d&rsquo;aider les forces arm\u00e9es du Mali.<\/p>\n<p>\u00ab\u00a0Ce que cette alliance est incapable de faire, c&rsquo;est de s&rsquo;apporter une solidarit\u00e9 militaire les uns aux autres\u00a0\u00bb, a-t-il d\u00e9clar\u00e9.<\/p>\n<p>Il a ajout\u00e9 que les forces mercenaires de Wagner ne semblaient pas en mesure de combler le vide laiss\u00e9 par les forces fran\u00e7aises et que \u00ab\u00a0les Russes ont eu des difficult\u00e9s et sont tr\u00e8s d\u00e9bord\u00e9s, compte tenu de leurs engagements ailleurs, notamment dans le conflit en Ukraine\u00a0\u00bb.<\/p>\n<p>Le Dr Vines a averti que l&rsquo;incapacit\u00e9 \u00e0 g\u00e9rer la crise dans le nord du Mali \u00ab rend la junte de Bamako vuln\u00e9rable \u00bb et qu&rsquo;un autre coup d&rsquo;\u00c9tat pourrait avoir lieu \u00ab si la junte militaire ne parvient pas \u00e0 r\u00e9pondre aux d\u00e9fis s\u00e9curitaires auxquels elle est actuellement confront\u00e9e \u00bb.<\/p>\n","protected":false},"excerpt":{"rendered":"<p>Les habitants des villes maliennes assi\u00e9g\u00e9es par des militants li\u00e9s \u00e0 Al-Qa\u00efda ont d\u00e9clar\u00e9 \u00e0 la BBC qu&rsquo;ils \u00e9taient confront\u00e9s \u00e0 des p\u00e9nuries de nourriture, de carburant et de m\u00e9dicaments, ainsi qu&rsquo;\u00e0 une hausse rapide des prix.<\/p>\n","protected":false},"author":1,"featured_media":9251,"comment_status":"closed","ping_status":"closed","sticky":false,"template":"","format":"standard","meta":{"iawp_total_views":7,"jnews-multi-image_gallery":[],"jnews_single_post":{"source_name":"","source_url":"","via_name":"","via_url":"","override_template":"0","override":[{"template":"1","single_blog_custom":"","parallax":"1","fullscreen":"1","layout":"right-sidebar","sidebar":"default-sidebar","second_sidebar":"default-sidebar","sticky_sidebar":"1","share_position":"topbottom","share_float_style":"share-monocrhome","show_share_counter":"1","show_view_counter":"0","show_featured":"1","show_post_meta":"1","show_post_author":"0","show_post_author_image":"1","show_post_date":"1","post_date_format":"default","post_date_format_custom":"Y\/m\/d","show_post_category":"1","show_post_reading_time":"0","post_reading_time_wpm":"300","show_zoom_button":"0","zoom_button_out_step":"2","zoom_button_in_step":"3","show_post_tag":"1","show_prev_next_post":"0","show_popup_post":"0","number_popup_post":"1","show_author_box":"0","show_post_related":"1","show_inline_post_related":"1"}],"override_image_size":"0","image_override":[{"single_post_thumbnail_size":"crop-500","single_post_gallery_size":"crop-500"}],"trending_post":"0","trending_post_position":"meta","trending_post_label":"Trending","sponsored_post":"0","sponsored_post_label":"Sponsored by","sponsored_post_name":"","sponsored_post_url":"","sponsored_post_logo_enable":"0","sponsored_post_logo":"","sponsored_post_desc":"","disable_ad":"0"},"jnews_primary_category":{"id":"","hide":""},"jnews_social_meta":{"fb_title":"","fb_description":"","fb_image":"","twitter_title":"","twitter_description":"","twitter_image":""},"jnews_override_counter":{"override_view_counter":"0","view_counter_number":"0","override_share_counter":"0","share_counter_number":"0","override_like_counter":"0","like_counter_number":"0","override_dislike_counter":"0","dislike_counter_number":"0"},"footnotes":""},"categories":[1,47],"tags":[1000,1002,1001],"class_list":["post-9250","post","type-post","status-publish","format-standard","has-post-thumbnail","hentry","category-analyse-rapport","category-politique","tag-crise-au-mali","tag-les-combattants-islamistes","tag-tombouctou-et-gao"],"_links":{"self":[{"href":"https:\/\/qiraatafrican.com\/fr\/wp-json\/wp\/v2\/posts\/9250","targetHints":{"allow":["GET"]}}],"collection":[{"href":"https:\/\/qiraatafrican.com\/fr\/wp-json\/wp\/v2\/posts"}],"about":[{"href":"https:\/\/qiraatafrican.com\/fr\/wp-json\/wp\/v2\/types\/post"}],"author":[{"embeddable":true,"href":"https:\/\/qiraatafrican.com\/fr\/wp-json\/wp\/v2\/users\/1"}],"replies":[{"embeddable":true,"href":"https:\/\/qiraatafrican.com\/fr\/wp-json\/wp\/v2\/comments?post=9250"}],"version-history":[{"count":0,"href":"https:\/\/qiraatafrican.com\/fr\/wp-json\/wp\/v2\/posts\/9250\/revisions"}],"wp:featuredmedia":[{"embeddable":true,"href":"https:\/\/qiraatafrican.com\/fr\/wp-json\/wp\/v2\/media\/9251"}],"wp:attachment":[{"href":"https:\/\/qiraatafrican.com\/fr\/wp-json\/wp\/v2\/media?parent=9250"}],"wp:term":[{"taxonomy":"category","embeddable":true,"href":"https:\/\/qiraatafrican.com\/fr\/wp-json\/wp\/v2\/categories?post=9250"},{"taxonomy":"post_tag","embeddable":true,"href":"https:\/\/qiraatafrican.com\/fr\/wp-json\/wp\/v2\/tags?post=9250"}],"curies":[{"name":"wp","href":"https:\/\/api.w.org\/{rel}","templated":true}]}}