{"id":9061,"date":"2023-09-19T14:22:31","date_gmt":"2023-09-19T14:22:31","guid":{"rendered":"https:\/\/qiraatafrican.com\/fr\/?p=9061"},"modified":"2023-09-19T14:22:31","modified_gmt":"2023-09-19T14:22:31","slug":"senegal-pastef-fait-appel-devant-la-cour-de-justice-de-la-cedeao-et-la-cour-supreme","status":"publish","type":"post","link":"https:\/\/qiraatafrican.com\/fr\/9061\/senegal-pastef-fait-appel-devant-la-cour-de-justice-de-la-cedeao-et-la-cour-supreme\/","title":{"rendered":"S\u00e9n\u00e9gal : Pastef fait appel devant la Cour de Justice de la CEDEAO et la Cour Supr\u00eame"},"content":{"rendered":"\n<p>Les avocats d&rsquo;Ousmane Sonko ont d\u00e9pos\u00e9 deux recours devant deux tribunaux. Ils demandent \u00e0 la Cour de justice de la Communaut\u00e9 \u00e9conomique des \u00c9tats de l&rsquo;Afrique de l&rsquo;Ouest (CEDEAO) d&rsquo;ordonner au gouvernement s\u00e9n\u00e9galais de suspendre la dissolution du parti Pastef et de r\u00e9tablir les droits politiques du parti en vue de l&rsquo;\u00e9lection pr\u00e9sidentielle pr\u00e9vue le 25 f\u00e9vrier 2024.<\/p>\n\n\n\n<p>Le premier appel a \u00e9t\u00e9 d\u00e9pos\u00e9 devant la Cour de Justice de la CEDEAO, le second aupr\u00e8s de la Cour Supr\u00eame du S\u00e9n\u00e9gal. Dans les deux cas, les avocats demandent l&rsquo;annulation ou au moins la suspension de la d\u00e9cision de dissolution du groupe politique d&rsquo;Ousmane Sonko.<\/p>\n\n\n\n<p>Pour Ma\u00eetre Abdullaye Tall, avocat et porte-parole de Pastef, il n&rsquo;existe aucun argument juridique pour justifier la dissolution intervenue le 31 juillet : \u00ab Le parti n&rsquo;a jamais enfreint la loi, et c&rsquo;est l&rsquo;une des rares formations politiques qui remplit ses obligations. de pr\u00e9senter un bilan financier annuel, c&rsquo;est donc un parti qui a toujours respect\u00e9 la loi de la R\u00e9publique.<\/p>\n\n\n\n<p>On esp\u00e8re que la Cour de justice de la CEDEAO donnera raison \u00e0 Pastef et d\u00e9clarera sa dissolution ill\u00e9gale, ce qui obligerait le S\u00e9n\u00e9gal \u00e0 revenir sur sa d\u00e9cision.<\/p>\n\n\n\n<p>Mais la grande question est de savoir combien de temps il faudra \u00e0 la Cour de justice de la Communaut\u00e9 des \u00c9tats de l\u2019Afrique de l\u2019Ouest pour prendre une d\u00e9cision. Il en va de m\u00eame pour la Cour supr\u00eame du S\u00e9n\u00e9gal, \u00e0 cinq mois de l&rsquo;\u00e9lection pr\u00e9sidentielle.<\/p>\n","protected":false},"excerpt":{"rendered":"<p>Les avocats d&rsquo;Ousmane Sonko ont d\u00e9pos\u00e9 deux recours devant deux tribunaux. Ils demandent \u00e0 la Cour de justice de la Communaut\u00e9 \u00e9conomique des \u00c9tats de l&rsquo;Afrique de l&rsquo;Ouest (CEDEAO) d&rsquo;ordonner au gouvernement s\u00e9n\u00e9galais de suspendre la dissolution du parti Pastef et de r\u00e9tablir les droits politiques du parti en vue de l&rsquo;\u00e9lection pr\u00e9sidentielle pr\u00e9vue le 25 f\u00e9vrier 2024.<\/p>\n","protected":false},"author":1,"featured_media":9062,"comment_status":"closed","ping_status":"closed","sticky":false,"template":"","format":"standard","meta":{"iawp_total_views":7,"jnews-multi-image_gallery":[],"jnews_single_post":{"subtitle":"","format":"standard","video":"","gallery":"","source_name":"","source_url":"","via_name":"","via_url":"","override_template":"0","override":[{"template":"1","single_blog_custom":"","parallax":"1","fullscreen":"1","layout":"right-sidebar","sidebar":"default-sidebar","second_sidebar":"default-sidebar","sticky_sidebar":"1","share_position":"topbottom","share_float_style":"share-monocrhome","show_share_counter":"1","show_view_counter":"0","show_featured":"1","show_post_meta":"1","show_post_author":"0","show_post_author_image":"1","show_post_date":"1","post_date_format":"default","post_date_format_custom":"Y\/m\/d","show_post_category":"1","show_post_reading_time":"0","post_reading_time_wpm":"300","show_zoom_button":"0","zoom_button_out_step":"2","zoom_button_in_step":"3","show_post_tag":"1","show_prev_next_post":"0","show_popup_post":"0","number_popup_post":"1","show_author_box":"0","show_post_related":"1","show_inline_post_related":"1"}],"override_image_size":"0","image_override":[{"single_post_thumbnail_size":"crop-500","single_post_gallery_size":"crop-500"}],"trending_post":"0","trending_post_position":"meta","trending_post_label":"Trending","sponsored_post":"0","sponsored_post_label":"Sponsored by","sponsored_post_name":"","sponsored_post_url":"","sponsored_post_logo_enable":"0","sponsored_post_logo":"","sponsored_post_desc":"","disable_ad":"0"},"jnews_primary_category":{"id":"","hide":""},"jnews_social_meta":{"fb_title":"","fb_description":"","fb_image":"","twitter_title":"","twitter_description":"","twitter_image":""},"jnews_override_counter":{"override_view_counter":"0","view_counter_number":"0","override_share_counter":"0","share_counter_number":"0","override_like_counter":"0","like_counter_number":"0","override_dislike_counter":"0","dislike_counter_number":"0"},"footnotes":""},"categories":[38],"tags":[112,668,6],"class_list":["post-9061","post","type-post","status-publish","format-standard","has-post-thumbnail","hentry","category-suivis","tag-cedeao","tag-ousmane-sonko","tag-senegal"],"_links":{"self":[{"href":"https:\/\/qiraatafrican.com\/fr\/wp-json\/wp\/v2\/posts\/9061","targetHints":{"allow":["GET"]}}],"collection":[{"href":"https:\/\/qiraatafrican.com\/fr\/wp-json\/wp\/v2\/posts"}],"about":[{"href":"https:\/\/qiraatafrican.com\/fr\/wp-json\/wp\/v2\/types\/post"}],"author":[{"embeddable":true,"href":"https:\/\/qiraatafrican.com\/fr\/wp-json\/wp\/v2\/users\/1"}],"replies":[{"embeddable":true,"href":"https:\/\/qiraatafrican.com\/fr\/wp-json\/wp\/v2\/comments?post=9061"}],"version-history":[{"count":0,"href":"https:\/\/qiraatafrican.com\/fr\/wp-json\/wp\/v2\/posts\/9061\/revisions"}],"wp:featuredmedia":[{"embeddable":true,"href":"https:\/\/qiraatafrican.com\/fr\/wp-json\/wp\/v2\/media\/9062"}],"wp:attachment":[{"href":"https:\/\/qiraatafrican.com\/fr\/wp-json\/wp\/v2\/media?parent=9061"}],"wp:term":[{"taxonomy":"category","embeddable":true,"href":"https:\/\/qiraatafrican.com\/fr\/wp-json\/wp\/v2\/categories?post=9061"},{"taxonomy":"post_tag","embeddable":true,"href":"https:\/\/qiraatafrican.com\/fr\/wp-json\/wp\/v2\/tags?post=9061"}],"curies":[{"name":"wp","href":"https:\/\/api.w.org\/{rel}","templated":true}]}}