{"id":8920,"date":"2023-09-01T17:50:00","date_gmt":"2023-09-01T17:50:00","guid":{"rendered":"https:\/\/qiraatafrican.com\/fr\/?p=8920"},"modified":"2023-09-01T17:50:01","modified_gmt":"2023-09-01T17:50:01","slug":"le-president-beninois-patrice-talon-a-pekin-pour-une-visite-detat-de-4-jours","status":"publish","type":"post","link":"https:\/\/qiraatafrican.com\/fr\/8920\/le-president-beninois-patrice-talon-a-pekin-pour-une-visite-detat-de-4-jours\/","title":{"rendered":"Le pr\u00e9sident b\u00e9ninois Patrice Talon \u00e0 P\u00e9kin pour une visite d&rsquo;\u00c9tat de 4 jours"},"content":{"rendered":"\n<p>Le pr\u00e9sident de la R\u00e9publique du B\u00e9nin, Patrice Talon, a entam\u00e9 jeudi 31 ao\u00fbt une visite d&rsquo;\u00c9tat de quatre jours en Chine. Il est arriv\u00e9 \u00e0 P\u00e9kin et a \u00e9t\u00e9 accueilli par le vice-ministre chinois des Affaires \u00e9trang\u00e8res.<\/p>\n\n\n\n<p>Au cours de cette visite, il devrait rencontrer son homologue le pr\u00e9sident Xi Jinping, puis le Premier ministre chinois et le plus haut l\u00e9gislateur chinois.<\/p>\n\n\n\n<p>La d\u00e9l\u00e9gation b\u00e9ninoise comprend le ministre des Finances, le ministre des Affaires \u00e9trang\u00e8res ainsi que le ministre de l&rsquo;Industrie et du Commerce.<\/p>\n\n\n\n<p>Le pr\u00e9sident Talon participera au sommet mondial du salon des services qui d\u00e9bute samedi.<\/p>\n\n\n\n<p>Le minist\u00e8re chinois des Affaires \u00e9trang\u00e8res a d\u00e9clar\u00e9 que la visite d&rsquo;\u00c9tat approfondirait davantage les liens \u00e9troits entre les deux pays ainsi que les liens entre la Chine et l&rsquo;Afrique.<\/p>\n\n\n\n<p>Le B\u00e9nin et la Chine ont c\u00e9l\u00e9br\u00e9 l\u2019ann\u00e9e derni\u00e8re le 50e anniversaire du r\u00e9tablissement des relations bilat\u00e9rales.<\/p>\n\n\n\n<p>Sources compl\u00e9mentaires \u2022 Pr\u00e9sidence du B\u00e9nin<\/p>\n","protected":false},"excerpt":{"rendered":"<p>Le pr\u00e9sident de la R\u00e9publique du B\u00e9nin, Patrice Talon, a entam\u00e9 jeudi 31 ao\u00fbt une visite d&rsquo;\u00c9tat de quatre jours en Chine. Il est arriv\u00e9 \u00e0 P\u00e9kin et a \u00e9t\u00e9 accueilli par le vice-ministre chinois des Affaires \u00e9trang\u00e8res.<\/p>\n","protected":false},"author":1,"featured_media":8921,"comment_status":"closed","ping_status":"closed","sticky":false,"template":"","format":"standard","meta":{"iawp_total_views":2,"jnews-multi-image_gallery":[],"jnews_single_post":{"subtitle":"","format":"standard","video":"","gallery":"","source_name":"","source_url":"","via_name":"","via_url":"","override_template":"0","override":[{"template":"1","single_blog_custom":"","parallax":"1","fullscreen":"1","layout":"right-sidebar","sidebar":"default-sidebar","second_sidebar":"default-sidebar","sticky_sidebar":"1","share_position":"topbottom","share_float_style":"share-monocrhome","show_share_counter":"1","show_view_counter":"0","show_featured":"1","show_post_meta":"1","show_post_author":"0","show_post_author_image":"1","show_post_date":"1","post_date_format":"default","post_date_format_custom":"Y\/m\/d","show_post_category":"1","show_post_reading_time":"0","post_reading_time_wpm":"300","show_zoom_button":"0","zoom_button_out_step":"2","zoom_button_in_step":"3","show_post_tag":"1","show_prev_next_post":"0","show_popup_post":"0","number_popup_post":"1","show_author_box":"0","show_post_related":"1","show_inline_post_related":"1"}],"override_image_size":"0","image_override":[{"single_post_thumbnail_size":"crop-500","single_post_gallery_size":"crop-500"}],"trending_post":"0","trending_post_position":"meta","trending_post_label":"Trending","sponsored_post":"0","sponsored_post_label":"Sponsored by","sponsored_post_name":"","sponsored_post_url":"","sponsored_post_logo_enable":"0","sponsored_post_logo":"","sponsored_post_desc":"","disable_ad":"0"},"jnews_primary_category":{"id":"","hide":""},"jnews_social_meta":{"fb_title":"","fb_description":"","fb_image":"","twitter_title":"","twitter_description":"","twitter_image":""},"jnews_override_counter":{"override_view_counter":"0","view_counter_number":"0","override_share_counter":"0","share_counter_number":"0","override_like_counter":"0","like_counter_number":"0","override_dislike_counter":"0","dislike_counter_number":"0"},"footnotes":""},"categories":[47,44],"tags":[823,824,826,825],"class_list":["post-8920","post","type-post","status-publish","format-standard","has-post-thumbnail","hentry","category-politique","category-afrique-de-louest","tag-le-president-beninois","tag-patrice-talon","tag-pekin","tag-visite-detat"],"_links":{"self":[{"href":"https:\/\/qiraatafrican.com\/fr\/wp-json\/wp\/v2\/posts\/8920","targetHints":{"allow":["GET"]}}],"collection":[{"href":"https:\/\/qiraatafrican.com\/fr\/wp-json\/wp\/v2\/posts"}],"about":[{"href":"https:\/\/qiraatafrican.com\/fr\/wp-json\/wp\/v2\/types\/post"}],"author":[{"embeddable":true,"href":"https:\/\/qiraatafrican.com\/fr\/wp-json\/wp\/v2\/users\/1"}],"replies":[{"embeddable":true,"href":"https:\/\/qiraatafrican.com\/fr\/wp-json\/wp\/v2\/comments?post=8920"}],"version-history":[{"count":0,"href":"https:\/\/qiraatafrican.com\/fr\/wp-json\/wp\/v2\/posts\/8920\/revisions"}],"wp:featuredmedia":[{"embeddable":true,"href":"https:\/\/qiraatafrican.com\/fr\/wp-json\/wp\/v2\/media\/8921"}],"wp:attachment":[{"href":"https:\/\/qiraatafrican.com\/fr\/wp-json\/wp\/v2\/media?parent=8920"}],"wp:term":[{"taxonomy":"category","embeddable":true,"href":"https:\/\/qiraatafrican.com\/fr\/wp-json\/wp\/v2\/categories?post=8920"},{"taxonomy":"post_tag","embeddable":true,"href":"https:\/\/qiraatafrican.com\/fr\/wp-json\/wp\/v2\/tags?post=8920"}],"curies":[{"name":"wp","href":"https:\/\/api.w.org\/{rel}","templated":true}]}}