{"id":888,"date":"2022-03-07T07:10:34","date_gmt":"2022-03-07T07:10:34","guid":{"rendered":"https:\/\/qiraatafrican.com\/fr\/?p=888"},"modified":"2022-03-07T07:10:34","modified_gmt":"2022-03-07T07:10:34","slug":"le-president-de-transition-burkinabe-annonce-la-formation-du-nouveau-gouvernement","status":"publish","type":"post","link":"https:\/\/qiraatafrican.com\/fr\/888\/le-president-de-transition-burkinabe-annonce-la-formation-du-nouveau-gouvernement\/","title":{"rendered":"Le Pr\u00e9sident de Transition Burkinab\u00e9 Annonce La Formation du Nouveau Gouvernement"},"content":{"rendered":"<p>Le nouveau chef de l&rsquo;Etat du Burkina Faso, le lieutenant-colonel Damiba, a annonc\u00e9 samedi la formation d&rsquo;un nouveau gouvernement, affirmant qu&rsquo;il conduirait le pays \u00e0 travers une p\u00e9riode de transition de trois ans.<\/p>\n<p>Le nouveau pouvoir ex\u00e9cutif est compos\u00e9 de 25 ministres, dont six femmes.<\/p>\n<p>Le nouveau chef de la transition a pris le pouvoir fin janvier apr\u00e8s avoir renvers\u00e9 le pr\u00e9sident \u00e9lu Roch Marc Christian Kabor\u00e9, l&rsquo;accusant d&rsquo;inefficacit\u00e9 face aux violences jihadistes qui s\u00e9vissent dans le pays.<\/p>\n<p>S&rsquo;exprimant samedi, Dmeiba a fait de la lutte contre le djihad et de la reconstruction de l&rsquo;\u00c9tat une priorit\u00e9.<\/p>\n<p>\u00c0 la suite du coup d&rsquo;\u00c9tat militaire, la Communaut\u00e9 \u00e9conomique des \u00c9tats de l&rsquo;Afrique de l&rsquo;Ouest a annonc\u00e9 la suspension de l&rsquo;adh\u00e9sion du Burkina Faso \u00e0 l&rsquo;organisation r\u00e9gionale.<\/p>\n<p>Le nouveau dirigeant du Burkina Faso a fix\u00e9 une p\u00e9riode de transition de trois ans pour un retour \u00e0 l&rsquo;ordre constitutionnel et des \u00e9lections libres.<\/p>\n","protected":false},"excerpt":{"rendered":"<p>Le nouveau chef de l&rsquo;Etat du Burkina Faso, le lieutenant-colonel Damiba, a annonc\u00e9 samedi la formation d&rsquo;un nouveau gouvernement, affirmant qu&rsquo;il conduirait le pays \u00e0 travers une p\u00e9riode de transition de trois ans. Le nouveau pouvoir ex\u00e9cutif est compos\u00e9 de 25 ministres, dont six femmes. Le nouveau chef de la transition a pris le pouvoir [&hellip;]<\/p>\n","protected":false},"author":1,"featured_media":0,"comment_status":"open","ping_status":"open","sticky":false,"template":"","format":"standard","meta":{"iawp_total_views":3,"jnews-multi-image_gallery":[],"jnews_single_post":{"source_name":"Africanews","source_url":"","via_name":"","via_url":"","override_template":"0","override":[{"template":"1","single_blog_custom":"","parallax":"1","fullscreen":"1","layout":"right-sidebar","sidebar":"default-sidebar","second_sidebar":"default-sidebar","sticky_sidebar":"1","share_position":"top","share_float_style":"share-monocrhome","show_share_counter":"1","show_view_counter":"1","show_featured":"1","show_post_meta":"1","show_post_author":"1","show_post_author_image":"1","show_post_date":"1","post_date_format":"default","post_date_format_custom":"Y\/m\/d","show_post_category":"1","show_post_reading_time":"0","post_reading_time_wpm":"300","show_zoom_button":"0","zoom_button_out_step":"2","zoom_button_in_step":"3","show_post_tag":"1","show_prev_next_post":"1","show_popup_post":"1","number_popup_post":"1","show_author_box":"0","show_post_related":"0","show_inline_post_related":"0"}],"override_image_size":"0","image_override":[{"single_post_thumbnail_size":"crop-500","single_post_gallery_size":"crop-500"}],"trending_post":"0","trending_post_position":"meta","trending_post_label":"Trending","sponsored_post":"0","sponsored_post_label":"Sponsored by","sponsored_post_name":"","sponsored_post_url":"","sponsored_post_logo_enable":"0","sponsored_post_logo":"","sponsored_post_desc":"","disable_ad":"0"},"jnews_primary_category":{"id":"5"},"jnews_social_meta":{"fb_title":"","fb_description":"","fb_image":"","twitter_title":"","twitter_description":"","twitter_image":""},"jnews_override_counter":{"override_view_counter":"0","view_counter_number":"0","override_share_counter":"0","share_counter_number":"0","override_like_counter":"0","like_counter_number":"0","override_dislike_counter":"0","dislike_counter_number":"0"},"footnotes":""},"categories":[5,44],"tags":[186,115,289,288],"class_list":["post-888","post","type-post","status-publish","format-standard","hentry","category-politique-africaine","category-afrique-de-louest","tag-afrique-de-louest","tag-burkina-faso","tag-la-formation-dun-nouveau-gouvernement","tag-le-president-de-transition-burkinabe"],"_links":{"self":[{"href":"https:\/\/qiraatafrican.com\/fr\/wp-json\/wp\/v2\/posts\/888","targetHints":{"allow":["GET"]}}],"collection":[{"href":"https:\/\/qiraatafrican.com\/fr\/wp-json\/wp\/v2\/posts"}],"about":[{"href":"https:\/\/qiraatafrican.com\/fr\/wp-json\/wp\/v2\/types\/post"}],"author":[{"embeddable":true,"href":"https:\/\/qiraatafrican.com\/fr\/wp-json\/wp\/v2\/users\/1"}],"replies":[{"embeddable":true,"href":"https:\/\/qiraatafrican.com\/fr\/wp-json\/wp\/v2\/comments?post=888"}],"version-history":[{"count":0,"href":"https:\/\/qiraatafrican.com\/fr\/wp-json\/wp\/v2\/posts\/888\/revisions"}],"wp:attachment":[{"href":"https:\/\/qiraatafrican.com\/fr\/wp-json\/wp\/v2\/media?parent=888"}],"wp:term":[{"taxonomy":"category","embeddable":true,"href":"https:\/\/qiraatafrican.com\/fr\/wp-json\/wp\/v2\/categories?post=888"},{"taxonomy":"post_tag","embeddable":true,"href":"https:\/\/qiraatafrican.com\/fr\/wp-json\/wp\/v2\/tags?post=888"}],"curies":[{"name":"wp","href":"https:\/\/api.w.org\/{rel}","templated":true}]}}