{"id":8781,"date":"2023-08-16T10:49:35","date_gmt":"2023-08-16T10:49:35","guid":{"rendered":"https:\/\/qiraatafrican.com\/fr\/?p=8781"},"modified":"2023-08-16T10:49:36","modified_gmt":"2023-08-16T10:49:36","slug":"pourquoi-les-miliciens-ethiopiens-amhara-combattent-larmee","status":"publish","type":"post","link":"https:\/\/qiraatafrican.com\/fr\/8781\/pourquoi-les-miliciens-ethiopiens-amhara-combattent-larmee\/","title":{"rendered":"Pourquoi les miliciens \u00e9thiopiens Amhara combattent l&rsquo;arm\u00e9e"},"content":{"rendered":"\n<p>Le Premier ministre \u00e9thiopien Abiy Ahmed s&rsquo;est retrouv\u00e9 au centre d&rsquo;un nouveau conflit &#8211; cette fois dans la r\u00e9gion d&rsquo;importance vitale d&rsquo;Amhara qui a rassembl\u00e9 ses troupes pour l&rsquo;aider \u00e0 contrecarrer une tentative des forces rivales tigr\u00e9ennes de le renverser.<\/p>\n\n\n\n<p>Le conflit est le dernier signe que M. Abiy se bat pour \u00eatre \u00e0 la hauteur de son prix Nobel &#8211; un honneur qui lui a \u00e9t\u00e9 d\u00e9cern\u00e9 en 2019 pour avoir mis fin aux hostilit\u00e9s de longue date avec l&rsquo;\u00c9rythr\u00e9e et mis l&rsquo;\u00c9thiopie sur la voie de la d\u00e9mocratie apr\u00e8s pr\u00e8s de trois d\u00e9cennies de fer- premi\u00e8re r\u00e8gle.<\/p>\n\n\n\n<p>Mais la r\u00e9putation de M. Abiy en tant que pacificateur et d\u00e9mocrate a \u00e9t\u00e9 encore plus ternie par le conflit \u00e0 Amhara &#8211; la deuxi\u00e8me plus grande r\u00e9gion d&rsquo;\u00c9thiopie.<\/p>\n\n\n\n<p>La violence a sonn\u00e9 l&rsquo;alarme au niveau international, Isra\u00ebl ayant \u00e9vacu\u00e9 ses citoyens et le peuple juif de la r\u00e9gion la semaine derni\u00e8re.<\/p>\n\n\n\n<h2 class=\"wp-block-heading\" id=\"h-alors-qui-se-bat-a-amhara\">Alors qui se bat \u00e0 Amhara ?<\/h2>\n\n\n\n<p><br>M. Abiy est confront\u00e9 \u00e0 un formidable d\u00e9fi lanc\u00e9 \u00e0 son pouvoir par des milices connues sous le nom de Fano &#8211; un mot amharique traduit vaguement par \u00ab\u00a0combattants volontaires\u00a0\u00bb. L&rsquo;expression a \u00e9t\u00e9 popularis\u00e9e dans les ann\u00e9es 1930, lorsque des \u00ab\u00a0combattants volontaires\u00a0\u00bb ont rejoint l&rsquo;arm\u00e9e de l&#8217;empereur Haile Selassie pour combattre les envahisseurs italiens.<\/p>\n\n\n\n<p>Il est encore utilis\u00e9 aujourd&rsquo;hui par les agriculteurs et les jeunes hommes qui ont form\u00e9 des milices pour d\u00e9fendre le peuple Amhara dont l&rsquo;avenir, selon eux, est menac\u00e9 par le gouvernement et d&rsquo;autres groupes ethniques.<\/p>\n\n\n\n<p>Bien qu&rsquo;elles n&rsquo;aient pas de structure de commandement unifi\u00e9e, ces milices &#8211; ou Fano &#8211; ont d\u00e9montr\u00e9 leur force ces derni\u00e8res semaines en :<\/p>\n\n\n\n<p>mener ce que le ministre \u00e9thiopien de la Paix, Binalf Andualem, a qualifi\u00e9 d'\u00a0\u00bbhorribles attaques\u00a0\u00bb contre des camps militaires<br>prendre bri\u00e8vement le contr\u00f4le de l&rsquo;a\u00e9roport de Lalibela, une ville historique c\u00e9l\u00e8bre pour ses \u00e9glises creus\u00e9es dans le roc<br>avan\u00e7ant dans les deux plus grandes villes r\u00e9gionales &#8211; Bahir Dar et Gondar &#8211; ainsi que dans la ville industrielle de Debrebirhan, avant d&rsquo;\u00eatre repouss\u00e9s par les forces gouvernementales<br>pillage d&rsquo;armes et de munitions dans les postes de police<br>faisant une descente dans une prison de Baher Dar et lib\u00e9rant des milliers de d\u00e9tenus &#8211; y compris d&rsquo;autres miliciens.<br>La crise est si grave que beaucoup de gens disent que le gouvernement de l&rsquo;\u00c9tat d&rsquo;Amhara &#8211; contr\u00f4l\u00e9 par le Parti de la prosp\u00e9rit\u00e9 (PP) au pouvoir de M. Abiy &#8211; est au bord de l&rsquo;effondrement, les principaux responsables ayant fui vers la capitale f\u00e9d\u00e9rale, Addis-Abeba, de peur d&rsquo;\u00eatre attaqu\u00e9. .<\/p>\n\n\n\n<h2 class=\"wp-block-heading\">Qu&rsquo;est-ce qui a d\u00e9clench\u00e9 le conflit ?<\/h2>\n\n\n\n<p><br>La violence remonte \u00e0 l&rsquo;accord de paix sign\u00e9 par le gouvernement f\u00e9d\u00e9ral et le Front de lib\u00e9ration du peuple du Tigr\u00e9 (TPLF) pour mettre fin \u00e0 la guerre civile de deux ans qui a vu les forces tigr\u00e9ennes avancer vers Addis-Abeba en 2021, avant d&rsquo;\u00eatre forc\u00e9es de se retirer vers le nord. .<\/p>\n\n\n\n<p>L&rsquo;accord &#8211; n\u00e9goci\u00e9 par l&rsquo;Union africaine (UA), avec le soutien des \u00c9tats-Unis &#8211; a \u00e9t\u00e9 largement salu\u00e9 comme une tentative de r\u00e9tablir la stabilit\u00e9 en \u00c9thiopie &#8211; un vaste pays qui a longtemps \u00e9t\u00e9 consid\u00e9r\u00e9 comme la cl\u00e9 de vo\u00fbte de la s\u00e9curit\u00e9 dans la Corne de l&rsquo;Afrique et comme le berceau de l&rsquo;unit\u00e9 panafricaine.<\/p>\n\n\n\n<p>Mais l&rsquo;accord a \u00e9t\u00e9 accueilli avec une profonde suspicion parmi les Amharas car ils ont \u00e9t\u00e9 exclus des pourparlers malgr\u00e9 le fait que les milices Fano et les forces sp\u00e9ciales Amhara &#8211; un groupe paramilitaire li\u00e9 au gouvernement r\u00e9gional &#8211; ont combattu aux c\u00f4t\u00e9s de l&rsquo;arm\u00e9e f\u00e9d\u00e9rale.<\/p>\n\n\n\n<p>L&rsquo;influent groupe de campagne bas\u00e9 aux \u00c9tats-Unis, l&rsquo;Amhara Association of America, est all\u00e9 jusqu&rsquo;\u00e0 le d\u00e9crire comme un \u00ab\u00a0pacte de guerre\u00a0\u00bb &#8211; une accusation d\u00e9mentie par le gouvernement de M. Abiy.<\/p>\n\n\n\n<p>N\u00e9anmoins, la perception a pris racine \u00e0 Amhara, surtout apr\u00e8s que M. Abiy a ensuite annonc\u00e9 son intention de d\u00e9manteler les forces sp\u00e9ciales pr\u00e9sentes dans chacune des 11 r\u00e9gions ethniques d&rsquo;\u00c9thiopie.<\/p>\n\n\n\n<p>Il a propos\u00e9 que les forces sp\u00e9ciales &#8211; dont on pense qu&rsquo;elles se comptent par dizaines de milliers &#8211; soient int\u00e9gr\u00e9es \u00e0 l&rsquo;arm\u00e9e et \u00e0 la police f\u00e9d\u00e9rales afin de favoriser l&rsquo;unit\u00e9 ethnique et d&#8217;emp\u00eacher les forces r\u00e9gionales d&rsquo;\u00eatre entra\u00een\u00e9es dans des conflits &#8211; comme ce fut le cas au Tigr\u00e9 lorsque ses forces sp\u00e9ciales ont rejoint la r\u00e9bellion contre le gouvernement de M. Abiy en 2020, plus de deux ans apr\u00e8s son accession au poste de Premier ministre.<\/p>\n\n\n\n<p>Mais de nombreux Amharas ont vu son plan comme un drapeau rouge, arguant qu&rsquo;il les rendrait vuln\u00e9rables aux attaques du Tigr\u00e9 voisin &#8211; leurs rivaux historiques pour la terre et le pouvoir en \u00c9thiopie.<\/p>\n\n\n\n<p>Bien que certaines des forces sp\u00e9ciales amhara aient accept\u00e9 de s&rsquo;int\u00e9grer dans l&rsquo;arm\u00e9e et la police, beaucoup d&rsquo;autres ont d\u00e9sert\u00e9 vers le Fano, se cachant dans les montagnes et les villages et utilisant leurs armes pour effectuer des raids sur les postes gouvernementaux et militaires.<\/p>\n\n\n\n<p>Dans certaines villes et villages, les milices ont essay\u00e9 d&rsquo;\u00e9tablir leurs propres administrations, mena\u00e7ant directement le pouvoir du gouvernement.<\/p>\n\n\n\n<h2 class=\"wp-block-heading\">Quelle a \u00e9t\u00e9 la r\u00e9ponse de M. Abiy ?<\/h2>\n\n\n\n<p><br>Jusqu&rsquo;\u00e0 pr\u00e9sent, le Premier ministre s&rsquo;est principalement appuy\u00e9 sur la force militaire, la chambre basse du Parlement ayant approuv\u00e9 lundi sa d\u00e9cision de d\u00e9clarer un \u00e9tat d&rsquo;urgence de six mois dans la r\u00e9gion.<\/p>\n\n\n\n<p>Cela a plac\u00e9 Amhara sous le contr\u00f4le de facto des services de s\u00e9curit\u00e9. La r\u00e9gion a \u00e9t\u00e9 divis\u00e9e en quatre postes de commandement, sous le contr\u00f4le g\u00e9n\u00e9ral d&rsquo;un comit\u00e9 pr\u00e9sid\u00e9 par le chef du renseignement Temesgen Tiruneh.<\/p>\n\n\n\n<p>Le d\u00e9ploiement massif de troupes a \u00e9t\u00e9 soutenu par la puissance a\u00e9rienne. Dimanche, une frappe a\u00e9rienne a \u00e9t\u00e9 men\u00e9e dans la ville de Finote Selam, tuant au moins 26 personnes lors d&rsquo;une manifestation anti-gouvernementale.<\/p>\n\n\n\n<p>Cela a aliment\u00e9 la sp\u00e9culation selon laquelle l&rsquo;arm\u00e9e utilisera de plus en plus sa puissance a\u00e9rienne pour repousser les gains territoriaux des Fano, bien qu&rsquo;elle comporte le risque de faire des victimes civiles.<\/p>\n\n\n\n<p>Le gouvernement n&rsquo;a ni confirm\u00e9 ni ni\u00e9 qu&rsquo;une frappe a\u00e9rienne ait eu lieu.<\/p>\n\n\n\n<p>Des couvre-feux nocturnes ont \u00e9t\u00e9 d\u00e9clar\u00e9s dans six villes &#8211; dont la capitale r\u00e9gionale, Bahir Dar &#8211; obligeant les gens \u00e0 rester \u00e0 l&rsquo;int\u00e9rieur.<\/p>\n\n\n\n<p>Les forces de s\u00e9curit\u00e9 ont \u00e9galement mis en place des points de contr\u00f4le dans toute la r\u00e9gion, avec des informations selon lesquelles de nombreux Amharas se sont vu interdire ces derniers mois de se rendre \u00e0 Addis-Abeba, ce qui soul\u00e8ve des inqui\u00e9tudes quant au profilage ethnique.<\/p>\n\n\n\n<p>Les autorit\u00e9s disent tenter d&#8217;emp\u00eacher les \u00e9ventuels fauteurs de trouble de s&rsquo;infiltrer dans la ville. Mais cela a aliment\u00e9 la col\u00e8re des Amharas et accru leur sentiment d&rsquo;ali\u00e9nation vis-\u00e0-vis du gouvernement f\u00e9d\u00e9ral.<\/p>\n\n\n\n<h2 class=\"wp-block-heading\">Quelle est la sortie de crise ?<\/h2>\n\n\n\n<p><br>Lors du d\u00e9bat parlementaire de lundi, l&rsquo;ancien ministre \u00e9thiopien des Affaires \u00e9trang\u00e8res Gedu Andargachew &#8211; qui \u00e9tait autrefois \u00e9galement le chef du gouvernement r\u00e9gional d&rsquo;Amhara &#8211; a d\u00e9clar\u00e9 qu&rsquo;il \u00e9tait clair que le parti au pouvoir avait perdu son soutien l\u00e0-bas.<\/p>\n\n\n\n<p>Il a d\u00e9clar\u00e9 qu&rsquo;il \u00e9tait n\u00e9cessaire d&rsquo;engager un dialogue et de former une nouvelle administration int\u00e9rimaire dans la r\u00e9gion, mais jusqu&rsquo;\u00e0 pr\u00e9sent, rien n&rsquo;indique que cela se produise.<\/p>\n\n\n\n<p>Certains analystes soulignent qu&rsquo;il y a \u00e9galement des conflits dans d&rsquo;autres parties de l&rsquo;\u00c9thiopie &#8211; y compris dans le c\u0153ur politique de M. Abiy, Oromia, o\u00f9 le groupe rebelle de l&rsquo;Arm\u00e9e de lib\u00e9ration d&rsquo;Oromo (OLA) se bat pour ce qu&rsquo;il appelle \u00ab\u00a0l&rsquo;autod\u00e9termination\u00a0\u00bb.<\/p>\n\n\n\n<p>Le gouvernement f\u00e9d\u00e9ral a tenu des pourparlers de paix avec les rebelles en avril, mais ils n&rsquo;ont pas r\u00e9ussi \u00e0 faire une perc\u00e9e, la r\u00e9gion \u00e9tant toujours touch\u00e9e par le conflit.<\/p>\n\n\n\n<p>Les Oromos forment le plus grand groupe ethnique d&rsquo;\u00c9thiopie, suivis des Amharas.<\/p>\n\n\n\n<p>L&rsquo;OLA a \u00e9t\u00e9 accus\u00e9e d&rsquo;atrocit\u00e9s g\u00e9n\u00e9ralis\u00e9es contre les Amharas \u00e0 Oromia, faisant craindre qu&rsquo;elle ne veuille les chasser de la r\u00e9gion. L&rsquo;OLA nie avoir cibl\u00e9 les Amharas.<\/p>\n\n\n\n<p>Lorsqu&rsquo;il a pris ses fonctions, M. Abiy a d\u00e9fendu sa vision de Mademer, ou \u00ab\u00a0rassemblement\u00a0\u00bb, et a mis fin \u00e0 la r\u00e9pression de l&rsquo;\u00c9tat en interdisant les groupes d&rsquo;opposition, en lib\u00e9rant les prisonniers politiques et en permettant aux exil\u00e9s de revenir.<\/p>\n\n\n\n<p>Il a \u00e9galement lanc\u00e9 le PP, une fusion de diff\u00e9rents partis fond\u00e9s sur l&rsquo;\u00e9thique, estimant que cela favoriserait la nation dans un pays o\u00f9 les loyaut\u00e9s \u00e9thiques sont fortes.<\/p>\n\n\n\n<p>Mais les critiques disent que l&rsquo;\u00c9thiopie est revenue \u00e0 un r\u00e9gime r\u00e9pressif, M. Abiy luttant pour obtenir le soutien populaire de sa vision &#8211; le dernier signe en date \u00e9tant le conflit \u00e0 Amhara.<\/p>\n\n\n\n<p>On ne sait pas ce que le Premier ministre pr\u00e9voit de faire ensuite, mais certains analystes disent qu&rsquo;il doit convoquer un forum national o\u00f9 les groupes politiques et ethniques peuvent discuter de la meilleure fa\u00e7on de r\u00e9soudre leurs diff\u00e9rends afin que la paix revienne dans une nation d\u00e9chir\u00e9e par le conflit.<\/p>\n","protected":false},"excerpt":{"rendered":"<p>Le Premier ministre \u00e9thiopien Abiy Ahmed s&rsquo;est retrouv\u00e9 au centre d&rsquo;un nouveau conflit &#8211; cette fois dans la r\u00e9gion d&rsquo;importance vitale d&rsquo;Amhara qui a rassembl\u00e9 ses troupes pour l&rsquo;aider \u00e0 contrecarrer une tentative des forces rivales tigr\u00e9ennes de le renverser.<\/p>\n","protected":false},"author":1,"featured_media":8782,"comment_status":"closed","ping_status":"closed","sticky":false,"template":"","format":"standard","meta":{"iawp_total_views":7,"jnews-multi-image_gallery":[],"jnews_single_post":{"subtitle":"","format":"standard","video":"","gallery":"","source_name":"","source_url":"","via_name":"","via_url":"","override_template":"0","override":[{"template":"1","single_blog_custom":"","parallax":"1","fullscreen":"1","layout":"right-sidebar","sidebar":"default-sidebar","second_sidebar":"default-sidebar","sticky_sidebar":"1","share_position":"topbottom","share_float_style":"share-monocrhome","show_share_counter":"1","show_view_counter":"0","show_featured":"1","show_post_meta":"1","show_post_author":"0","show_post_author_image":"1","show_post_date":"1","post_date_format":"default","post_date_format_custom":"Y\/m\/d","show_post_category":"1","show_post_reading_time":"0","post_reading_time_wpm":"300","show_zoom_button":"0","zoom_button_out_step":"2","zoom_button_in_step":"3","show_post_tag":"1","show_prev_next_post":"0","show_popup_post":"0","number_popup_post":"1","show_author_box":"0","show_post_related":"1","show_inline_post_related":"1"}],"override_image_size":"0","image_override":[{"single_post_thumbnail_size":"crop-500","single_post_gallery_size":"crop-500"}],"trending_post":"0","trending_post_position":"meta","trending_post_label":"Trending","sponsored_post":"0","sponsored_post_label":"Sponsored by","sponsored_post_name":"","sponsored_post_url":"","sponsored_post_logo_enable":"0","sponsored_post_logo":"","sponsored_post_desc":"","disable_ad":"0"},"jnews_primary_category":{"id":"","hide":""},"jnews_social_meta":{"fb_title":"","fb_description":"","fb_image":"","twitter_title":"","twitter_description":"","twitter_image":""},"jnews_override_counter":{"override_view_counter":"0","view_counter_number":"0","override_share_counter":"0","share_counter_number":"0","override_like_counter":"0","like_counter_number":"0","override_dislike_counter":"0","dislike_counter_number":"0"},"footnotes":""},"categories":[1,47],"tags":[729,203,730],"class_list":["post-8781","post","type-post","status-publish","format-standard","has-post-thumbnail","hentry","category-analyse-rapport","category-politique","tag-abiy-ahmed","tag-amhara","tag-ethiopie-2"],"_links":{"self":[{"href":"https:\/\/qiraatafrican.com\/fr\/wp-json\/wp\/v2\/posts\/8781","targetHints":{"allow":["GET"]}}],"collection":[{"href":"https:\/\/qiraatafrican.com\/fr\/wp-json\/wp\/v2\/posts"}],"about":[{"href":"https:\/\/qiraatafrican.com\/fr\/wp-json\/wp\/v2\/types\/post"}],"author":[{"embeddable":true,"href":"https:\/\/qiraatafrican.com\/fr\/wp-json\/wp\/v2\/users\/1"}],"replies":[{"embeddable":true,"href":"https:\/\/qiraatafrican.com\/fr\/wp-json\/wp\/v2\/comments?post=8781"}],"version-history":[{"count":0,"href":"https:\/\/qiraatafrican.com\/fr\/wp-json\/wp\/v2\/posts\/8781\/revisions"}],"wp:featuredmedia":[{"embeddable":true,"href":"https:\/\/qiraatafrican.com\/fr\/wp-json\/wp\/v2\/media\/8782"}],"wp:attachment":[{"href":"https:\/\/qiraatafrican.com\/fr\/wp-json\/wp\/v2\/media?parent=8781"}],"wp:term":[{"taxonomy":"category","embeddable":true,"href":"https:\/\/qiraatafrican.com\/fr\/wp-json\/wp\/v2\/categories?post=8781"},{"taxonomy":"post_tag","embeddable":true,"href":"https:\/\/qiraatafrican.com\/fr\/wp-json\/wp\/v2\/tags?post=8781"}],"curies":[{"name":"wp","href":"https:\/\/api.w.org\/{rel}","templated":true}]}}