{"id":8759,"date":"2023-08-15T10:08:20","date_gmt":"2023-08-15T10:08:20","guid":{"rendered":"https:\/\/qiraatafrican.com\/fr\/?p=8759"},"modified":"2023-08-15T10:08:21","modified_gmt":"2023-08-15T10:08:21","slug":"les-deputes-ethiopiens-approuvent-letat-durgence-dans-la-region-damhara","status":"publish","type":"post","link":"https:\/\/qiraatafrican.com\/fr\/8759\/les-deputes-ethiopiens-approuvent-letat-durgence-dans-la-region-damhara\/","title":{"rendered":"Les d\u00e9put\u00e9s \u00e9thiopiens approuvent l&rsquo;\u00e9tat d&rsquo;urgence dans la r\u00e9gion d&rsquo;Amhara"},"content":{"rendered":"\n<p>La Chambre des repr\u00e9sentants du peuple \u00e9thiopien vote en faveur de l&rsquo;\u00e9tat d&rsquo;urgence d\u00e9clar\u00e9 par le gouvernement f\u00e9d\u00e9ral face \u00e0 la violence dans la r\u00e9gion d&rsquo;Amhara.<\/p>\n\n\n\n<p>\u00ab\u00a0Les probl\u00e8mes de paix et de s\u00e9curit\u00e9 qui y sont li\u00e9s \u00e9branlent l&rsquo;ordre constitutionnel, pr\u00e9sentent un danger pour la souverainet\u00e9 du pays et la paix et la s\u00e9curit\u00e9 publiques. Par cons\u00e9quent, pour arr\u00eater la situation, d\u00e9clarer l&rsquo;\u00e9tat d&rsquo;urgence est devenu n\u00e9cessaire\u00a0\u00bb, a d\u00e9clar\u00e9 Tesfaye Beljige, whip en chef du gouvernement. . Des affrontements entre des membres de l&rsquo;arm\u00e9e \u00e9thiopienne et une milice locale connue sous le nom de Fano ont \u00e9clat\u00e9 au d\u00e9but du mois dans les villes et villages d&rsquo;Amhara apr\u00e8s des mois de tensions.<\/p>\n\n\n\n<h2 class=\"wp-block-heading\" id=\"h-une-frappe-aerienne-fait-au-moins-26-morts-dans-l-amhara-ethiopien\">Une frappe a\u00e9rienne fait au moins 26 morts dans l&rsquo;Amhara \u00e9thiopien <\/h2>\n\n\n\n<p>Une frappe a\u00e9rienne a tu\u00e9 au moins 26 personnes dans la r\u00e9gion assi\u00e9g\u00e9e d&rsquo;Amhara en \u00c9thiopie, ont d\u00e9clar\u00e9 lundi \u00e0 l&rsquo;AFP un responsable de l&rsquo;h\u00f4pital et un habitant, alors que des affrontements meurtriers secouent la r\u00e9gion.<\/p>\n\n\n\n<p>La gr\u00e8ve \u00e0 Finote Selam dimanche \u00e9tait la plus grave depuis que des affrontements entre des membres de l&rsquo;arm\u00e9e \u00e9thiopienne et une milice locale connue sous le nom de Fano ont \u00e9clat\u00e9 dans les villes et villages d&rsquo;Amhara apr\u00e8s des mois de tensions.<\/p>\n\n\n\n<p>Le responsable de l&rsquo;h\u00f4pital a d\u00e9clar\u00e9 avoir entendu l&rsquo;explosion alors qu&rsquo;il \u00e9tait de service vers 07h00 GMT.<\/p>\n\n\n\n<p>Un march\u00e9 avait lieu dans la ville, a-t-il ajout\u00e9, et toutes les victimes qui sont arriv\u00e9es \u00e0 l&rsquo;h\u00f4pital \u00ab\u00a0portaient soit des v\u00eatements civils d\u00e9contract\u00e9s, soit des v\u00eatements traditionnels du dimanche\u00a0\u00bb.<\/p>\n\n\n\n<p>\u00ab\u00a0Les victimes vont d&rsquo;un enfant de 13 ans \u00e0 des personnes \u00e2g\u00e9es\u00a0\u00bb, a-t-il d\u00e9clar\u00e9. \u00ab\u00a0Je n&rsquo;ai pas eu la chance de voir ce qui a caus\u00e9 l&rsquo;explosion\u2026 mais les habitants ont dit qu&rsquo;il s&rsquo;agissait d&rsquo;une frappe de drone\u00a0\u00bb.<\/p>\n\n\n\n<p>\u00ab\u00a0Vingt-deux corps ont \u00e9t\u00e9 transport\u00e9s \u00e0 l&rsquo;h\u00f4pital, tandis que quatre autres gri\u00e8vement bless\u00e9s sont d\u00e9c\u00e9d\u00e9s peu apr\u00e8s leur arriv\u00e9e\u00a0\u00bb.<\/p>\n\n\n\n<p>\u00ab\u00a0Nous avons jusqu&rsquo;\u00e0 pr\u00e9sent re\u00e7u 55 patients bless\u00e9s, dont plus de 40 gravement bless\u00e9s\u00a0\u00bb, a-t-il d\u00e9clar\u00e9, s&rsquo;exprimant sous couvert d&rsquo;anonymat pour des raisons de s\u00e9curit\u00e9.<\/p>\n\n\n\n<p>Un habitant arriv\u00e9 peu apr\u00e8s la gr\u00e8ve a d\u00e9clar\u00e9 \u00e0 l&rsquo;AFP qu&rsquo;il avait \u00ab\u00a0contribu\u00e9 \u00e0 l&rsquo;inhumation des corps de 30 victimes\u00a0\u00bb.<\/p>\n\n\n\n<p>Il a dit avoir vu \u00ab\u00a0un v\u00e9hicule de fret de taille moyenne avait \u00e9t\u00e9 compl\u00e8tement d\u00e9truit lors d&rsquo;une frappe a\u00e9rienne avec des cadavres \u00e9parpill\u00e9s autour du v\u00e9hicule\u00a0\u00bb.<\/p>\n\n\n\n<p>\u00ab\u00a0J&rsquo;ai entendu le bruit d&rsquo;un avion avant l&rsquo;attaque\u00a0\u00bb, qui a eu lieu au centre de la ville pr\u00e8s d&rsquo;un h\u00f4tel, a-t-il dit.<\/p>\n\n\n\n<p>Les deux sources ont d\u00e9clar\u00e9 qu&rsquo;au moment de la frappe, la ville \u00e9tait sous le contr\u00f4le de Fano, tandis que le r\u00e9sident a d\u00e9clar\u00e9 que l&rsquo;arm\u00e9e \u00e9thiopienne \u00e9tait arriv\u00e9e lundi.<\/p>\n\n\n\n<h2 class=\"wp-block-heading\">Morts civiles <\/h2>\n\n\n\n<p>Le gouvernement du Premier ministre Abiy Ahmed a impos\u00e9 un \u00e9tat d&rsquo;urgence de six mois dans tout l&rsquo;Amhara le 4 ao\u00fbt et plusieurs villes restent sous couvre-feu, bien que la violence ait diminu\u00e9 vers la fin de la semaine derni\u00e8re.<\/p>\n\n\n\n<p>Les troubles ont raviv\u00e9 les craintes quant \u00e0 la stabilit\u00e9 du deuxi\u00e8me pays le plus peupl\u00e9 d&rsquo;Afrique, sept mois apr\u00e8s qu&rsquo;un accord de paix a mis fin \u00e0 un conflit brutal de deux ans dans la r\u00e9gion voisine du Tigr\u00e9.<\/p>\n\n\n\n<p>L&rsquo;organisme \u00e9thiopien de surveillance des droits a exprim\u00e9 lundi sa \u00ab\u00a0grave pr\u00e9occupation\u00a0\u00bb face aux violents combats \u00e0 Amhara ce mois-ci et a condamn\u00e9 une vague d&rsquo;arrestations d&rsquo;Amharas.<\/p>\n\n\n\n<p>La Commission \u00e9thiopienne des droits de l&rsquo;homme, une organisation ind\u00e9pendante affili\u00e9e \u00e0 l&rsquo;\u00c9tat, a d\u00e9clar\u00e9 que les combats \u00e0 Amhara impliquaient l&rsquo;utilisation d&rsquo;artillerie lourde \u00ab\u00a0entra\u00eenant des morts et des bless\u00e9s parmi les civils\u00a0\u00bb.<\/p>\n\n\n\n<p>Aucun chiffre n&rsquo;a \u00e9t\u00e9 publi\u00e9 par les autorit\u00e9s, mais les m\u00e9decins de deux des villes touch\u00e9es ont d\u00e9clar\u00e9 \u00e0 l&rsquo;AFP la semaine derni\u00e8re qu&rsquo;il y avait eu des dizaines de morts et de bless\u00e9s parmi les civils.<\/p>\n\n\n\n<p>L&rsquo;EHRC a d\u00e9clar\u00e9 avoir re\u00e7u des informations cr\u00e9dibles faisant \u00e9tat de frappes tuant de nombreux civils dans trois villes, dont Finote Selam.<\/p>\n\n\n\n<p>Apr\u00e8s plusieurs jours d&rsquo;affrontements meurtriers, l&rsquo;arm\u00e9e a r\u00e9occup\u00e9 les principales villes d&rsquo;Amhara.<\/p>\n\n\n\n<p>L&rsquo;EHRC a d\u00e9clar\u00e9 que si de violents combats avaient diminu\u00e9 dans les principales zones urbaines depuis le 9 ao\u00fbt, \u00ab\u00a0ils se poursuivent dans d&rsquo;autres parties de la r\u00e9gion et restent une pr\u00e9occupation majeure jusqu&rsquo;\u00e0 ce qu&rsquo;une solution durable soit en place\u00a0\u00bb.<\/p>\n","protected":false},"excerpt":{"rendered":"<p>La Chambre des repr\u00e9sentants du peuple \u00e9thiopien vote en faveur de l&rsquo;\u00e9tat d&rsquo;urgence d\u00e9clar\u00e9 par le gouvernement f\u00e9d\u00e9ral face \u00e0 la violence dans la r\u00e9gion d&rsquo;Amhara.<\/p>\n","protected":false},"author":1,"featured_media":8760,"comment_status":"closed","ping_status":"closed","sticky":false,"template":"","format":"standard","meta":{"iawp_total_views":1,"jnews-multi-image_gallery":[],"jnews_single_post":{"subtitle":"","format":"standard","video":"","gallery":"","source_name":"","source_url":"","via_name":"","via_url":"","override_template":"0","override":[{"template":"1","single_blog_custom":"","parallax":"1","fullscreen":"1","layout":"right-sidebar","sidebar":"default-sidebar","second_sidebar":"default-sidebar","sticky_sidebar":"1","share_position":"topbottom","share_float_style":"share-monocrhome","show_share_counter":"1","show_view_counter":"0","show_featured":"1","show_post_meta":"1","show_post_author":"0","show_post_author_image":"1","show_post_date":"1","post_date_format":"default","post_date_format_custom":"Y\/m\/d","show_post_category":"1","show_post_reading_time":"0","post_reading_time_wpm":"300","show_zoom_button":"0","zoom_button_out_step":"2","zoom_button_in_step":"3","show_post_tag":"1","show_prev_next_post":"0","show_popup_post":"0","number_popup_post":"1","show_author_box":"0","show_post_related":"1","show_inline_post_related":"1"}],"override_image_size":"0","image_override":[{"single_post_thumbnail_size":"crop-500","single_post_gallery_size":"crop-500"}],"trending_post":"0","trending_post_position":"meta","trending_post_label":"Trending","sponsored_post":"0","sponsored_post_label":"Sponsored by","sponsored_post_name":"","sponsored_post_url":"","sponsored_post_logo_enable":"0","sponsored_post_logo":"","sponsored_post_desc":"","disable_ad":"0"},"jnews_primary_category":{"id":"","hide":""},"jnews_social_meta":{"fb_title":"","fb_description":"","fb_image":"","twitter_title":"","twitter_description":"","twitter_image":""},"jnews_override_counter":{"override_view_counter":"0","view_counter_number":"0","override_share_counter":"0","share_counter_number":"0","override_like_counter":"0","like_counter_number":"0","override_dislike_counter":"0","dislike_counter_number":"0"},"footnotes":""},"categories":[2,5],"tags":[729,203,730,728],"class_list":["post-8759","post","type-post","status-publish","format-standard","has-post-thumbnail","hentry","category-actualites-africaines","category-politique-africaine","tag-abiy-ahmed","tag-amhara","tag-ethiopie-2","tag-finote-selam"],"_links":{"self":[{"href":"https:\/\/qiraatafrican.com\/fr\/wp-json\/wp\/v2\/posts\/8759","targetHints":{"allow":["GET"]}}],"collection":[{"href":"https:\/\/qiraatafrican.com\/fr\/wp-json\/wp\/v2\/posts"}],"about":[{"href":"https:\/\/qiraatafrican.com\/fr\/wp-json\/wp\/v2\/types\/post"}],"author":[{"embeddable":true,"href":"https:\/\/qiraatafrican.com\/fr\/wp-json\/wp\/v2\/users\/1"}],"replies":[{"embeddable":true,"href":"https:\/\/qiraatafrican.com\/fr\/wp-json\/wp\/v2\/comments?post=8759"}],"version-history":[{"count":0,"href":"https:\/\/qiraatafrican.com\/fr\/wp-json\/wp\/v2\/posts\/8759\/revisions"}],"wp:featuredmedia":[{"embeddable":true,"href":"https:\/\/qiraatafrican.com\/fr\/wp-json\/wp\/v2\/media\/8760"}],"wp:attachment":[{"href":"https:\/\/qiraatafrican.com\/fr\/wp-json\/wp\/v2\/media?parent=8759"}],"wp:term":[{"taxonomy":"category","embeddable":true,"href":"https:\/\/qiraatafrican.com\/fr\/wp-json\/wp\/v2\/categories?post=8759"},{"taxonomy":"post_tag","embeddable":true,"href":"https:\/\/qiraatafrican.com\/fr\/wp-json\/wp\/v2\/tags?post=8759"}],"curies":[{"name":"wp","href":"https:\/\/api.w.org\/{rel}","templated":true}]}}