{"id":8662,"date":"2023-08-01T04:21:24","date_gmt":"2023-08-01T04:21:24","guid":{"rendered":"https:\/\/qiraatafrican.com\/fr\/?p=8662"},"modified":"2023-08-01T04:21:56","modified_gmt":"2023-08-01T04:21:56","slug":"wagner-interrompt-le-recrutement-des-combattants-et-se-concentre-sur-lafrique-et-la-bielorussie-prigozhin","status":"publish","type":"post","link":"https:\/\/qiraatafrican.com\/fr\/8662\/wagner-interrompt-le-recrutement-des-combattants-et-se-concentre-sur-lafrique-et-la-bielorussie-prigozhin\/","title":{"rendered":"Wagner interrompt le recrutement des combattants et se concentre sur l&rsquo;Afrique et la Bi\u00e9lorussie &#8211; Prigozhin"},"content":{"rendered":"\n<p><strong>Par Alexandra Fouch\u00e9<\/strong> | Nouvelles de la BBC<br><br>Le chef du groupe de mercenaires Wagner affirme qu&rsquo;il poursuivra ses activit\u00e9s en Afrique et en Bi\u00e9lorussie, mais qu&rsquo;il ne recrute pas actuellement de nouveaux combattants.<\/p>\n\n\n\n<p>Le groupe d\u00e9cidait de ses prochains objectifs, a d\u00e9clar\u00e9 Yevgeny Prigozhin dans un message audio publi\u00e9 par un compte Telegram li\u00e9 \u00e0 Wagner.<\/p>\n\n\n\n<p>Les combattants de Wagner ont jou\u00e9 un r\u00f4le cl\u00e9 lors de l&rsquo;invasion de l&rsquo;Ukraine par la Russie.<\/p>\n\n\n\n<p>En juin, plusieurs milliers d&rsquo;entre eux ont pris part \u00e0 une mutinerie de courte dur\u00e9e contre les dirigeants militaires russes.<\/p>\n\n\n\n<p>Dans son message audio, M. Prigozhin a d\u00e9clar\u00e9 que la plupart des combattants de Wagner \u00e9taient actuellement en cong\u00e9, car \u00ab\u00a0avant cela, il y avait une longue p\u00e9riode de travail tr\u00e8s dur\u00a0\u00bb.<\/p>\n\n\n\n<p>Il a d\u00e9clar\u00e9 que le groupe d\u00e9cidait des t\u00e2ches futures, qui seraient \u00ab\u00a0effectu\u00e9es pour la grandeur de la Russie\u00a0\u00bb.<\/p>\n\n\n\n<p>Le groupe resterait \u00ab\u00a0actif en Afrique et dans les centres de formation en Bi\u00e9lorussie\u00a0\u00bb, a-t-il ajout\u00e9 dans son message &#8211; qui a \u00e9t\u00e9 publi\u00e9 sur le compte Grey Zone.<\/p>\n\n\n\n<p>Il n&rsquo;a pas donn\u00e9 plus de d\u00e9tails, bien que Wagner soit connu pour \u00eatre actif dans plusieurs r\u00e9gions d&rsquo;Afrique. Ses combattants se sont \u00e9galement rendus en Bi\u00e9lorussie pour former les forces de d\u00e9fense territoriale.<\/p>\n\n\n\n<p>\u00ab\u00a0Bien que nous ne connaissions pas de d\u00e9ficit de personnel, nous n&rsquo;envisageons pas de proc\u00e9der \u00e0 de nouveaux recrutements\u00a0\u00bb, a d\u00e9clar\u00e9 M. Prigozhin. \u00ab\u00a0Cependant, nous vous serons extr\u00eamement reconnaissants si vous restez en contact avec nous, et d\u00e8s que la Patrie aura besoin d&rsquo;un nouveau groupe qui sera en mesure de prot\u00e9ger les int\u00e9r\u00eats de notre pays, nous commencerons certainement \u00e0 recruter.\u00a0\u00bb<\/p>\n\n\n\n<p>Il a ajout\u00e9 qu&rsquo;aucune restriction n&rsquo;\u00e9tait impos\u00e9e \u00e0 ses combattants pour qu&rsquo;ils soient transf\u00e9r\u00e9s dans \u00ab\u00a0d&rsquo;autres structures de pouvoir\u00a0\u00bb de la Russie, et \u00ab\u00a0malheureusement, certains\u00a0\u00bb ont accept\u00e9 de le faire.<\/p>\n\n\n\n<p>Apr\u00e8s l&rsquo;\u00e9chec de la mutinerie de Wagner le 24 juin, le pr\u00e9sident Vladimir Poutine a invit\u00e9 les combattants du groupe qui n&rsquo;avaient pas pris part au soul\u00e8vement \u00e0 signer des contrats avec le minist\u00e8re russe de la D\u00e9fense.<\/p>\n\n\n\n<p>Par ailleurs, au moins six personnes ont \u00e9t\u00e9 tu\u00e9es lundi matin dans la ville ukrainienne de Kryvyi Rih apr\u00e8s des tirs de missiles russes, selon le minist\u00e8re de l&rsquo;Int\u00e9rieur.<\/p>\n\n\n\n<p>Pendant ce temps, une attaque de drone a \u00e9t\u00e9 signal\u00e9e dans la r\u00e9gion frontali\u00e8re russe de Bryansk \u2013 le gouverneur Alexander Bogomaz ayant d\u00e9clar\u00e9 qu&rsquo;un poste de police avait \u00e9t\u00e9 touch\u00e9.<\/p>\n\n\n\n<p>Samedi, des responsables russes ont d\u00e9clar\u00e9 que trois drones ukrainiens avaient \u00e9t\u00e9 abattus \u00e0 Moscou \u2013 le dernier d&rsquo;une s\u00e9rie d&rsquo;attaques de drones sur la capitale russe.<\/p>\n\n\n\n<p>Le maire de Moscou, Sergue\u00ef Sobianine, a accus\u00e9 l&rsquo;Ukraine d&rsquo;\u00eatre responsable de l&rsquo;attaque, au cours de laquelle deux immeubles de bureaux ont \u00e9t\u00e9 endommag\u00e9s, bien qu&rsquo;il n&rsquo;y ait eu aucune victime.<\/p>\n\n\n\n<p>Le pr\u00e9sident ukrainien Volodymyr Zelensky a averti que la guerre revenait en Russie et que les attaques sur le territoire russe \u00e9taient un \u00ab\u00a0processus in\u00e9vitable, naturel et absolument juste\u00a0\u00bb de la guerre entre les deux pays.<\/p>\n","protected":false},"excerpt":{"rendered":"<p>Le chef du groupe de mercenaires Wagner affirme qu&rsquo;il poursuivra ses activit\u00e9s en Afrique et en Bi\u00e9lorussie, mais qu&rsquo;il ne recrute pas actuellement de nouveaux combattants.<\/p>\n","protected":false},"author":1,"featured_media":8663,"comment_status":"closed","ping_status":"closed","sticky":false,"template":"","format":"standard","meta":{"iawp_total_views":8,"jnews-multi-image_gallery":[],"jnews_single_post":{"subtitle":"","format":"standard","video":"","gallery":"","source_name":"","source_url":"","via_name":"","via_url":"","override_template":"0","override":[{"template":"1","single_blog_custom":"","parallax":"1","fullscreen":"1","layout":"right-sidebar","sidebar":"default-sidebar","second_sidebar":"default-sidebar","sticky_sidebar":"1","share_position":"topbottom","share_float_style":"share-monocrhome","show_share_counter":"1","show_view_counter":"0","show_featured":"1","show_post_meta":"1","show_post_author":"0","show_post_author_image":"1","show_post_date":"1","post_date_format":"default","post_date_format_custom":"Y\/m\/d","show_post_category":"1","show_post_reading_time":"0","post_reading_time_wpm":"300","show_zoom_button":"0","zoom_button_out_step":"2","zoom_button_in_step":"3","show_post_tag":"1","show_prev_next_post":"0","show_popup_post":"0","number_popup_post":"1","show_author_box":"0","show_post_related":"1","show_inline_post_related":"1"}],"override_image_size":"0","image_override":[{"single_post_thumbnail_size":"crop-500","single_post_gallery_size":"crop-500"}],"trending_post":"0","trending_post_position":"meta","trending_post_label":"Trending","sponsored_post":"0","sponsored_post_label":"Sponsored by","sponsored_post_name":"","sponsored_post_url":"","sponsored_post_logo_enable":"0","sponsored_post_logo":"","sponsored_post_desc":"","disable_ad":"0"},"jnews_primary_category":{"id":"","hide":""},"jnews_social_meta":{"fb_title":"","fb_description":"","fb_image":"","twitter_title":"","twitter_description":"","twitter_image":""},"jnews_override_counter":{"override_view_counter":"0","view_counter_number":"0","override_share_counter":"0","share_counter_number":"0","override_like_counter":"0","like_counter_number":"0","override_dislike_counter":"0","dislike_counter_number":"0"},"footnotes":""},"categories":[1,47],"tags":[],"class_list":["post-8662","post","type-post","status-publish","format-standard","has-post-thumbnail","hentry","category-analyse-rapport","category-politique"],"_links":{"self":[{"href":"https:\/\/qiraatafrican.com\/fr\/wp-json\/wp\/v2\/posts\/8662","targetHints":{"allow":["GET"]}}],"collection":[{"href":"https:\/\/qiraatafrican.com\/fr\/wp-json\/wp\/v2\/posts"}],"about":[{"href":"https:\/\/qiraatafrican.com\/fr\/wp-json\/wp\/v2\/types\/post"}],"author":[{"embeddable":true,"href":"https:\/\/qiraatafrican.com\/fr\/wp-json\/wp\/v2\/users\/1"}],"replies":[{"embeddable":true,"href":"https:\/\/qiraatafrican.com\/fr\/wp-json\/wp\/v2\/comments?post=8662"}],"version-history":[{"count":0,"href":"https:\/\/qiraatafrican.com\/fr\/wp-json\/wp\/v2\/posts\/8662\/revisions"}],"wp:featuredmedia":[{"embeddable":true,"href":"https:\/\/qiraatafrican.com\/fr\/wp-json\/wp\/v2\/media\/8663"}],"wp:attachment":[{"href":"https:\/\/qiraatafrican.com\/fr\/wp-json\/wp\/v2\/media?parent=8662"}],"wp:term":[{"taxonomy":"category","embeddable":true,"href":"https:\/\/qiraatafrican.com\/fr\/wp-json\/wp\/v2\/categories?post=8662"},{"taxonomy":"post_tag","embeddable":true,"href":"https:\/\/qiraatafrican.com\/fr\/wp-json\/wp\/v2\/tags?post=8662"}],"curies":[{"name":"wp","href":"https:\/\/api.w.org\/{rel}","templated":true}]}}