{"id":8624,"date":"2023-07-30T07:31:56","date_gmt":"2023-07-30T07:31:56","guid":{"rendered":"https:\/\/qiraatafrican.com\/fr\/?p=8624"},"modified":"2023-07-30T07:34:46","modified_gmt":"2023-07-30T07:34:46","slug":"chef-de-la-junte-nigerienne-cinq-choses","status":"publish","type":"post","link":"https:\/\/qiraatafrican.com\/fr\/8624\/chef-de-la-junte-nigerienne-cinq-choses\/","title":{"rendered":"Pr\u00e9sident du Conseil militaire nig\u00e9rian : cinq choses \u00e0 savoir"},"content":{"rendered":"\n<p>Le g\u00e9n\u00e9ral Abdourahmane Tchiani, \u00e9galement connu sous le pseudonyme d&rsquo;Omar Tchiani, a \u00e9t\u00e9 nomm\u00e9 chef de la junte qui a pris le pouvoir au Niger mercredi, renversant le pr\u00e9sident d\u00e9mocratiquement \u00e9lu Mohamed Bazoum.<\/p>\n\n\n\n<p><strong>Voici cinq choses que nous savons sur lui :<\/strong><\/p>\n\n\n\n<ul class=\"wp-block-list\">\n<li>Gen Tchiani, 62 ans, est \u00e0 la t\u00eate de la garde pr\u00e9sidentielle depuis 2011<\/li>\n\n\n\n<li>La force de 700 hommes a \u00e9t\u00e9 cr\u00e9\u00e9e par le pr\u00e9d\u00e9cesseur du pr\u00e9sident d\u00e9chu, Mahamadou Issoufou, pour se pr\u00e9munir contre les coups d&rsquo;\u00c9tat militaires.<\/li>\n\n\n\n<li>Il \u00e9tait li\u00e9 \u00e0 une tentative de coup d&rsquo;\u00c9tat de 2015 contre M. Issoufou. Une affaire judiciaire ult\u00e9rieure en 2018 l&rsquo;a disculp\u00e9 de toute implication<\/li>\n\n\n\n<li>Il a \u00e9t\u00e9 promu au grade de g\u00e9n\u00e9ral en 2018 par M. Issoufou<\/li>\n\n\n\n<li>Avant le coup d&rsquo;\u00c9tat militaire, le pr\u00e9sident Bazoum avait pr\u00e9vu de destituer le g\u00e9n\u00e9ral dans le cadre des changements qu&rsquo;il avait apport\u00e9s aux forces de s\u00e9curit\u00e9, rapporte le journal priv\u00e9 nig\u00e9rien L&rsquo;Enqueteur.<\/li>\n<\/ul>\n","protected":false},"excerpt":{"rendered":"<p>Le g\u00e9n\u00e9ral Abdourahmane Tchiani, \u00e9galement connu sous le pseudonyme d&rsquo;Omar Tchiani, a \u00e9t\u00e9 nomm\u00e9 chef de la junte qui a pris le pouvoir au Niger mercredi, renversant le pr\u00e9sident d\u00e9mocratiquement \u00e9lu Mohamed Bazoum.<\/p>\n","protected":false},"author":1,"featured_media":8625,"comment_status":"closed","ping_status":"closed","sticky":false,"template":"","format":"standard","meta":{"iawp_total_views":11,"jnews-multi-image_gallery":[],"jnews_single_post":{"subtitle":"","format":"standard","video":"","gallery":"","source_name":"","source_url":"","via_name":"","via_url":"","override_template":"0","override":[{"template":"1","single_blog_custom":"","parallax":"1","fullscreen":"1","layout":"right-sidebar","sidebar":"default-sidebar","second_sidebar":"default-sidebar","sticky_sidebar":"1","share_position":"topbottom","share_float_style":"share-monocrhome","show_share_counter":"1","show_view_counter":"0","show_featured":"1","show_post_meta":"1","show_post_author":"0","show_post_author_image":"1","show_post_date":"1","post_date_format":"default","post_date_format_custom":"Y\/m\/d","show_post_category":"1","show_post_reading_time":"0","post_reading_time_wpm":"300","show_zoom_button":"0","zoom_button_out_step":"2","zoom_button_in_step":"3","show_post_tag":"1","show_prev_next_post":"0","show_popup_post":"0","number_popup_post":"1","show_author_box":"0","show_post_related":"1","show_inline_post_related":"1"}],"override_image_size":"0","image_override":[{"single_post_thumbnail_size":"crop-500","single_post_gallery_size":"crop-500"}],"trending_post":"0","trending_post_position":"meta","trending_post_label":"Trending","sponsored_post":"0","sponsored_post_label":"Sponsored by","sponsored_post_name":"","sponsored_post_url":"","sponsored_post_logo_enable":"0","sponsored_post_logo":"","sponsored_post_desc":"","disable_ad":"0"},"jnews_primary_category":{"id":"44","hide":""},"jnews_social_meta":{"fb_title":"","fb_description":"","fb_image":"","twitter_title":"","twitter_description":"","twitter_image":""},"jnews_override_counter":{"override_view_counter":"0","view_counter_number":"0","override_share_counter":"0","share_counter_number":"0","override_like_counter":"0","like_counter_number":"0","override_dislike_counter":"0","dislike_counter_number":"0"},"footnotes":""},"categories":[1,47],"tags":[652,653,654],"class_list":["post-8624","post","type-post","status-publish","format-standard","has-post-thumbnail","hentry","category-analyse-rapport","category-politique","tag-chef-de-la-junte-nigerienne","tag-general-abdourahmane-tchiani","tag-omar-tchiani"],"_links":{"self":[{"href":"https:\/\/qiraatafrican.com\/fr\/wp-json\/wp\/v2\/posts\/8624","targetHints":{"allow":["GET"]}}],"collection":[{"href":"https:\/\/qiraatafrican.com\/fr\/wp-json\/wp\/v2\/posts"}],"about":[{"href":"https:\/\/qiraatafrican.com\/fr\/wp-json\/wp\/v2\/types\/post"}],"author":[{"embeddable":true,"href":"https:\/\/qiraatafrican.com\/fr\/wp-json\/wp\/v2\/users\/1"}],"replies":[{"embeddable":true,"href":"https:\/\/qiraatafrican.com\/fr\/wp-json\/wp\/v2\/comments?post=8624"}],"version-history":[{"count":0,"href":"https:\/\/qiraatafrican.com\/fr\/wp-json\/wp\/v2\/posts\/8624\/revisions"}],"wp:featuredmedia":[{"embeddable":true,"href":"https:\/\/qiraatafrican.com\/fr\/wp-json\/wp\/v2\/media\/8625"}],"wp:attachment":[{"href":"https:\/\/qiraatafrican.com\/fr\/wp-json\/wp\/v2\/media?parent=8624"}],"wp:term":[{"taxonomy":"category","embeddable":true,"href":"https:\/\/qiraatafrican.com\/fr\/wp-json\/wp\/v2\/categories?post=8624"},{"taxonomy":"post_tag","embeddable":true,"href":"https:\/\/qiraatafrican.com\/fr\/wp-json\/wp\/v2\/tags?post=8624"}],"curies":[{"name":"wp","href":"https:\/\/api.w.org\/{rel}","templated":true}]}}