{"id":8615,"date":"2023-07-27T18:19:55","date_gmt":"2023-07-27T18:19:55","guid":{"rendered":"https:\/\/qiraatafrican.com\/fr\/?p=8615"},"modified":"2023-07-27T18:19:56","modified_gmt":"2023-07-27T18:19:56","slug":"le-coup-detat-au-niger-na-pas-surpris-certains-analystes-et-observateurs-politiques","status":"publish","type":"post","link":"https:\/\/qiraatafrican.com\/fr\/8615\/le-coup-detat-au-niger-na-pas-surpris-certains-analystes-et-observateurs-politiques\/","title":{"rendered":"Le coup d&rsquo;\u00c9tat au Niger n&rsquo;a pas surpris certains analystes et observateurs politiques."},"content":{"rendered":"\n<p>En tant que seul pays du G5 Sahel, avec la Mauritanie, non gouvern\u00e9 par un r\u00e9gime militaire, le Niger a \u00e9t\u00e9 quelque peu isol\u00e9.<\/p>\n\n\n\n<p>Ajoutez \u00e0 cela un cocktail d&rsquo;ins\u00e9curit\u00e9 et de corruption et ce n&rsquo;\u00e9tait qu&rsquo;une question de temps, estime l&rsquo;analyste Garba Moussa.<\/p>\n\n\n\n<p>\u00ab\u00a0Depuis f\u00e9vrier, il y a eu des allusions \u00e0 un coup d&rsquo;\u00c9tat, mais nous ne savions pas d&rsquo;o\u00f9 cela viendrait\u00a0\u00bb, explique-t-il.<\/p>\n\n\n\n<p>\u00ab\u00a0Aujourd&rsquo;hui, nous avons vu que c&rsquo;\u00e9tait de l&rsquo;int\u00e9rieur de la garde pr\u00e9sidentielle. Des \u00e9l\u00e9ments mutin\u00e9s ont arr\u00eat\u00e9 le pr\u00e9sident.<\/p>\n\n\n\n<p>\u00ab\u00a0Donc, pour les autres unit\u00e9s, comme la garde nationale et les forces sp\u00e9ciales, c&rsquo;est ce qu&rsquo;ils attendaient pour prendre le pouvoir.\u00a0\u00bb<\/p>\n\n\n\n<p>Une autre cause probable, selon Moussa, est la pression exerc\u00e9e sur Niamey, la capitale, plus vuln\u00e9rable aux attaques jihadistes.<\/p>\n\n\n\n<p>\u00ab\u00a0Des 3 pays, le Mali et le Niger, notre capitale est beaucoup plus proche des zones d&rsquo;ins\u00e9curit\u00e9 comme la r\u00e9gion de Tilab\u00e9ri et d&rsquo;autres.<\/p>\n\n\n\n<p>\u00ab\u00a0En cons\u00e9quence, il y a une pression de la population ou des r\u00e9fugi\u00e9s \u00e0 Niamey.<\/p>\n\n\n\n<p>\u00ab\u00a0Nous avons aussi des proches qui sont oblig\u00e9s de quitter leurs zones habituelles de r\u00e9sidence vers des zones o\u00f9 ils n&rsquo;ont ni logement, ni pouvoir \u00e9conomique, ce qui entra\u00eene une lassitude dans la population en g\u00e9n\u00e9ral\u00a0\u00bb.<\/p>\n\n\n\n<p>Apr\u00e8s le Mali, le Burkina Faso et la Guin\u00e9e, certains pensent que le putsch est le sympt\u00f4me d&rsquo;un recul de la d\u00e9mocratie. Mais Moussa sugg\u00e8re que ce n&rsquo;est peut-\u00eatre pas le cas, compte tenu de la corruption et de la mauvaise gouvernance d\u00e9nonc\u00e9es depuis des ann\u00e9es.<\/p>\n\n\n\n<p>Les jeunes et les zones rurales en paient le prix, dit-il.<\/p>\n\n\n\n<p>\u00ab\u00a0D&rsquo;un c\u00f4t\u00e9, il y a les jeunes qui n&rsquo;ont pas d&#8217;emploi et sans espoir. De l&rsquo;autre, il y a le Niger rural, qui est oblig\u00e9 d&rsquo;aller mendier dans la sous-r\u00e9gion.<\/p>\n\n\n\n<p>\u00ab\u00a0Donc, au total, il y a simplement une sorte d&rsquo;\u00e9lite qui a monopolis\u00e9 le pouvoir \u00e9conomique sans penser \u00e0 redistribuer les revenus.<\/p>\n\n\n\n<p>\u00ab\u00a0Donc, \u00e0 mon avis, tout changement \u00e0 un moment donn\u00e9 nous donnera de l&rsquo;espoir.\u00a0\u00bb<\/p>\n","protected":false},"excerpt":{"rendered":"<p>Le coup d&rsquo;\u00c9tat au Niger n&rsquo;a pas \u00e9t\u00e9 une surprise, selon un analyste<\/p>\n","protected":false},"author":1,"featured_media":8616,"comment_status":"closed","ping_status":"closed","sticky":false,"template":"","format":"standard","meta":{"iawp_total_views":4,"jnews-multi-image_gallery":[],"jnews_single_post":{"subtitle":"","format":"standard","video":"","gallery":"","source_name":"","source_url":"","via_name":"","via_url":"","override_template":"0","override":[{"template":"1","single_blog_custom":"","parallax":"1","fullscreen":"1","layout":"right-sidebar","sidebar":"default-sidebar","second_sidebar":"default-sidebar","sticky_sidebar":"1","share_position":"topbottom","share_float_style":"share-monocrhome","show_share_counter":"1","show_view_counter":"0","show_featured":"1","show_post_meta":"1","show_post_author":"0","show_post_author_image":"1","show_post_date":"1","post_date_format":"default","post_date_format_custom":"Y\/m\/d","show_post_category":"1","show_post_reading_time":"0","post_reading_time_wpm":"300","show_zoom_button":"0","zoom_button_out_step":"2","zoom_button_in_step":"3","show_post_tag":"1","show_prev_next_post":"0","show_popup_post":"0","number_popup_post":"1","show_author_box":"0","show_post_related":"1","show_inline_post_related":"1"}],"override_image_size":"0","image_override":[{"single_post_thumbnail_size":"crop-500","single_post_gallery_size":"crop-500"}],"trending_post":"0","trending_post_position":"meta","trending_post_label":"Trending","sponsored_post":"0","sponsored_post_label":"Sponsored by","sponsored_post_name":"","sponsored_post_url":"","sponsored_post_logo_enable":"0","sponsored_post_logo":"","sponsored_post_desc":"","disable_ad":"0"},"jnews_primary_category":{"id":"44","hide":""},"jnews_social_meta":{"fb_title":"","fb_description":"","fb_image":"","twitter_title":"","twitter_description":"","twitter_image":""},"jnews_override_counter":{"override_view_counter":"0","view_counter_number":"0","override_share_counter":"0","share_counter_number":"0","override_like_counter":"0","like_counter_number":"0","override_dislike_counter":"0","dislike_counter_number":"0"},"footnotes":""},"categories":[2,5],"tags":[645,644,646],"class_list":["post-8615","post","type-post","status-publish","format-standard","has-post-thumbnail","hentry","category-actualites-africaines","category-politique-africaine","tag-analystes","tag-le-coup-detat-au-niger","tag-observateurs-politiques"],"_links":{"self":[{"href":"https:\/\/qiraatafrican.com\/fr\/wp-json\/wp\/v2\/posts\/8615","targetHints":{"allow":["GET"]}}],"collection":[{"href":"https:\/\/qiraatafrican.com\/fr\/wp-json\/wp\/v2\/posts"}],"about":[{"href":"https:\/\/qiraatafrican.com\/fr\/wp-json\/wp\/v2\/types\/post"}],"author":[{"embeddable":true,"href":"https:\/\/qiraatafrican.com\/fr\/wp-json\/wp\/v2\/users\/1"}],"replies":[{"embeddable":true,"href":"https:\/\/qiraatafrican.com\/fr\/wp-json\/wp\/v2\/comments?post=8615"}],"version-history":[{"count":0,"href":"https:\/\/qiraatafrican.com\/fr\/wp-json\/wp\/v2\/posts\/8615\/revisions"}],"wp:featuredmedia":[{"embeddable":true,"href":"https:\/\/qiraatafrican.com\/fr\/wp-json\/wp\/v2\/media\/8616"}],"wp:attachment":[{"href":"https:\/\/qiraatafrican.com\/fr\/wp-json\/wp\/v2\/media?parent=8615"}],"wp:term":[{"taxonomy":"category","embeddable":true,"href":"https:\/\/qiraatafrican.com\/fr\/wp-json\/wp\/v2\/categories?post=8615"},{"taxonomy":"post_tag","embeddable":true,"href":"https:\/\/qiraatafrican.com\/fr\/wp-json\/wp\/v2\/tags?post=8615"}],"curies":[{"name":"wp","href":"https:\/\/api.w.org\/{rel}","templated":true}]}}