{"id":8597,"date":"2023-07-26T16:39:32","date_gmt":"2023-07-26T16:39:32","guid":{"rendered":"https:\/\/qiraatafrican.com\/fr\/?p=8597"},"modified":"2023-07-26T16:39:32","modified_gmt":"2023-07-26T16:39:32","slug":"crise-au-sahel-une-somme-de-circonstances-complexes-conseil-de-securite-de-lonu","status":"publish","type":"post","link":"https:\/\/qiraatafrican.com\/fr\/8597\/crise-au-sahel-une-somme-de-circonstances-complexes-conseil-de-securite-de-lonu\/","title":{"rendered":"Crise au Sahel, une somme de circonstances complexes- Conseil de s\u00e9curit\u00e9 de l&rsquo;ONU"},"content":{"rendered":"\n<p>Le chef du Bureau des Nations Unies pour l&rsquo;Afrique de l&rsquo;Ouest et le Sahel, Leonardo Santos Sim\u00e3o, a inform\u00e9 le Conseil de s\u00e9curit\u00e9 de l&rsquo;ONU de la situation en Afrique de l&rsquo;Ouest et au Sahel.<\/p>\n\n\n\n<p>\u00ab\u00a0La crise au Sahel est la somme de circonstances complexes\u00a0\u00bb, a d\u00e9clar\u00e9 Sim\u00e3o mardi et qu&rsquo;elle n\u00e9cessiterait \u00ab\u00a0un soutien concret, r\u00e9aliste et \u00e0 long terme de la r\u00e9gion et au-del\u00e0\u00a0\u00bb afin de parvenir \u00e0 une paix durable.<\/p>\n\n\n\n<p>Sim\u00e3o a appel\u00e9 toutes les parties prenantes \u00e0 aider \u00e0 pr\u00e9server la dignit\u00e9 des r\u00e9fugi\u00e9s et la s\u00e9curit\u00e9 des pays d&rsquo;accueil. 6,3 millions de personnes sont d\u00e9plac\u00e9es \u00e0 travers le Sahel, selon le repr\u00e9sentant.<\/p>\n\n\n\n<p>Omar Alieu Touray, pr\u00e9sident de la Communaut\u00e9 \u00e9conomique des \u00c9tats de l&rsquo;Afrique de l&rsquo;Ouest, s&rsquo;est \u00e9galement adress\u00e9 mardi au Conseil de s\u00e9curit\u00e9 et a exhort\u00e9 ses membres \u00e0 apporter leur soutien concernant les questions d&rsquo;ins\u00e9curit\u00e9 alimentaire et une transition vers l&rsquo;ordre constitutionnel dans trois pays de la r\u00e9gion actuellement sous r\u00e9gime militaire.<\/p>\n\n\n\n<p>Touray a averti que 30 millions de personnes ont besoin d&rsquo;une aide alimentaire et que sans un soutien ad\u00e9quat, ce nombre pourrait atteindre 42 millions d&rsquo;ici la fin du mois prochain.<\/p>\n","protected":false},"excerpt":{"rendered":"<p>Crise au Sahel, une somme de circonstances complexes- Conseil de s\u00e9curit\u00e9 de l&rsquo;ONU<\/p>\n","protected":false},"author":1,"featured_media":8598,"comment_status":"closed","ping_status":"closed","sticky":false,"template":"","format":"standard","meta":{"iawp_total_views":3,"jnews-multi-image_gallery":[],"jnews_single_post":{"subtitle":"","format":"standard","video":"","gallery":"","source_name":"","source_url":"","via_name":"","via_url":"","override_template":"0","override":[{"template":"1","single_blog_custom":"","parallax":"1","fullscreen":"1","layout":"right-sidebar","sidebar":"default-sidebar","second_sidebar":"default-sidebar","sticky_sidebar":"1","share_position":"topbottom","share_float_style":"share-monocrhome","show_share_counter":"1","show_view_counter":"0","show_featured":"1","show_post_meta":"1","show_post_author":"0","show_post_author_image":"1","show_post_date":"1","post_date_format":"default","post_date_format_custom":"Y\/m\/d","show_post_category":"1","show_post_reading_time":"0","post_reading_time_wpm":"300","show_zoom_button":"0","zoom_button_out_step":"2","zoom_button_in_step":"3","show_post_tag":"1","show_prev_next_post":"0","show_popup_post":"0","number_popup_post":"1","show_author_box":"0","show_post_related":"1","show_inline_post_related":"1"}],"override_image_size":"0","image_override":[{"single_post_thumbnail_size":"crop-500","single_post_gallery_size":"crop-500"}],"trending_post":"0","trending_post_position":"meta","trending_post_label":"Trending","sponsored_post":"0","sponsored_post_label":"Sponsored by","sponsored_post_name":"","sponsored_post_url":"","sponsored_post_logo_enable":"0","sponsored_post_logo":"","sponsored_post_desc":"","disable_ad":"0"},"jnews_primary_category":{"id":"","hide":""},"jnews_social_meta":{"fb_title":"","fb_description":"","fb_image":"","twitter_title":"","twitter_description":"","twitter_image":""},"jnews_override_counter":{"override_view_counter":"0","view_counter_number":"0","override_share_counter":"0","share_counter_number":"0","override_like_counter":"0","like_counter_number":"0","override_dislike_counter":"0","dislike_counter_number":"0"},"footnotes":""},"categories":[2,5],"tags":[],"class_list":["post-8597","post","type-post","status-publish","format-standard","has-post-thumbnail","hentry","category-actualites-africaines","category-politique-africaine"],"_links":{"self":[{"href":"https:\/\/qiraatafrican.com\/fr\/wp-json\/wp\/v2\/posts\/8597","targetHints":{"allow":["GET"]}}],"collection":[{"href":"https:\/\/qiraatafrican.com\/fr\/wp-json\/wp\/v2\/posts"}],"about":[{"href":"https:\/\/qiraatafrican.com\/fr\/wp-json\/wp\/v2\/types\/post"}],"author":[{"embeddable":true,"href":"https:\/\/qiraatafrican.com\/fr\/wp-json\/wp\/v2\/users\/1"}],"replies":[{"embeddable":true,"href":"https:\/\/qiraatafrican.com\/fr\/wp-json\/wp\/v2\/comments?post=8597"}],"version-history":[{"count":0,"href":"https:\/\/qiraatafrican.com\/fr\/wp-json\/wp\/v2\/posts\/8597\/revisions"}],"wp:featuredmedia":[{"embeddable":true,"href":"https:\/\/qiraatafrican.com\/fr\/wp-json\/wp\/v2\/media\/8598"}],"wp:attachment":[{"href":"https:\/\/qiraatafrican.com\/fr\/wp-json\/wp\/v2\/media?parent=8597"}],"wp:term":[{"taxonomy":"category","embeddable":true,"href":"https:\/\/qiraatafrican.com\/fr\/wp-json\/wp\/v2\/categories?post=8597"},{"taxonomy":"post_tag","embeddable":true,"href":"https:\/\/qiraatafrican.com\/fr\/wp-json\/wp\/v2\/tags?post=8597"}],"curies":[{"name":"wp","href":"https:\/\/api.w.org\/{rel}","templated":true}]}}