{"id":18877,"date":"2026-09-06T09:36:52","date_gmt":"2026-09-06T09:36:52","guid":{"rendered":"https:\/\/qiraatafrican.com\/fr\/?p=18877"},"modified":"2026-09-06T09:36:52","modified_gmt":"2026-09-06T09:36:52","slug":"le-president-de-sao-tome-et-principe-carlos-vila-nova-a-prete-serment-pour-un-second-mandat","status":"publish","type":"post","link":"https:\/\/qiraatafrican.com\/fr\/18877\/le-president-de-sao-tome-et-principe-carlos-vila-nova-a-prete-serment-pour-un-second-mandat\/","title":{"rendered":"Le pr\u00e9sident de S\u00e3o Tom\u00e9-et-Principe, Carlos Vila Nova, a pr\u00eat\u00e9 serment pour un second mandat"},"content":{"rendered":"<p>Le pr\u00e9sident de S\u00e3o Tom\u00e9-et-Principe, Carlos Vila Nova, a officiellement pr\u00eat\u00e9 serment jeudi pour un second mandat de cinq ans.<\/p>\n<p>La c\u00e9r\u00e9monie d&rsquo;investiture s&rsquo;est d\u00e9roul\u00e9e \u00e0 l&rsquo;Assembl\u00e9e nationale du pays. Plusieurs chefs d&rsquo;\u00c9tat et responsables gouvernementaux \u00e9trangers ont assist\u00e9 \u00e0 l&rsquo;\u00e9v\u00e9nement, notamment les pr\u00e9sidents du Gabon et de la R\u00e9publique d\u00e9mocratique du Congo, ainsi que les Premiers ministres du Portugal et du Mozambique.<\/p>\n<p>Carlos Vila Nova a acc\u00e9d\u00e9 \u00e0 la pr\u00e9sidence en 2021 avec le soutien du parti de centre-droit Action d\u00e9mocratique ind\u00e9pendante (ADI).<\/p>\n<p>Il a \u00e9t\u00e9 r\u00e9\u00e9lu d\u00e8s le premier tour de l&rsquo;\u00e9lection pr\u00e9sidentielle en juillet. Il a recueilli plus de 55 % des suffrages, devan\u00e7ant son principal rival, le d\u00e9put\u00e9 Nito Abreu, soutenu par l&rsquo;ancien Premier ministre Patrice Trovoada.<\/p>\n<p>Le taux d&rsquo;abstention a atteint 59 %, marquant une participation historiquement faible.<\/p>\n<p>Le pr\u00e9sident de S\u00e3o Tom\u00e9-et-Principe exerce une fonction essentiellement honorifique, l&rsquo;essentiel du pouvoir ex\u00e9cutif \u00e9tant d\u00e9tenu par le Premier ministre.<\/p>\n<p>Le prochain chef du gouvernement sera d\u00e9sign\u00e9 \u00e0 l&rsquo;issue des \u00e9lections l\u00e9gislatives, qui se tiendront le 27 septembre.<\/p>\n","protected":false},"excerpt":{"rendered":"<p>Le pr\u00e9sident de S\u00e3o Tom\u00e9-et-Principe, Carlos Vila Nova, a officiellement pr\u00eat\u00e9 serment jeudi pour un second mandat de cinq ans. La c\u00e9r\u00e9monie d&rsquo;investiture s&rsquo;est d\u00e9roul\u00e9e \u00e0 l&rsquo;Assembl\u00e9e nationale du pays. Plusieurs chefs d&rsquo;\u00c9tat et responsables gouvernementaux \u00e9trangers ont assist\u00e9 \u00e0 l&rsquo;\u00e9v\u00e9nement, notamment les pr\u00e9sidents du Gabon et de la R\u00e9publique d\u00e9mocratique du Congo, ainsi que [&hellip;]<\/p>\n","protected":false},"author":1,"featured_media":18878,"comment_status":"closed","ping_status":"closed","sticky":false,"template":"","format":"standard","meta":{"iawp_total_views":1,"jnews-multi-image_gallery":[],"jnews_single_post":{"subtitle":"","format":"standard","override":[{"template":"1","parallax":"1","fullscreen":"1","layout":"right-sidebar","sidebar":"default-sidebar","second_sidebar":"default-sidebar","sticky_sidebar":"1","share_position":"topbottom","share_float_style":"share-monocrhome","show_share_counter":"1","show_featured":"1","show_post_meta":"1","show_post_author_image":"1","show_post_date":"1","post_date_format":"default","post_date_format_custom":"Y\/m\/d","show_post_category":"1","show_post_reading_time":"0","post_reading_time_wpm":"300","post_calculate_word_method":"str_word_count","show_zoom_button":"0","zoom_button_out_step":"2","zoom_button_in_step":"3","show_post_tag":"1","show_comment_section":"1","number_popup_post":"1","show_post_related":"1","show_inline_post_related":"1"}],"image_override":[{"single_post_thumbnail_size":"crop-500","single_post_gallery_size":"crop-500"}],"trending_post_position":"meta","trending_post_label":"Trending","sponsored_post_label":"Sponsored by","disable_ad":"0"},"jnews_primary_category":[],"jnews_social_meta":[],"jnews_override_counter":{"view_counter_number":"0","share_counter_number":"0","like_counter_number":"0","dislike_counter_number":"0"},"footnotes":""},"categories":[5],"tags":[],"class_list":["post-18877","post","type-post","status-publish","format-standard","has-post-thumbnail","hentry","category-politique-africaine"],"_links":{"self":[{"href":"https:\/\/qiraatafrican.com\/fr\/wp-json\/wp\/v2\/posts\/18877","targetHints":{"allow":["GET"]}}],"collection":[{"href":"https:\/\/qiraatafrican.com\/fr\/wp-json\/wp\/v2\/posts"}],"about":[{"href":"https:\/\/qiraatafrican.com\/fr\/wp-json\/wp\/v2\/types\/post"}],"author":[{"embeddable":true,"href":"https:\/\/qiraatafrican.com\/fr\/wp-json\/wp\/v2\/users\/1"}],"replies":[{"embeddable":true,"href":"https:\/\/qiraatafrican.com\/fr\/wp-json\/wp\/v2\/comments?post=18877"}],"version-history":[{"count":1,"href":"https:\/\/qiraatafrican.com\/fr\/wp-json\/wp\/v2\/posts\/18877\/revisions"}],"predecessor-version":[{"id":18879,"href":"https:\/\/qiraatafrican.com\/fr\/wp-json\/wp\/v2\/posts\/18877\/revisions\/18879"}],"wp:featuredmedia":[{"embeddable":true,"href":"https:\/\/qiraatafrican.com\/fr\/wp-json\/wp\/v2\/media\/18878"}],"wp:attachment":[{"href":"https:\/\/qiraatafrican.com\/fr\/wp-json\/wp\/v2\/media?parent=18877"}],"wp:term":[{"taxonomy":"category","embeddable":true,"href":"https:\/\/qiraatafrican.com\/fr\/wp-json\/wp\/v2\/categories?post=18877"},{"taxonomy":"post_tag","embeddable":true,"href":"https:\/\/qiraatafrican.com\/fr\/wp-json\/wp\/v2\/tags?post=18877"}],"curies":[{"name":"wp","href":"https:\/\/api.w.org\/{rel}","templated":true}]}}