{"id":18859,"date":"2026-09-02T07:27:25","date_gmt":"2026-09-02T07:27:25","guid":{"rendered":"https:\/\/qiraatafrican.com\/fr\/?p=18859"},"modified":"2026-09-02T07:27:25","modified_gmt":"2026-09-02T07:27:25","slug":"le-senegal-et-le-fmi-approuvent-un-nouveau-programme-de-pret-de-22-milliards-de-dollars","status":"publish","type":"post","link":"https:\/\/qiraatafrican.com\/fr\/18859\/le-senegal-et-le-fmi-approuvent-un-nouveau-programme-de-pret-de-22-milliards-de-dollars\/","title":{"rendered":"Le S\u00e9n\u00e9gal et le FMI approuvent un nouveau programme de pr\u00eat de 2,2 milliards de dollars."},"content":{"rendered":"<p>Le Fonds mon\u00e9taire international (FMI) a conclu un accord avec le S\u00e9n\u00e9gal sur un nouveau programme de pr\u00eat de 2,2 milliards de dollars, apr\u00e8s la suspension d&rsquo;un pr\u00e9c\u00e9dent accord suite \u00e0 la d\u00e9couverte d&rsquo;une dette non d\u00e9clar\u00e9e.<\/p>\n<p>Ce dispositif, d&rsquo;une dur\u00e9e de 36 mois, vise \u00e0 soutenir le programme de r\u00e9formes \u00e9conomiques et financi\u00e8res du pays pour la p\u00e9riode 2026-2029.<\/p>\n<p>Cependant, compte tenu des sous-d\u00e9clarations ant\u00e9rieures, des mesures correctives d\u00e9cisives seront n\u00e9cessaires pour appuyer la demande de d\u00e9rogation formul\u00e9e par les autorit\u00e9s concernant ces erreurs de d\u00e9claration, a indiqu\u00e9 le FMI dans un communiqu\u00e9.<\/p>\n<p>Cet accord, conclu au niveau des services du FMI, devra encore \u00eatre approuv\u00e9 par le conseil d&rsquo;administration du FMI.<\/p>\n<p>En 2024, le gouvernement s\u00e9n\u00e9galais actuel, issu d&rsquo;une victoire \u00e9lectorale de l&rsquo;opposition, a accus\u00e9 l&rsquo;administration pr\u00e9c\u00e9dente de l&rsquo;ancien pr\u00e9sident Macky Sall (2012-2024) d&rsquo;avoir dissimul\u00e9 l&rsquo;ampleur r\u00e9elle de la situation budg\u00e9taire pr\u00e9occupante de ce pays d&rsquo;Afrique de l&rsquo;Ouest.<\/p>\n<p>En cons\u00e9quence, le FMI a suspendu un programme d&rsquo;aide de 1,8 milliard de dollars qu&rsquo;il avait approuv\u00e9 en 2023, dans l&rsquo;attente d&rsquo;informations compl\u00e9mentaires et d&rsquo;engagements de la part des nouvelles autorit\u00e9s s\u00e9n\u00e9galaises.<\/p>\n<p>Le FMI a indiqu\u00e9 que le d\u00e9ficit budg\u00e9taire pour 2023 s&rsquo;\u00e9levait \u00e0 12,3 % du PIB, alors que le gouvernement pr\u00e9c\u00e9dent l&rsquo;estimait \u00e0 4,9 %.<\/p>\n<p>Apr\u00e8s plusieurs visites du FMI au S\u00e9n\u00e9gal pour examiner la situation financi\u00e8re du pays, le FMI et le gouvernement ont entam\u00e9 des n\u00e9gociations \u00e0 la mi-octobre en vue d&rsquo;un nouveau programme d&rsquo;aide.<\/p>\n<p>Avec une dette publique totale estim\u00e9e \u00e0 132 % du PIB fin 2024, selon le Fonds mon\u00e9taire international (FMI), le S\u00e9n\u00e9gal figure parmi les pays les plus endett\u00e9s d&rsquo;Afrique subsaharienne.<\/p>\n<p>Cependant, son d\u00e9ficit budg\u00e9taire global s&rsquo;est fortement r\u00e9duit, passant de 13,4 % du PIB en 2024 \u00e0 6,4 % du PIB en 2025, principalement gr\u00e2ce \u00e0 une rationalisation des d\u00e9penses, a pr\u00e9cis\u00e9 le FMI en juin.<\/p>\n<p>Le S\u00e9n\u00e9gal a pu continuer \u00e0 se financer principalement gr\u00e2ce au march\u00e9 obligataire r\u00e9gional, mais \u00e0 un co\u00fbt plus \u00e9lev\u00e9 que les pr\u00eats des institutions financi\u00e8res internationales, des banques de d\u00e9veloppement ou des gouvernements, selon l&rsquo;agence de notation S&amp;P.<\/p>\n<p>Le pr\u00e9sident s\u00e9n\u00e9galais, Bassirou Diomaye Faye, s&rsquo;est retrouv\u00e9 au c\u0153ur d&rsquo;une querelle politique avec son ancien Premier ministre, Ousmane Sonko, en d\u00e9but d&rsquo;ann\u00e9e, sur divers sujets, dont le programme du FMI.<\/p>\n<p>Bien que Faye ait limog\u00e9 Sonko en mai, ce dernier a ensuite \u00e9t\u00e9 \u00e9lu pr\u00e9sident de l&rsquo;Assembl\u00e9e nationale \u2013 une fonction susceptible de compliquer la mise en \u0153uvre des r\u00e9formes du FMI par le pr\u00e9sident.<\/p>\n<p>Si Faye privil\u00e9gie une approche plus conciliante avec le FMI, Sonko a rejet\u00e9 toute restructuration de la dette.<\/p>\n<p>La semaine derni\u00e8re, l&rsquo;agence de notation Moody&rsquo;s a abaiss\u00e9 la note de la dette \u00e0 long terme en devises \u00e9trang\u00e8res du S\u00e9n\u00e9gal de Caa1 \u00e0 Caa2, en plein milieu des n\u00e9gociations avec le FMI.<\/p>\n","protected":false},"excerpt":{"rendered":"<p>Le Fonds mon\u00e9taire international (FMI) a conclu un accord avec le S\u00e9n\u00e9gal sur un nouveau programme de pr\u00eat de 2,2 milliards de dollars, apr\u00e8s la suspension d&rsquo;un pr\u00e9c\u00e9dent accord suite \u00e0 la d\u00e9couverte d&rsquo;une dette non d\u00e9clar\u00e9e. Ce dispositif, d&rsquo;une dur\u00e9e de 36 mois, vise \u00e0 soutenir le programme de r\u00e9formes \u00e9conomiques et financi\u00e8res du [&hellip;]<\/p>\n","protected":false},"author":1,"featured_media":18860,"comment_status":"closed","ping_status":"closed","sticky":false,"template":"","format":"standard","meta":{"iawp_total_views":7,"jnews-multi-image_gallery":[],"jnews_single_post":{"subtitle":"","format":"standard","override":[{"template":"1","parallax":"1","fullscreen":"1","layout":"right-sidebar","sidebar":"default-sidebar","second_sidebar":"default-sidebar","sticky_sidebar":"1","share_position":"topbottom","share_float_style":"share-monocrhome","show_share_counter":"1","show_featured":"1","show_post_meta":"1","show_post_author_image":"1","show_post_date":"1","post_date_format":"default","post_date_format_custom":"Y\/m\/d","show_post_category":"1","show_post_reading_time":"0","post_reading_time_wpm":"300","post_calculate_word_method":"str_word_count","show_zoom_button":"0","zoom_button_out_step":"2","zoom_button_in_step":"3","show_post_tag":"1","show_comment_section":"1","number_popup_post":"1","show_post_related":"1","show_inline_post_related":"1"}],"image_override":[{"single_post_thumbnail_size":"crop-500","single_post_gallery_size":"crop-500"}],"trending_post_position":"meta","trending_post_label":"Trending","sponsored_post_label":"Sponsored by","disable_ad":"0"},"jnews_primary_category":[],"jnews_social_meta":[],"jnews_override_counter":{"view_counter_number":"0","share_counter_number":"0","like_counter_number":"0","dislike_counter_number":"0"},"footnotes":""},"categories":[16],"tags":[],"class_list":["post-18859","post","type-post","status-publish","format-standard","has-post-thumbnail","hentry","category-economie-africaine"],"_links":{"self":[{"href":"https:\/\/qiraatafrican.com\/fr\/wp-json\/wp\/v2\/posts\/18859","targetHints":{"allow":["GET"]}}],"collection":[{"href":"https:\/\/qiraatafrican.com\/fr\/wp-json\/wp\/v2\/posts"}],"about":[{"href":"https:\/\/qiraatafrican.com\/fr\/wp-json\/wp\/v2\/types\/post"}],"author":[{"embeddable":true,"href":"https:\/\/qiraatafrican.com\/fr\/wp-json\/wp\/v2\/users\/1"}],"replies":[{"embeddable":true,"href":"https:\/\/qiraatafrican.com\/fr\/wp-json\/wp\/v2\/comments?post=18859"}],"version-history":[{"count":1,"href":"https:\/\/qiraatafrican.com\/fr\/wp-json\/wp\/v2\/posts\/18859\/revisions"}],"predecessor-version":[{"id":18861,"href":"https:\/\/qiraatafrican.com\/fr\/wp-json\/wp\/v2\/posts\/18859\/revisions\/18861"}],"wp:featuredmedia":[{"embeddable":true,"href":"https:\/\/qiraatafrican.com\/fr\/wp-json\/wp\/v2\/media\/18860"}],"wp:attachment":[{"href":"https:\/\/qiraatafrican.com\/fr\/wp-json\/wp\/v2\/media?parent=18859"}],"wp:term":[{"taxonomy":"category","embeddable":true,"href":"https:\/\/qiraatafrican.com\/fr\/wp-json\/wp\/v2\/categories?post=18859"},{"taxonomy":"post_tag","embeddable":true,"href":"https:\/\/qiraatafrican.com\/fr\/wp-json\/wp\/v2\/tags?post=18859"}],"curies":[{"name":"wp","href":"https:\/\/api.w.org\/{rel}","templated":true}]}}