{"id":18840,"date":"2026-09-01T11:37:40","date_gmt":"2026-09-01T11:37:40","guid":{"rendered":"https:\/\/qiraatafrican.com\/fr\/?p=18840"},"modified":"2026-09-01T11:45:25","modified_gmt":"2026-09-01T11:45:25","slug":"la-guinee-bissau-vote-pour-une-presidence-renforcee-alors-que-la-transition-militaire-touche-a-sa-fin","status":"publish","type":"post","link":"https:\/\/qiraatafrican.com\/fr\/18840\/la-guinee-bissau-vote-pour-une-presidence-renforcee-alors-que-la-transition-militaire-touche-a-sa-fin\/","title":{"rendered":"La Guin\u00e9e-Bissau vote pour une pr\u00e9sidence renforc\u00e9e alors que la transition militaire touche \u00e0 sa fin"},"content":{"rendered":"<p>La Guin\u00e9e-Bissau s&rsquo;est prononc\u00e9e dimanche par r\u00e9f\u00e9rendum sur un projet de nouvelle constitution renfor\u00e7ant consid\u00e9rablement les pouvoirs pr\u00e9sidentiels et r\u00e9duisant la taille du Parlement. Ce scrutin est per\u00e7u comme un test pour le gouvernement militaire, qui souhaite remodeler le syst\u00e8me politique avant les \u00e9lections pr\u00e9vues en d\u00e9cembre.<\/p>\n<p>Le r\u00e9f\u00e9rendum propose de remplacer le syst\u00e8me semi-pr\u00e9sidentiel actuel par un mod\u00e8le pr\u00e9sidentiel renforc\u00e9, conf\u00e9rant au chef de l&rsquo;\u00c9tat une autorit\u00e9 accrue sur le pouvoir ex\u00e9cutif.<\/p>\n<p>Selon le projet de constitution, le pr\u00e9sident dirigerait le Conseil des ministres et aurait le pouvoir de nommer et de r\u00e9voquer le Premier ministre. Le nombre de parlementaires passerait de 102 \u00e0 65, et celui des circonscriptions \u00e9lectorales de 29 \u00e0 12.<\/p>\n<p>Les partisans du gouvernement affirment que ces changements permettraient d&rsquo;endiguer les conflits r\u00e9currents entre la pr\u00e9sidence, le gouvernement et le Parlement, qui ont contribu\u00e9 \u00e0 l&rsquo;instabilit\u00e9 politique.<\/p>\n<p>Le g\u00e9n\u00e9ral Tom\u00e1s Djassi, chef d&rsquo;\u00e9tat-major des arm\u00e9es, a d\u00e9fendu les r\u00e9formes, expliquant que la constitution visait \u00e0 clarifier la hi\u00e9rarchie des pouvoirs et \u00e0 pr\u00e9venir les conflits r\u00e9p\u00e9t\u00e9s entre le pr\u00e9sident et le Premier ministre.<\/p>\n<p><strong>L&rsquo;opposition appelle au boycott<\/strong><\/p>\n<p>L&rsquo;opposition a rejet\u00e9 les modifications propos\u00e9es et exhort\u00e9 les \u00e9lecteurs \u00e0 boycotter le r\u00e9f\u00e9rendum.<\/p>\n<p>Le Parti africain pour l&rsquo;ind\u00e9pendance de la Guin\u00e9e et du Cap-Vert (PAIGC) a d\u00e9clar\u00e9 que le projet de constitution affaiblirait le Premier ministre, le Parlement et les partis politiques, et concentrerait trop de pouvoir entre les mains de la pr\u00e9sidence.<\/p>\n<p>Des critiques remettent \u00e9galement en question la l\u00e9gitimit\u00e9 des autorit\u00e9s de transition \u00e0 r\u00e9\u00e9crire la constitution, arguant qu&rsquo;un gouvernement militaire ne devrait pas apporter de changements fondamentaux au syst\u00e8me politique.<\/p>\n<p>L&rsquo;analyste politique Paulino Quad\u00e9 s&rsquo;est interrog\u00e9 sur l&rsquo;identit\u00e9 des r\u00e9dacteurs du document et sur les int\u00e9r\u00eats qui b\u00e9n\u00e9ficieraient finalement de ces r\u00e9formes.<\/p>\n<p><strong>Participation estim\u00e9e \u00e0 plus de 55 %<\/strong><\/p>\n<p>Malgr\u00e9 les appels au boycott, la Commission \u00e9lectorale nationale a indiqu\u00e9 que la participation pourrait d\u00e9passer 55 %.<\/p>\n<p>Le secr\u00e9taire g\u00e9n\u00e9ral de la Commission, Idri\u00e7a Djal\u00f3, a d\u00e9clar\u00e9 que le vote s&rsquo;\u00e9tait d\u00e9roul\u00e9 dans le calme et sans incident majeur. Il a fait \u00e9tat d&rsquo;une forte participation dans des r\u00e9gions comme Bafat\u00e1, Gab\u00fa et Oio, tandis que la participation \u00e9tait plus faible dans certains quartiers de la capitale, Bissau, et dans d&rsquo;autres zones.<\/p>\n<p>La commission a indiqu\u00e9 que des difficult\u00e9s logistiques et organisationnelles avaient \u00e9t\u00e9 signal\u00e9es dans certaines localit\u00e9s, mais qu&rsquo;elles avaient \u00e9t\u00e9 progressivement r\u00e9solues.<\/p>\n<p>Le vote devait se terminer \u00e0 17 heures, apr\u00e8s quoi le d\u00e9pouillement et la centralisation des r\u00e9sultats commenceraient. La commission \u00e9lectorale a pr\u00e9cis\u00e9 que les r\u00e9sultats pr\u00e9liminaires pourraient \u00eatre disponibles sous trois \u00e0 sept jours.<\/p>\n<p><strong>Transition suite \u00e0 une \u00e9lection contest\u00e9e<\/strong><\/p>\n<p>Ce r\u00e9f\u00e9rendum intervient moins de quatre mois avant l&rsquo;\u00e9lection pr\u00e9sidentielle pr\u00e9vue le 6 d\u00e9cembre, qui vise \u00e0 r\u00e9tablir un r\u00e9gime civil apr\u00e8s le dernier coup d&rsquo;\u00c9tat militaire.<\/p>\n<p>L&rsquo;arm\u00e9e a pris le pouvoir le 27 novembre 2025, trois jours apr\u00e8s une \u00e9lection pr\u00e9sidentielle contest\u00e9e au cours de laquelle le pr\u00e9sident sortant Umaro Sissoco Embal\u00f3 et le candidat de l&rsquo;opposition Fernando Dias ont tous deux revendiqu\u00e9 la victoire.<\/p>\n<p>L&rsquo;arm\u00e9e a suspendu le processus \u00e9lectoral et install\u00e9 un gouvernement militaire dirig\u00e9 par le g\u00e9n\u00e9ral Horta N&rsquo;Tam.<\/p>\n<p>Le coup d&rsquo;\u00c9tat a aggrav\u00e9 la crise d\u00e9mocratique en Afrique de l&rsquo;Ouest, o\u00f9 plusieurs pays sont tomb\u00e9s sous le joug militaire ces derni\u00e8res ann\u00e9es.<\/p>\n<p>Longue histoire d&rsquo;instabilit\u00e9 politique<\/p>\n<p>Depuis son ind\u00e9pendance du Portugal en 1973, le pays a connu de nombreux coups d&rsquo;\u00c9tat et tentatives de coups d&rsquo;\u00c9tat.<\/p>\n<p>Son instabilit\u00e9 politique est \u00e9galement li\u00e9e \u00e0 une pauvret\u00e9 end\u00e9mique et \u00e0 son r\u00f4le de plaque tournante du trafic de coca\u00efne entre l&rsquo;Am\u00e9rique latine et l&rsquo;Europe.<\/p>\n<p>La Banque mondiale indique que le pays poss\u00e8de d&rsquo;abondantes ressources naturelles par rapport \u00e0 sa population, pourtant plus de la moiti\u00e9 de ses quelque 2,2 millions d&rsquo;habitants vivent dans la pauvret\u00e9.<\/p>\n<p><strong>Les citoyens restent divis\u00e9s<\/strong><\/p>\n<p>Certains habitants se disent plus pr\u00e9occup\u00e9s par la stabilit\u00e9 politique et les conditions de vie que par la r\u00e9forme constitutionnelle.<\/p>\n<p>Bacar Camar\u00e1, professeur de lyc\u00e9e, estime que les autorit\u00e9s de transition devraient plut\u00f4t se concentrer sur la r\u00e9conciliation et l&rsquo;instauration d&rsquo;un climat politique plus favorable.<\/p>\n<p>Carolina Djeme, une autre habitante de Bissau, a d\u00e9clar\u00e9 qu&rsquo;elle voterait contre la nouvelle constitution car elle n&rsquo;en connaissait pas suffisamment le contenu pour la soutenir.<\/p>\n<p>Les partisans de la r\u00e9forme affirment toutefois que la concentration du pouvoir ex\u00e9cutif pourrait r\u00e9duire les conflits institutionnels et instaurer un syst\u00e8me politique plus stable.<\/p>\n<p>Le r\u00e9sultat du r\u00e9f\u00e9rendum d\u00e9terminera d\u00e9sormais si ces changements propos\u00e9s entreront en vigueur, alors que le pays se dirige vers un retour pr\u00e9vu \u00e0 un r\u00e9gime civil en d\u00e9cembre.<\/p>\n","protected":false},"excerpt":{"rendered":"<p>La Guin\u00e9e-Bissau s&rsquo;est prononc\u00e9e dimanche par r\u00e9f\u00e9rendum sur un projet de nouvelle constitution renfor\u00e7ant consid\u00e9rablement les pouvoirs pr\u00e9sidentiels et r\u00e9duisant la taille du Parlement. Ce scrutin est per\u00e7u comme un test pour le gouvernement militaire, qui souhaite remodeler le syst\u00e8me politique avant les \u00e9lections pr\u00e9vues en d\u00e9cembre. Le r\u00e9f\u00e9rendum propose de remplacer le syst\u00e8me semi-pr\u00e9sidentiel [&hellip;]<\/p>\n","protected":false},"author":1,"featured_media":18841,"comment_status":"closed","ping_status":"closed","sticky":false,"template":"","format":"standard","meta":{"iawp_total_views":2,"jnews-multi-image_gallery":[],"jnews_single_post":{"subtitle":"","format":"standard","override":[{"template":"1","parallax":"1","fullscreen":"1","layout":"right-sidebar","sidebar":"default-sidebar","second_sidebar":"default-sidebar","sticky_sidebar":"1","share_position":"topbottom","share_float_style":"share-monocrhome","show_share_counter":"1","show_featured":"1","show_post_meta":"1","show_post_author_image":"1","show_post_date":"1","post_date_format":"default","post_date_format_custom":"Y\/m\/d","show_post_category":"1","show_post_reading_time":"0","post_reading_time_wpm":"300","post_calculate_word_method":"str_word_count","show_zoom_button":"0","zoom_button_out_step":"2","zoom_button_in_step":"3","show_post_tag":"1","show_comment_section":"1","number_popup_post":"1","show_post_related":"1","show_inline_post_related":"1"}],"image_override":[{"single_post_thumbnail_size":"crop-500","single_post_gallery_size":"crop-500"}],"trending_post_position":"meta","trending_post_label":"Trending","sponsored_post_label":"Sponsored by","disable_ad":"0","source_name":"Africa News"},"jnews_primary_category":[],"jnews_social_meta":[],"jnews_override_counter":{"view_counter_number":"0","share_counter_number":"0","like_counter_number":"0","dislike_counter_number":"0"},"footnotes":""},"categories":[44,38],"tags":[],"class_list":["post-18840","post","type-post","status-publish","format-standard","has-post-thumbnail","hentry","category-afrique-de-louest","category-suivis"],"_links":{"self":[{"href":"https:\/\/qiraatafrican.com\/fr\/wp-json\/wp\/v2\/posts\/18840","targetHints":{"allow":["GET"]}}],"collection":[{"href":"https:\/\/qiraatafrican.com\/fr\/wp-json\/wp\/v2\/posts"}],"about":[{"href":"https:\/\/qiraatafrican.com\/fr\/wp-json\/wp\/v2\/types\/post"}],"author":[{"embeddable":true,"href":"https:\/\/qiraatafrican.com\/fr\/wp-json\/wp\/v2\/users\/1"}],"replies":[{"embeddable":true,"href":"https:\/\/qiraatafrican.com\/fr\/wp-json\/wp\/v2\/comments?post=18840"}],"version-history":[{"count":2,"href":"https:\/\/qiraatafrican.com\/fr\/wp-json\/wp\/v2\/posts\/18840\/revisions"}],"predecessor-version":[{"id":18850,"href":"https:\/\/qiraatafrican.com\/fr\/wp-json\/wp\/v2\/posts\/18840\/revisions\/18850"}],"wp:featuredmedia":[{"embeddable":true,"href":"https:\/\/qiraatafrican.com\/fr\/wp-json\/wp\/v2\/media\/18841"}],"wp:attachment":[{"href":"https:\/\/qiraatafrican.com\/fr\/wp-json\/wp\/v2\/media?parent=18840"}],"wp:term":[{"taxonomy":"category","embeddable":true,"href":"https:\/\/qiraatafrican.com\/fr\/wp-json\/wp\/v2\/categories?post=18840"},{"taxonomy":"post_tag","embeddable":true,"href":"https:\/\/qiraatafrican.com\/fr\/wp-json\/wp\/v2\/tags?post=18840"}],"curies":[{"name":"wp","href":"https:\/\/api.w.org\/{rel}","templated":true}]}}