{"id":18831,"date":"2026-08-31T14:42:14","date_gmt":"2026-08-31T14:42:14","guid":{"rendered":"https:\/\/qiraatafrican.com\/fr\/?p=18831"},"modified":"2026-08-31T17:44:59","modified_gmt":"2026-08-31T17:44:59","slug":"lethiopie-approuve-un-projet-de-presidence-executive-suscitant-des-craintes-de-concentration-du-pouvoir","status":"publish","type":"post","link":"https:\/\/qiraatafrican.com\/fr\/18831\/lethiopie-approuve-un-projet-de-presidence-executive-suscitant-des-craintes-de-concentration-du-pouvoir\/","title":{"rendered":"L&rsquo;\u00c9thiopie approuve un projet de pr\u00e9sidence ex\u00e9cutive, suscitant des craintes de concentration du pouvoir"},"content":{"rendered":"<p>Le dialogue national \u00e9thiopien a approuv\u00e9 des modifications constitutionnelles visant \u00e0 fusionner les fonctions de Premier ministre et de pr\u00e9sident en une pr\u00e9sidence ex\u00e9cutive dot\u00e9e de pouvoirs \u00e9tendus. Cette mesure, selon les critiques, pourrait permettre au Premier ministre Abiy Ahmed de consolider son emprise apr\u00e8s la victoire \u00e9crasante de son parti aux \u00e9lections.<\/p>\n<p>Plus de 4\u00a0000 d\u00e9l\u00e9gu\u00e9s ont particip\u00e9 \u00e0 ce dialogue national, qui s&rsquo;est tenu pendant plusieurs semaines et s&rsquo;est achev\u00e9 le 22 ao\u00fbt apr\u00e8s des discussions sur les tensions politiques, les divisions ethniques et les conflits arm\u00e9s persistants en \u00c9thiopie.<\/p>\n<p>Les d\u00e9l\u00e9gu\u00e9s ont massivement approuv\u00e9 une proposition visant \u00e0 remplacer le syst\u00e8me actuel par une pr\u00e9sidence ex\u00e9cutive combinant les pouvoirs du Premier ministre et du pr\u00e9sident, dont le r\u00f4le est essentiellement honorifique.<\/p>\n<p>Ces recommandations pourraient \u00eatre pr\u00e9sent\u00e9es au Parlement lors de sa reprise en octobre.<\/p>\n<p>Bien qu&rsquo;Abiy Ahmed ait \u00e9t\u00e9 absent du dialogue, de nombreux observateurs s&rsquo;attendent \u00e0 ce qu&rsquo;il soit le principal candidat \u00e0 ce nouveau poste si les modifications sont adopt\u00e9es. Le pr\u00e9sident serait alors \u00e9lu par un Parlement domin\u00e9 par les membres de son parti au pouvoir.<\/p>\n<p>Les partisans de la proposition affirment que ce syst\u00e8me pourrait cr\u00e9er un leadership national plus unificateur, le pr\u00e9sident repr\u00e9sentant tous les groupes ethniques au lieu d&rsquo;\u00eatre \u00e9lu comme d\u00e9put\u00e9 de l&rsquo;Oromia.<\/p>\n<p>Les critiques mettent en garde contre une concentration du pouvoir.<\/p>\n<p>Les opposants craignent que les changements propos\u00e9s ne transforment le syst\u00e8me politique au service d&rsquo;une seule personne.<\/p>\n<p>L&rsquo;analyste politique Befekadu Hailu a d\u00e9clar\u00e9 que les r\u00e9formes pourraient permettre \u00e0 Abiy d&rsquo;acc\u00e9der \u00e0 la pr\u00e9sidence ex\u00e9cutive tout en concentrant le pouvoir entre les mains d&rsquo;un seul individu.<\/p>\n<p>La proposition a suscit\u00e9 des comparaisons avec la Turquie, o\u00f9 Recep Tayyip Erdogan est pass\u00e9 du poste de Premier ministre \u00e0 une pr\u00e9sidence ex\u00e9cutive nouvellement cr\u00e9\u00e9e.<\/p>\n<p>Le dialogue a \u00e9galement recommand\u00e9 de r\u00e9duire le financement public des partis politiques \u00e0 base ethnique au profit de partis ayant une vision nationale plus large.<\/p>\n<p>L&rsquo;opposition et les groupes arm\u00e9s ont \u00e9t\u00e9 exclus.<\/p>\n<p>Ce dialogue s&rsquo;est tenu alors que l&rsquo;\u00c9thiopie continue de faire face \u00e0 de graves d\u00e9fis s\u00e9curitaires, notamment des insurrections en Oromia et en Amhara.<\/p>\n<p>On craint \u00e9galement une reprise du conflit dans le nord du Tigr\u00e9, qui a fait rage de 2020 \u00e0 2022 et a fait environ 600\u00a0000 morts.<\/p>\n<p>Les principaux partis d\u2019opposition ont boycott\u00e9 le dialogue, tandis que les groupes arm\u00e9s en ont \u00e9t\u00e9 exclus.<\/p>\n<p>Merera Gudina, pr\u00e9sident du Caucus des partis d\u2019opposition, a d\u00e9clar\u00e9 que le dialogue ne pouvait garantir les deux besoins les plus urgents du pays\u00a0: une paix durable et une gouvernance d\u00e9mocratique.<\/p>\n<p>Naga Tesfaye, expert en consolidation de la paix, a affirm\u00e9 que les recommandations devraient s\u2019accompagner de n\u00e9gociations impliquant le gouvernement, les groupes arm\u00e9s et les partis d\u2019opposition afin de mettre fin aux violences en cours.<\/p>\n<p><strong>Des points litigieux persistent.<\/strong><\/p>\n<p>Certains sujets ont suscit\u00e9 de vifs d\u00e9bats lors des r\u00e9unions, notamment le statut d\u2019Addis-Abeba.<\/p>\n<p>La capitale est constitutionnellement autonome, mais elle est entour\u00e9e par l\u2019Oromia, qui revendique depuis longtemps la ville et ses environs.<\/p>\n<p>Plusieurs d\u00e9l\u00e9gu\u00e9s ont quitt\u00e9 la salle pendant les discussions sur ce sujet, illustrant la profondeur des tensions r\u00e9gionales et ethniques non r\u00e9solues en \u00c9thiopie.<\/p>\n<p>N\u00e9anmoins, certains participants ont salu\u00e9 ce dialogue comme une occasion rare pour les groupes aux visions divergentes de l&rsquo;\u00c9tat \u00e9thiopien de dialoguer directement.<\/p>\n<p>Un avenir incertain<\/p>\n<p>Abiy dirige l&rsquo;\u00c9thiopie depuis 2018 et a remport\u00e9 une nouvelle victoire \u00e9crasante aux \u00e9lections de juin, malgr\u00e9 les critiques de ses opposants et des observateurs internationaux concernant les restrictions impos\u00e9es aux partis politiques et aux m\u00e9dias.<\/p>\n<p>La r\u00e9forme constitutionnelle propos\u00e9e pourrait constituer l&rsquo;un des changements les plus importants du syst\u00e8me politique \u00e9thiopien depuis des d\u00e9cennies.<\/p>\n<p>Selon la mani\u00e8re dont le Parlement traitera les recommandations et la capacit\u00e9 du gouvernement \u00e0 r\u00e9soudre les conflits et les divisions politiques persistants, cette r\u00e9forme favorisera-t-elle une plus grande unit\u00e9 nationale ou accentuera-t-elle les inqui\u00e9tudes li\u00e9es \u00e0 la concentration du pouvoir\u00a0?<\/p>\n","protected":false},"excerpt":{"rendered":"<p>Le dialogue national \u00e9thiopien a approuv\u00e9 des modifications constitutionnelles visant \u00e0 fusionner les fonctions de Premier ministre et de pr\u00e9sident en une pr\u00e9sidence ex\u00e9cutive dot\u00e9e de pouvoirs \u00e9tendus. Cette mesure, selon les critiques, pourrait permettre au Premier ministre Abiy Ahmed de consolider son emprise apr\u00e8s la victoire \u00e9crasante de son parti aux \u00e9lections. Plus de [&hellip;]<\/p>\n","protected":false},"author":1,"featured_media":18832,"comment_status":"closed","ping_status":"closed","sticky":false,"template":"","format":"standard","meta":{"iawp_total_views":2,"jnews-multi-image_gallery":[],"jnews_single_post":{"subtitle":"","format":"standard","override":[{"template":"1","parallax":"1","fullscreen":"1","layout":"right-sidebar","sidebar":"default-sidebar","second_sidebar":"default-sidebar","sticky_sidebar":"1","share_position":"topbottom","share_float_style":"share-monocrhome","show_share_counter":"1","show_featured":"1","show_post_meta":"1","show_post_author_image":"1","show_post_date":"1","post_date_format":"default","post_date_format_custom":"Y\/m\/d","show_post_category":"1","show_post_reading_time":"0","post_reading_time_wpm":"300","post_calculate_word_method":"str_word_count","show_zoom_button":"0","zoom_button_out_step":"2","zoom_button_in_step":"3","show_post_tag":"1","show_comment_section":"1","number_popup_post":"1","show_post_related":"1","show_inline_post_related":"1"}],"image_override":[{"single_post_thumbnail_size":"crop-500","single_post_gallery_size":"crop-500"}],"trending_post_position":"meta","trending_post_label":"Trending","sponsored_post_label":"Sponsored by","disable_ad":"0"},"jnews_primary_category":[],"jnews_social_meta":[],"jnews_override_counter":{"view_counter_number":"0","share_counter_number":"0","like_counter_number":"0","dislike_counter_number":"0"},"footnotes":""},"categories":[42,38],"tags":[],"class_list":["post-18831","post","type-post","status-publish","format-standard","has-post-thumbnail","hentry","category-afrique-de-lest","category-suivis"],"_links":{"self":[{"href":"https:\/\/qiraatafrican.com\/fr\/wp-json\/wp\/v2\/posts\/18831","targetHints":{"allow":["GET"]}}],"collection":[{"href":"https:\/\/qiraatafrican.com\/fr\/wp-json\/wp\/v2\/posts"}],"about":[{"href":"https:\/\/qiraatafrican.com\/fr\/wp-json\/wp\/v2\/types\/post"}],"author":[{"embeddable":true,"href":"https:\/\/qiraatafrican.com\/fr\/wp-json\/wp\/v2\/users\/1"}],"replies":[{"embeddable":true,"href":"https:\/\/qiraatafrican.com\/fr\/wp-json\/wp\/v2\/comments?post=18831"}],"version-history":[{"count":1,"href":"https:\/\/qiraatafrican.com\/fr\/wp-json\/wp\/v2\/posts\/18831\/revisions"}],"predecessor-version":[{"id":18833,"href":"https:\/\/qiraatafrican.com\/fr\/wp-json\/wp\/v2\/posts\/18831\/revisions\/18833"}],"wp:featuredmedia":[{"embeddable":true,"href":"https:\/\/qiraatafrican.com\/fr\/wp-json\/wp\/v2\/media\/18832"}],"wp:attachment":[{"href":"https:\/\/qiraatafrican.com\/fr\/wp-json\/wp\/v2\/media?parent=18831"}],"wp:term":[{"taxonomy":"category","embeddable":true,"href":"https:\/\/qiraatafrican.com\/fr\/wp-json\/wp\/v2\/categories?post=18831"},{"taxonomy":"post_tag","embeddable":true,"href":"https:\/\/qiraatafrican.com\/fr\/wp-json\/wp\/v2\/tags?post=18831"}],"curies":[{"name":"wp","href":"https:\/\/api.w.org\/{rel}","templated":true}]}}