{"id":18828,"date":"2026-08-31T17:39:57","date_gmt":"2026-08-31T17:39:57","guid":{"rendered":"https:\/\/qiraatafrican.com\/fr\/?p=18828"},"modified":"2026-08-31T17:39:57","modified_gmt":"2026-08-31T17:39:57","slug":"le-depouillement-des-votes-a-commence-en-guinee-bissau-apres-le-referendum-sur-lelargissement-des-pouvoirs-presidentiels","status":"publish","type":"post","link":"https:\/\/qiraatafrican.com\/fr\/18828\/le-depouillement-des-votes-a-commence-en-guinee-bissau-apres-le-referendum-sur-lelargissement-des-pouvoirs-presidentiels\/","title":{"rendered":"Le d\u00e9pouillement des votes a commenc\u00e9 en Guin\u00e9e-Bissau apr\u00e8s le r\u00e9f\u00e9rendum sur l&rsquo;\u00e9largissement des pouvoirs pr\u00e9sidentiels."},"content":{"rendered":"<p>Le d\u00e9pouillement a d\u00e9but\u00e9 en Guin\u00e9e-Bissau, pays dirig\u00e9 par l&rsquo;arm\u00e9e, suite \u00e0 la cl\u00f4ture du scrutin lors d&rsquo;un r\u00e9f\u00e9rendum susceptible d&rsquo;accro\u00eetre les pouvoirs du pr\u00e9sident, avant les \u00e9lections g\u00e9n\u00e9rales pr\u00e9vues plus tard cette ann\u00e9e et visant \u00e0 r\u00e9tablir un r\u00e9gime civil.<\/p>\n<p>Le d\u00e9pouillement a commenc\u00e9 en Guin\u00e9e-Bissau, pays dirig\u00e9 par l&rsquo;arm\u00e9e, apr\u00e8s la cl\u00f4ture du vote lors du r\u00e9f\u00e9rendum de dimanche, qui pourrait octroyer davantage de pouvoirs au pr\u00e9sident avant les \u00e9lections g\u00e9n\u00e9rales destin\u00e9es \u00e0 r\u00e9tablir un r\u00e9gime civil plus tard cette ann\u00e9e.<\/p>\n<p>La s\u00e9curit\u00e9 a \u00e9t\u00e9 renforc\u00e9e aux points strat\u00e9giques de la capitale, avec le d\u00e9ploiement de membres de la Garde nationale et de la police aux endroits cl\u00e9s.<\/p>\n<p>Les bureaux de vote ont ferm\u00e9 comme pr\u00e9vu \u00e0 17h00, heure locale, et les premiers r\u00e9sultats provisoires sont attendus mardi.<\/p>\n<p>Idrissa Djalo, secr\u00e9taire ex\u00e9cutif de la Commission \u00e9lectorale nationale, a d\u00e9clar\u00e9 lors d&rsquo;une conf\u00e9rence de presse dimanche soir que le taux de participation avait \u00ab d\u00e9pass\u00e9 \u00bb 55 %.<\/p>\n<p>La commission estime que \u00ab dans l&rsquo;ensemble, le vote s&rsquo;est d\u00e9roul\u00e9 sans incident susceptible de remettre en cause la cr\u00e9dibilit\u00e9 du scrutin \u00bb, a-t-il ajout\u00e9.<\/p>\n<p>Le r\u00e9f\u00e9rendum s&rsquo;est tenu moins de dix mois apr\u00e8s le coup d&rsquo;\u00c9tat qui a vu l&rsquo;arm\u00e9e s&#8217;emparer du pouvoir dans ce pays ouest-africain lusophone et pauvre.<\/p>\n<p>Halimatou Traor\u00e9, commer\u00e7ante, a confi\u00e9 \u00e0 l&rsquo;AFP esp\u00e9rer que la nouvelle constitution apporterait des changements positifs.<\/p>\n<p>\u00ab Les crises successives qu&rsquo;a travers\u00e9es le pays ont eu un impact tr\u00e8s n\u00e9gatif sur mes revenus \u00bb, a-t-elle d\u00e9clar\u00e9 en attendant de voter. \u00ab Si tout se passe bien, la Guin\u00e9e-Bissau s&rsquo;engagera sur de nouvelles voies. \u00bb<\/p>\n<p>Braima Seidy, 76 ans, v\u00e9t\u00e9ran de la guerre d&rsquo;ind\u00e9pendance contre le Portugal, est sorti souriant de l&rsquo;isoloir.<\/p>\n<p>\u00ab Je crois sinc\u00e8rement que cette nouvelle Constitution peut apporter la stabilit\u00e9 au pays \u00bb, a-t-il d\u00e9clar\u00e9 \u00e0 l&rsquo;AFP.<\/p>\n<p>Syst\u00e8me pr\u00e9sidentiel<\/p>\n<p>La junte affirme que cette r\u00e9forme vise \u00e0 stabiliser les institutions avant les nouvelles \u00e9lections pr\u00e9sidentielles et l\u00e9gislatives pr\u00e9vues le 6 d\u00e9cembre, destin\u00e9es \u00e0 rendre le pouvoir aux civils.<\/p>\n<p>Mais le climat politique est tendu dans ce pays c\u00f4tier sujet aux coups d&rsquo;\u00c9tat. L&rsquo;opposition a exhort\u00e9 les \u00e9lecteurs \u00e0 boycotter le r\u00e9f\u00e9rendum \u00ab dans un contexte de restrictions des libert\u00e9s publiques \u00bb.<\/p>\n<p>Le chef de la junte et pr\u00e9sident de transition, le g\u00e9n\u00e9ral Horta N&rsquo;Tam, a appel\u00e9 les jeunes \u00e0 voter \u00ab massivement \u00bb lors de son propre vote dimanche.<\/p>\n<p>\u00ab Ce que nous voulons apr\u00e8s ce r\u00e9f\u00e9rendum, c&rsquo;est permettre au vainqueur des \u00e9lections d&rsquo;exercer son mandat sans entrave \u00bb, a-t-il d\u00e9clar\u00e9.<\/p>\n<p>En vertu de la charte de transition qu&rsquo;il d\u00e9fend, le g\u00e9n\u00e9ral ne peut se repr\u00e9senter.<\/p>\n<p>La junte a approuv\u00e9 \u00e0 l&rsquo;unanimit\u00e9 un amendement constitutionnel visant \u00e0 instaurer un r\u00e9gime pr\u00e9sidentiel, abandonnant ainsi le r\u00e9gime parlementaire, et a appel\u00e9 la population \u00e0 le soutenir.<\/p>\n<p>Le nouveau texte propose d&rsquo;abandonner l&rsquo;ancien syst\u00e8me selon lequel le Premier ministre \u00e9tait issu de la majorit\u00e9 parlementaire, ce qui a engendr\u00e9 un partage du pouvoir difficile.<\/p>\n<p>Il permettrait \u00e9galement au chef de l&rsquo;\u00c9tat de nommer et de r\u00e9voquer le Premier ministre et les membres du gouvernement, et de dissoudre le Parlement.<\/p>\n<p>Dimanche, les \u00e9lecteurs devaient r\u00e9pondre par \u00ab oui \u00bb ou \u00ab non \u00bb \u00e0 la question : \u00ab \u00cates-vous d&rsquo;accord avec l&rsquo;entr\u00e9e en vigueur de la nouvelle constitution approuv\u00e9e par le Conseil national de transition ? \u00bb<\/p>\n<p>\u00ab Au compte-gouttes \u00bb<\/p>\n<p>L&rsquo;arm\u00e9e a pris le pouvoir quelques jours seulement apr\u00e8s l&rsquo;\u00e9lection pr\u00e9sidentielle, renversant le pr\u00e9sident sortant Umaro Sissoco Embalo et suspendant le processus \u00e9lectoral.<\/p>\n<p>Suite aux \u00e9lections l\u00e9gislatives de 2023, Embalo a dissous le parlement, domin\u00e9 par l&rsquo;opposition, en r\u00e9action \u00e0 ce qu&rsquo;il a qualifi\u00e9 de tentative de coup d&rsquo;\u00c9tat.<\/p>\n<p>Il a ensuite gouvern\u00e9 par d\u00e9cret jusqu&rsquo;\u00e0 son \u00e9viction par l&rsquo;arm\u00e9e.<\/p>\n<p>Dans cinq bureaux de vote de Bissau visit\u00e9s par l&rsquo;AFP dans l&rsquo;apr\u00e8s-midi, la participation \u00e9tait irr\u00e9guli\u00e8re et faible. Les fortes pluies du matin en avaient dissuad\u00e9 certains.<\/p>\n<p>\u00ab Les \u00e9lecteurs arrivent au compte-gouttes \u00bb, a d\u00e9clar\u00e9 le responsable de l&rsquo;un des bureaux de vote. \u00ab La pluie a ralenti l&rsquo;activit\u00e9. \u00bb<\/p>\n<p>La Guin\u00e9e-Bissau, l&rsquo;un des pays les plus pauvres du monde, a connu cinq coups d&rsquo;\u00c9tat et plusieurs tentatives de coup d&rsquo;\u00c9tat depuis 1974.<\/p>\n<p>Ce r\u00e9f\u00e9rendum intervient apr\u00e8s que plusieurs autres pays africains, dont le Zimbabwe et le Tchad, ont modifi\u00e9 leur constitution ces derni\u00e8res ann\u00e9es afin d&rsquo;allonger la dur\u00e9e des mandats, de supprimer les limites d&rsquo;\u00e2ge ou de renforcer les pouvoirs de l&rsquo;ex\u00e9cutif.<\/p>\n","protected":false},"excerpt":{"rendered":"<p>Le d\u00e9pouillement a d\u00e9but\u00e9 en Guin\u00e9e-Bissau, pays dirig\u00e9 par l&rsquo;arm\u00e9e, suite \u00e0 la cl\u00f4ture du scrutin lors d&rsquo;un r\u00e9f\u00e9rendum susceptible d&rsquo;accro\u00eetre les pouvoirs du pr\u00e9sident, avant les \u00e9lections g\u00e9n\u00e9rales pr\u00e9vues plus tard cette ann\u00e9e et visant \u00e0 r\u00e9tablir un r\u00e9gime civil. Le d\u00e9pouillement a commenc\u00e9 en Guin\u00e9e-Bissau, pays dirig\u00e9 par l&rsquo;arm\u00e9e, apr\u00e8s la cl\u00f4ture du [&hellip;]<\/p>\n","protected":false},"author":1,"featured_media":18829,"comment_status":"closed","ping_status":"closed","sticky":false,"template":"","format":"standard","meta":{"iawp_total_views":1,"jnews-multi-image_gallery":[],"jnews_single_post":{"subtitle":"","format":"standard","override":[{"template":"1","parallax":"1","fullscreen":"1","layout":"right-sidebar","sidebar":"default-sidebar","second_sidebar":"default-sidebar","sticky_sidebar":"1","share_position":"topbottom","share_float_style":"share-monocrhome","show_share_counter":"1","show_featured":"1","show_post_meta":"1","show_post_author_image":"1","show_post_date":"1","post_date_format":"default","post_date_format_custom":"Y\/m\/d","show_post_category":"1","show_post_reading_time":"0","post_reading_time_wpm":"300","post_calculate_word_method":"str_word_count","show_zoom_button":"0","zoom_button_out_step":"2","zoom_button_in_step":"3","show_post_tag":"1","show_comment_section":"1","number_popup_post":"1","show_post_related":"1","show_inline_post_related":"1"}],"image_override":[{"single_post_thumbnail_size":"crop-500","single_post_gallery_size":"crop-500"}],"trending_post_position":"meta","trending_post_label":"Trending","sponsored_post_label":"Sponsored by","disable_ad":"0"},"jnews_primary_category":[],"jnews_social_meta":[],"jnews_override_counter":{"view_counter_number":"0","share_counter_number":"0","like_counter_number":"0","dislike_counter_number":"0"},"footnotes":""},"categories":[5],"tags":[],"class_list":["post-18828","post","type-post","status-publish","format-standard","has-post-thumbnail","hentry","category-politique-africaine"],"_links":{"self":[{"href":"https:\/\/qiraatafrican.com\/fr\/wp-json\/wp\/v2\/posts\/18828","targetHints":{"allow":["GET"]}}],"collection":[{"href":"https:\/\/qiraatafrican.com\/fr\/wp-json\/wp\/v2\/posts"}],"about":[{"href":"https:\/\/qiraatafrican.com\/fr\/wp-json\/wp\/v2\/types\/post"}],"author":[{"embeddable":true,"href":"https:\/\/qiraatafrican.com\/fr\/wp-json\/wp\/v2\/users\/1"}],"replies":[{"embeddable":true,"href":"https:\/\/qiraatafrican.com\/fr\/wp-json\/wp\/v2\/comments?post=18828"}],"version-history":[{"count":1,"href":"https:\/\/qiraatafrican.com\/fr\/wp-json\/wp\/v2\/posts\/18828\/revisions"}],"predecessor-version":[{"id":18830,"href":"https:\/\/qiraatafrican.com\/fr\/wp-json\/wp\/v2\/posts\/18828\/revisions\/18830"}],"wp:featuredmedia":[{"embeddable":true,"href":"https:\/\/qiraatafrican.com\/fr\/wp-json\/wp\/v2\/media\/18829"}],"wp:attachment":[{"href":"https:\/\/qiraatafrican.com\/fr\/wp-json\/wp\/v2\/media?parent=18828"}],"wp:term":[{"taxonomy":"category","embeddable":true,"href":"https:\/\/qiraatafrican.com\/fr\/wp-json\/wp\/v2\/categories?post=18828"},{"taxonomy":"post_tag","embeddable":true,"href":"https:\/\/qiraatafrican.com\/fr\/wp-json\/wp\/v2\/tags?post=18828"}],"curies":[{"name":"wp","href":"https:\/\/api.w.org\/{rel}","templated":true}]}}