{"id":17942,"date":"2026-05-01T06:49:32","date_gmt":"2026-05-01T06:49:32","guid":{"rendered":"https:\/\/qiraatafrican.com\/fr\/?p=17942"},"modified":"2026-05-01T06:49:32","modified_gmt":"2026-05-01T06:49:32","slug":"les-pays-producteurs-de-petrole-africains-defendent-la-necessite-de-forer-lors-des-negociations-sur-la-sortie-des-energies-fossiles","status":"publish","type":"post","link":"https:\/\/qiraatafrican.com\/fr\/17942\/les-pays-producteurs-de-petrole-africains-defendent-la-necessite-de-forer-lors-des-negociations-sur-la-sortie-des-energies-fossiles\/","title":{"rendered":"Les pays producteurs de p\u00e9trole africains d\u00e9fendent la n\u00e9cessit\u00e9 de forer lors des n\u00e9gociations sur la sortie des \u00e9nergies fossiles"},"content":{"rendered":"<p>Les pays africains riches en p\u00e9trole, r\u00e9unis en Colombie pour les n\u00e9gociations internationales sur la sortie des \u00e9nergies fossiles, ont d\u00e9clar\u00e9 mercredi qu&rsquo;ils continueraient \u00e0 forer pour soutenir la croissance \u00e9conomique, soulignant ainsi les tensions entre les imp\u00e9ratifs climatiques et les r\u00e9alit\u00e9s budg\u00e9taires pour les pays en d\u00e9veloppement.<\/p>\n<p>Les ministres et les envoy\u00e9s de pr\u00e8s de 60 pays se sont r\u00e9unis \u00e0 Santa Marta, ville c\u00f4ti\u00e8re des Cara\u00efbes, pour la toute premi\u00e8re conf\u00e9rence mondiale sur la transition \u00e9nerg\u00e9tique mondiale, afin de se lib\u00e9rer des \u00e9nergies fossiles comme le p\u00e9trole, le gaz et le charbon, principaux responsables du r\u00e9chauffement climatique.<\/p>\n<p>Cette conf\u00e9rence s&rsquo;est tenue alors que les prix du p\u00e9trole ont atteint mercredi leur plus haut niveau depuis d\u00e9but 2022, accentuant les craintes concernant la s\u00e9curit\u00e9 \u00e9nerg\u00e9tique mondiale et soulignant les risques li\u00e9s \u00e0 la d\u00e9pendance aux \u00e9nergies fossiles, dans un contexte de conflit prolong\u00e9 avec l&rsquo;Iran.<\/p>\n<p>Cette situation est particuli\u00e8rement difficile pour les pays en d\u00e9veloppement fortement d\u00e9pendants des revenus issus des \u00e9nergies fossiles \u2013 un message que certains participants \u00e0 Santa Marta ont relay\u00e9.<\/p>\n<p>\u00ab Il ne s&rsquo;agit pas d&rsquo;une sortie compl\u00e8te, mais d&rsquo;une r\u00e9duction progressive. Voil\u00e0 le message \u00bb, a d\u00e9clar\u00e9 \u00e0 l&rsquo;AFP \u00e0 Santa Marta Onuoha Magnus Chidi, conseiller du ministre nig\u00e9rian du D\u00e9veloppement r\u00e9gional.<\/p>\n<p>\u00ab Nous proc\u00e9dons \u00e0 une r\u00e9duction progressive et nous insistons sur la n\u00e9cessit\u00e9 d&rsquo;une planification pr\u00e9coce\u2026 Il faut que ce soit \u00e9quitable pour tous. \u00bb<\/p>\n<p>Chidi a d\u00e9clar\u00e9 que la sortie des \u00e9nergies fossiles prendrait du temps au Nig\u00e9ria, sixi\u00e8me pays le plus peupl\u00e9 du monde et qui poss\u00e8de certaines des plus importantes r\u00e9serves de p\u00e9trole et de gaz d&rsquo;Afrique.<\/p>\n<p>\u00ab Des gens vont perdre leur emploi\u2026 Comment comptez-vous les r\u00e9ins\u00e9rer dans d&rsquo;autres secteurs ? \u00bb, a-t-il demand\u00e9, soulignant la n\u00e9cessit\u00e9 d&rsquo;une r\u00e9forme de la dette et d&rsquo;autres formes d&rsquo;aide financi\u00e8re pour rendre ce changement possible.<\/p>\n<p>\u00ab Notre droit \u00bb<\/p>\n<p>Le S\u00e9n\u00e9gal a tenu un discours similaire, conciliant les priorit\u00e9s climatiques et de d\u00e9veloppement apr\u00e8s les r\u00e9centes d\u00e9couvertes de p\u00e9trole et de gaz offshore dans ce pays d&rsquo;Afrique de l&rsquo;Ouest.<\/p>\n<p>\u00ab Nous sommes pleinement conscients des d\u00e9fis mondiaux qui exigent une transition \u00bb, a d\u00e9clar\u00e9 \u00e0 l&rsquo;AFP Serigne Momar Sarr, conseiller technique au minist\u00e8re s\u00e9n\u00e9galais de l&rsquo;Environnement et unique repr\u00e9sentant du pays \u00e0 la conf\u00e9rence.<\/p>\n<p>\u00ab Ce que nous souhaitons affirmer, c&rsquo;est notre droit au d\u00e9veloppement, exerc\u00e9 en toute responsabilit\u00e9. \u00bb<\/p>\n<p>Sarr a d\u00e9clar\u00e9 que l&rsquo;Afrique ne repr\u00e9sentait qu&rsquo;une fraction des \u00e9missions mondiales et que le S\u00e9n\u00e9gal poursuivrait une strat\u00e9gie d&rsquo;utilisation du gaz pour la production d&rsquo;\u00e9lectricit\u00e9, l&rsquo;industrie et les exportations, tout en op\u00e9rant une transition progressive vers des \u00e9nergies plus propres.<\/p>\n<p>\u00ab Nous menons cette transition en parall\u00e8le de nos activit\u00e9s extractives \u00bb, a-t-il affirm\u00e9.<\/p>\n<p>Cette conf\u00e9rence a \u00e9t\u00e9 organis\u00e9e suite \u00e0 la frustration engendr\u00e9e par les n\u00e9gociations de l&rsquo;ONU sur le climat, o\u00f9 les efforts pour lutter contre l&rsquo;utilisation des combustibles fossiles \u2013 principal facteur du r\u00e9chauffement climatique \u2013 sont au point mort.<\/p>\n<p>Les plus grands producteurs mondiaux de p\u00e9trole, de charbon et de gaz \u2013 les \u00c9tats-Unis, la Chine, l&rsquo;Arabie saoudite et la Russie \u2013 n&rsquo;y ont pas particip\u00e9, de m\u00eame que les pays du Golfe riches en p\u00e9trole.<\/p>\n<p>Bien que cette r\u00e9union ne soit pas cens\u00e9e aboutir \u00e0 des engagements contraignants, les organisateurs esp\u00e8rent qu&rsquo;elle permettra de formuler des propositions concr\u00e8tes \u00e0 l&rsquo;intention des pays d\u00e9sireux d&rsquo;acc\u00e9l\u00e9rer une r\u00e9duction ma\u00eetris\u00e9e de leur consommation de combustibles fossiles.<\/p>\n<p>\u00ab Chaque \u00e9conomie a une situation diff\u00e9rente \u00bb, a d\u00e9clar\u00e9 \u00e0 l&rsquo;AFP la ministre espagnole du Climat, Sara Aagesen.<\/p>\n","protected":false},"excerpt":{"rendered":"<p>Les pays africains riches en p\u00e9trole, r\u00e9unis en Colombie pour les n\u00e9gociations internationales sur la sortie des \u00e9nergies fossiles, ont d\u00e9clar\u00e9 mercredi qu&rsquo;ils continueraient \u00e0 forer pour soutenir la croissance \u00e9conomique, soulignant ainsi les tensions entre les imp\u00e9ratifs climatiques et les r\u00e9alit\u00e9s budg\u00e9taires pour les pays en d\u00e9veloppement. Les ministres et les envoy\u00e9s de pr\u00e8s [&hellip;]<\/p>\n","protected":false},"author":1,"featured_media":17943,"comment_status":"closed","ping_status":"closed","sticky":false,"template":"","format":"standard","meta":{"iawp_total_views":1,"jnews-multi-image_gallery":[],"jnews_single_post":{"subtitle":"","format":"standard","override":[{"template":"1","parallax":"1","fullscreen":"1","layout":"right-sidebar","sidebar":"default-sidebar","second_sidebar":"default-sidebar","sticky_sidebar":"1","share_position":"topbottom","share_float_style":"share-monocrhome","show_share_counter":"1","show_featured":"1","show_post_meta":"1","show_post_author_image":"1","show_post_date":"1","post_date_format":"default","post_date_format_custom":"Y\/m\/d","show_post_category":"1","show_post_reading_time":"0","post_reading_time_wpm":"300","post_calculate_word_method":"str_word_count","show_zoom_button":"0","zoom_button_out_step":"2","zoom_button_in_step":"3","show_post_tag":"1","number_popup_post":"1","show_post_related":"1","show_inline_post_related":"1"}],"image_override":[{"single_post_thumbnail_size":"crop-500","single_post_gallery_size":"crop-500"}],"trending_post_position":"meta","trending_post_label":"Trending","sponsored_post_label":"Sponsored by","disable_ad":"0"},"jnews_primary_category":[],"jnews_social_meta":[],"jnews_override_counter":{"view_counter_number":"0","share_counter_number":"0","like_counter_number":"0","dislike_counter_number":"0"},"footnotes":""},"categories":[16],"tags":[],"class_list":["post-17942","post","type-post","status-publish","format-standard","has-post-thumbnail","hentry","category-economie-africaine"],"_links":{"self":[{"href":"https:\/\/qiraatafrican.com\/fr\/wp-json\/wp\/v2\/posts\/17942","targetHints":{"allow":["GET"]}}],"collection":[{"href":"https:\/\/qiraatafrican.com\/fr\/wp-json\/wp\/v2\/posts"}],"about":[{"href":"https:\/\/qiraatafrican.com\/fr\/wp-json\/wp\/v2\/types\/post"}],"author":[{"embeddable":true,"href":"https:\/\/qiraatafrican.com\/fr\/wp-json\/wp\/v2\/users\/1"}],"replies":[{"embeddable":true,"href":"https:\/\/qiraatafrican.com\/fr\/wp-json\/wp\/v2\/comments?post=17942"}],"version-history":[{"count":1,"href":"https:\/\/qiraatafrican.com\/fr\/wp-json\/wp\/v2\/posts\/17942\/revisions"}],"predecessor-version":[{"id":17944,"href":"https:\/\/qiraatafrican.com\/fr\/wp-json\/wp\/v2\/posts\/17942\/revisions\/17944"}],"wp:featuredmedia":[{"embeddable":true,"href":"https:\/\/qiraatafrican.com\/fr\/wp-json\/wp\/v2\/media\/17943"}],"wp:attachment":[{"href":"https:\/\/qiraatafrican.com\/fr\/wp-json\/wp\/v2\/media?parent=17942"}],"wp:term":[{"taxonomy":"category","embeddable":true,"href":"https:\/\/qiraatafrican.com\/fr\/wp-json\/wp\/v2\/categories?post=17942"},{"taxonomy":"post_tag","embeddable":true,"href":"https:\/\/qiraatafrican.com\/fr\/wp-json\/wp\/v2\/tags?post=17942"}],"curies":[{"name":"wp","href":"https:\/\/api.w.org\/{rel}","templated":true}]}}