{"id":17939,"date":"2026-05-01T06:45:26","date_gmt":"2026-05-01T06:45:26","guid":{"rendered":"https:\/\/qiraatafrican.com\/fr\/?p=17939"},"modified":"2026-05-01T06:45:26","modified_gmt":"2026-05-01T06:45:26","slug":"le-burkina-faso-renforce-la-securite-apres-les-attaques-au-mali","status":"publish","type":"post","link":"https:\/\/qiraatafrican.com\/fr\/17939\/le-burkina-faso-renforce-la-securite-apres-les-attaques-au-mali\/","title":{"rendered":"Le Burkina Faso renforce la s\u00e9curit\u00e9 apr\u00e8s les attaques au Mali"},"content":{"rendered":"<p>La junte au pouvoir au Burkina Faso a renforc\u00e9 la s\u00e9curit\u00e9 dans la capitale, Ouagadougou, suite aux attaques coordonn\u00e9es perp\u00e9tr\u00e9es au Mali, son voisin et alli\u00e9, ont indiqu\u00e9 des sources s\u00e9curitaires \u00e0 l&rsquo;AFP mercredi.<\/p>\n<p>Mardi, le minist\u00e8re de la S\u00e9curit\u00e9 du Burkina Faso a annonc\u00e9 le lancement d&rsquo;une op\u00e9ration de renforcement de la s\u00e9curit\u00e9 sur l&rsquo;ensemble du territoire et a appel\u00e9 \u00e0 la vigilance.<\/p>\n<p>Il a \u00e9galement exhort\u00e9 la population \u00e0 signaler tout comportement suspect, notamment aux abords des infrastructures sensibles telles que les casernes militaires, les a\u00e9roports, les b\u00e2timents administratifs et autres installations d&rsquo;importance nationale.<\/p>\n<p>\u00ab Un important dispositif de s\u00e9curit\u00e9 a \u00e9t\u00e9 d\u00e9ploy\u00e9 \u00e0 Ouagadougou et dans d&rsquo;autres r\u00e9gions du pays \u00bb, a d\u00e9clar\u00e9 \u00e0 l&rsquo;AFP une source polici\u00e8re sous couvert d&rsquo;anonymat.<\/p>\n<p>Une autre source polici\u00e8re a pr\u00e9cis\u00e9 que des unit\u00e9s ont \u00e9t\u00e9 d\u00e9ploy\u00e9es aux carrefours strat\u00e9giques de la capitale.<\/p>\n<p>\u00ab Ces unit\u00e9s seront \u00e9galement charg\u00e9es de recueillir des renseignements op\u00e9rationnels relatifs \u00e0 la criminalit\u00e9 et au terrorisme \u00bb, a ajout\u00e9 la source.<\/p>\n<p>Ces mesures font suite \u00e0 des attaques sans pr\u00e9c\u00e9dent men\u00e9es par des djihadistes et des rebelles touaregs au Mali, pays qui, comme le Burkina Faso et le Niger, son alli\u00e9 sah\u00e9lien, est dirig\u00e9 par l&rsquo;arm\u00e9e.<\/p>\n<p>Ces trois pays sont la cible d&rsquo;attaques r\u00e9p\u00e9t\u00e9es perp\u00e9tr\u00e9es par des extr\u00e9mistes li\u00e9s \u00e0 Al-Qa\u00efda et \u00e0 l&rsquo;\u00c9tat islamique depuis une dizaine d&rsquo;ann\u00e9es.<\/p>\n<p>Une source militaire burkinab\u00e8 a d\u00e9clar\u00e9 que l&rsquo;arm\u00e9e \u00e9tait en \u00e9tat d&rsquo;alerte maximale, car \u00ab nous sommes en guerre \u00bb.<\/p>\n<p>\u00ab La vigilance reste de mise, cette op\u00e9ration de s\u00e9curit\u00e9 n&rsquo;a donc rien d&rsquo;exceptionnel, m\u00eame si la situation au Mali exige une plus grande rigueur et une vigilance accrue \u00bb, a ajout\u00e9 la source.<\/p>\n<p>La junte nig\u00e9rienne a annul\u00e9 mercredi ses traditionnels d\u00e9fil\u00e9s du 1er mai \u00e0 travers le pays pour des raisons de s\u00e9curit\u00e9.<\/p>\n<p>Le gouvernement ivoirien, pays voisin du Mali et du Burkina Faso au sud, a quant \u00e0 lui affirm\u00e9 que ses fronti\u00e8res \u00e9taient s\u00e9curis\u00e9es, mais qu&rsquo;il s&rsquo;attendait \u00e0 un afflux de r\u00e9fugi\u00e9s suite aux attaques au Mali.<\/p>\n","protected":false},"excerpt":{"rendered":"<p>La junte au pouvoir au Burkina Faso a renforc\u00e9 la s\u00e9curit\u00e9 dans la capitale, Ouagadougou, suite aux attaques coordonn\u00e9es perp\u00e9tr\u00e9es au Mali, son voisin et alli\u00e9, ont indiqu\u00e9 des sources s\u00e9curitaires \u00e0 l&rsquo;AFP mercredi. Mardi, le minist\u00e8re de la S\u00e9curit\u00e9 du Burkina Faso a annonc\u00e9 le lancement d&rsquo;une op\u00e9ration de renforcement de la s\u00e9curit\u00e9 sur [&hellip;]<\/p>\n","protected":false},"author":1,"featured_media":17940,"comment_status":"closed","ping_status":"closed","sticky":false,"template":"","format":"standard","meta":{"iawp_total_views":1,"jnews-multi-image_gallery":[],"jnews_single_post":{"subtitle":"","format":"standard","override":[{"template":"1","parallax":"1","fullscreen":"1","layout":"right-sidebar","sidebar":"default-sidebar","second_sidebar":"default-sidebar","sticky_sidebar":"1","share_position":"topbottom","share_float_style":"share-monocrhome","show_share_counter":"1","show_featured":"1","show_post_meta":"1","show_post_author_image":"1","show_post_date":"1","post_date_format":"default","post_date_format_custom":"Y\/m\/d","show_post_category":"1","show_post_reading_time":"0","post_reading_time_wpm":"300","post_calculate_word_method":"str_word_count","show_zoom_button":"0","zoom_button_out_step":"2","zoom_button_in_step":"3","show_post_tag":"1","number_popup_post":"1","show_post_related":"1","show_inline_post_related":"1"}],"image_override":[{"single_post_thumbnail_size":"crop-500","single_post_gallery_size":"crop-500"}],"trending_post_position":"meta","trending_post_label":"Trending","sponsored_post_label":"Sponsored by","disable_ad":"0"},"jnews_primary_category":[],"jnews_social_meta":[],"jnews_override_counter":{"view_counter_number":"0","share_counter_number":"0","like_counter_number":"0","dislike_counter_number":"0"},"footnotes":""},"categories":[5],"tags":[],"class_list":["post-17939","post","type-post","status-publish","format-standard","has-post-thumbnail","hentry","category-politique-africaine"],"_links":{"self":[{"href":"https:\/\/qiraatafrican.com\/fr\/wp-json\/wp\/v2\/posts\/17939","targetHints":{"allow":["GET"]}}],"collection":[{"href":"https:\/\/qiraatafrican.com\/fr\/wp-json\/wp\/v2\/posts"}],"about":[{"href":"https:\/\/qiraatafrican.com\/fr\/wp-json\/wp\/v2\/types\/post"}],"author":[{"embeddable":true,"href":"https:\/\/qiraatafrican.com\/fr\/wp-json\/wp\/v2\/users\/1"}],"replies":[{"embeddable":true,"href":"https:\/\/qiraatafrican.com\/fr\/wp-json\/wp\/v2\/comments?post=17939"}],"version-history":[{"count":1,"href":"https:\/\/qiraatafrican.com\/fr\/wp-json\/wp\/v2\/posts\/17939\/revisions"}],"predecessor-version":[{"id":17941,"href":"https:\/\/qiraatafrican.com\/fr\/wp-json\/wp\/v2\/posts\/17939\/revisions\/17941"}],"wp:featuredmedia":[{"embeddable":true,"href":"https:\/\/qiraatafrican.com\/fr\/wp-json\/wp\/v2\/media\/17940"}],"wp:attachment":[{"href":"https:\/\/qiraatafrican.com\/fr\/wp-json\/wp\/v2\/media?parent=17939"}],"wp:term":[{"taxonomy":"category","embeddable":true,"href":"https:\/\/qiraatafrican.com\/fr\/wp-json\/wp\/v2\/categories?post=17939"},{"taxonomy":"post_tag","embeddable":true,"href":"https:\/\/qiraatafrican.com\/fr\/wp-json\/wp\/v2\/tags?post=17939"}],"curies":[{"name":"wp","href":"https:\/\/api.w.org\/{rel}","templated":true}]}}