{"id":17933,"date":"2026-05-01T06:37:18","date_gmt":"2026-05-01T06:37:18","guid":{"rendered":"https:\/\/qiraatafrican.com\/fr\/?p=17933"},"modified":"2026-05-01T06:37:18","modified_gmt":"2026-05-01T06:37:18","slug":"les-funerailles-nationales-du-ministre-malien-de-la-defense-assassine-ont-ete-retransmises-a-la-television","status":"publish","type":"post","link":"https:\/\/qiraatafrican.com\/fr\/17933\/les-funerailles-nationales-du-ministre-malien-de-la-defense-assassine-ont-ete-retransmises-a-la-television\/","title":{"rendered":"Les fun\u00e9railles nationales du ministre malien de la D\u00e9fense assassin\u00e9 ont \u00e9t\u00e9 retransmises \u00e0 la t\u00e9l\u00e9vision."},"content":{"rendered":"<p>Des fun\u00e9railles nationales ont \u00e9t\u00e9 organis\u00e9es jeudi pour l&rsquo;ancien ministre malien de la D\u00e9fense, le g\u00e9n\u00e9ral Sadio Camara, artisan majeur du partenariat s\u00e9curitaire entre le gouvernement militaire et la Russie.<\/p>\n<p>Il a \u00e9t\u00e9 tu\u00e9 lors de l&rsquo;attaque coordonn\u00e9e du week-end dernier, men\u00e9e par des militants djihadistes et leurs alli\u00e9s s\u00e9paratistes touaregs contre des positions militaires \u00e0 travers le pays \u2013 la plus importante depuis plus de dix ans.<\/p>\n<p>Apr\u00e8s deux jours de deuil national, les fun\u00e9railles ont \u00e9t\u00e9 retransmises \u00e0 la t\u00e9l\u00e9vision d&rsquo;\u00c9tat et se sont d\u00e9roul\u00e9es en pr\u00e9sence du chef de la junte, Assimi Go\u00efta, et de hauts responsables militaires.<\/p>\n<p>Le cercueil \u00e9tait recouvert du drapeau malien (vert, jaune et rouge) et de grands portraits de l&rsquo;ancien ministre de la D\u00e9fense \u00e9taient expos\u00e9s.<\/p>\n<p>Camara a jou\u00e9 un r\u00f4le d\u00e9terminant dans l&rsquo;\u00e9tablissement de la Russie comme principal partenaire s\u00e9curitaire du pays apr\u00e8s les coups d&rsquo;\u00c9tat qui ont port\u00e9 l&rsquo;arm\u00e9e au pouvoir.<\/p>\n<p>Selon les analystes, sa mort, et le revers majeur subi par l&rsquo;arm\u00e9e et ses alli\u00e9s mercenaires russes, risquent de cr\u00e9er des divisions au sein de la junte et pourraient l&rsquo;amener \u00e0 reconsid\u00e9rer son partenariat avec Moscou.<\/p>\n<p>Camara est n\u00e9 en 1979 \u00e0 Kati, ville de garnison proche de Bamako, la capitale, o\u00f9 il a \u00e9t\u00e9 tu\u00e9 samedi par l&rsquo;explosion d&rsquo;une voiture pi\u00e9g\u00e9e devant son domicile.<\/p>\n<p>Officier de terrain, il a \u00e9t\u00e9 d\u00e9ploy\u00e9 dans le nord du Mali \u00e0 la fin des ann\u00e9es 2000, en pleine recrudescence des r\u00e9bellions men\u00e9es par des groupes arm\u00e9s, dont certains \u00e9taient li\u00e9s \u00e0 Al-Qa\u00efda.<\/p>\n<p>Apr\u00e8s avoir obtenu son dipl\u00f4me d&rsquo;une acad\u00e9mie militaire, il a effectu\u00e9 plusieurs missions de formation \u00e0 l&rsquo;\u00e9tranger, notamment dans une acad\u00e9mie militaire russe.<\/p>\n<p>Les Maliens ont d\u00e9couvert Camara lorsqu&rsquo;en ao\u00fbt 2020, alors colonel, il est apparu \u00e0 la t\u00e9l\u00e9vision nationale aux c\u00f4t\u00e9s d&rsquo;un groupe de cinq officiers ayant renvers\u00e9 le pr\u00e9sident Ibrahim Boubacar Ke\u00efta.<\/p>\n<p>Ces officiers ont accus\u00e9 Ke\u00efta d&rsquo;\u00eatre soutenu par la France et de ne pas en faire assez pour endiguer la recrudescence des attaques terroristes dans le pays.<\/p>\n<p>Ils se sont engag\u00e9s \u00e0 renforcer la s\u00e9curit\u00e9.<\/p>\n<p>Apr\u00e8s le coup d&rsquo;\u00c9tat, la nouvelle junte s&rsquo;est tourn\u00e9e vers la Russie comme nouveau partenaire en mati\u00e8re de s\u00e9curit\u00e9, expulsant les troupes fran\u00e7aises et les Casques bleus des Nations Unies.<\/p>\n<p>Camara \u00e9tait l&rsquo;un des plus hauts responsables de la junte et \u00e9tait consid\u00e9r\u00e9 comme l&rsquo;artisan du rapprochement du Mali avec la Russie ces derni\u00e8res ann\u00e9es.<\/p>\n<p>Il a occup\u00e9 le poste de ministre de la D\u00e9fense sous les deux gouvernements militaires maliens successifs\u00a0: une premi\u00e8re fois apr\u00e8s le coup d&rsquo;\u00c9tat de 2020, puis apr\u00e8s avoir \u00e9t\u00e9 reconduit dans ses fonctions suite au second coup d&rsquo;\u00c9tat de mai 2021 qui a port\u00e9 Go\u00efta au pouvoir.<\/p>\n","protected":false},"excerpt":{"rendered":"<p>Des fun\u00e9railles nationales ont \u00e9t\u00e9 organis\u00e9es jeudi pour l&rsquo;ancien ministre malien de la D\u00e9fense, le g\u00e9n\u00e9ral Sadio Camara, artisan majeur du partenariat s\u00e9curitaire entre le gouvernement militaire et la Russie. Il a \u00e9t\u00e9 tu\u00e9 lors de l&rsquo;attaque coordonn\u00e9e du week-end dernier, men\u00e9e par des militants djihadistes et leurs alli\u00e9s s\u00e9paratistes touaregs contre des positions militaires [&hellip;]<\/p>\n","protected":false},"author":1,"featured_media":17934,"comment_status":"closed","ping_status":"closed","sticky":false,"template":"","format":"standard","meta":{"iawp_total_views":1,"jnews-multi-image_gallery":[],"jnews_single_post":{"subtitle":"","format":"standard","override":[{"template":"1","parallax":"1","fullscreen":"1","layout":"right-sidebar","sidebar":"default-sidebar","second_sidebar":"default-sidebar","sticky_sidebar":"1","share_position":"topbottom","share_float_style":"share-monocrhome","show_share_counter":"1","show_featured":"1","show_post_meta":"1","show_post_author_image":"1","show_post_date":"1","post_date_format":"default","post_date_format_custom":"Y\/m\/d","show_post_category":"1","show_post_reading_time":"0","post_reading_time_wpm":"300","post_calculate_word_method":"str_word_count","show_zoom_button":"0","zoom_button_out_step":"2","zoom_button_in_step":"3","show_post_tag":"1","number_popup_post":"1","show_post_related":"1","show_inline_post_related":"1"}],"image_override":[{"single_post_thumbnail_size":"crop-500","single_post_gallery_size":"crop-500"}],"trending_post_position":"meta","trending_post_label":"Trending","sponsored_post_label":"Sponsored by","disable_ad":"0"},"jnews_primary_category":[],"jnews_social_meta":[],"jnews_override_counter":{"view_counter_number":"0","share_counter_number":"0","like_counter_number":"0","dislike_counter_number":"0"},"footnotes":""},"categories":[5],"tags":[],"class_list":["post-17933","post","type-post","status-publish","format-standard","has-post-thumbnail","hentry","category-politique-africaine"],"_links":{"self":[{"href":"https:\/\/qiraatafrican.com\/fr\/wp-json\/wp\/v2\/posts\/17933","targetHints":{"allow":["GET"]}}],"collection":[{"href":"https:\/\/qiraatafrican.com\/fr\/wp-json\/wp\/v2\/posts"}],"about":[{"href":"https:\/\/qiraatafrican.com\/fr\/wp-json\/wp\/v2\/types\/post"}],"author":[{"embeddable":true,"href":"https:\/\/qiraatafrican.com\/fr\/wp-json\/wp\/v2\/users\/1"}],"replies":[{"embeddable":true,"href":"https:\/\/qiraatafrican.com\/fr\/wp-json\/wp\/v2\/comments?post=17933"}],"version-history":[{"count":1,"href":"https:\/\/qiraatafrican.com\/fr\/wp-json\/wp\/v2\/posts\/17933\/revisions"}],"predecessor-version":[{"id":17935,"href":"https:\/\/qiraatafrican.com\/fr\/wp-json\/wp\/v2\/posts\/17933\/revisions\/17935"}],"wp:featuredmedia":[{"embeddable":true,"href":"https:\/\/qiraatafrican.com\/fr\/wp-json\/wp\/v2\/media\/17934"}],"wp:attachment":[{"href":"https:\/\/qiraatafrican.com\/fr\/wp-json\/wp\/v2\/media?parent=17933"}],"wp:term":[{"taxonomy":"category","embeddable":true,"href":"https:\/\/qiraatafrican.com\/fr\/wp-json\/wp\/v2\/categories?post=17933"},{"taxonomy":"post_tag","embeddable":true,"href":"https:\/\/qiraatafrican.com\/fr\/wp-json\/wp\/v2\/tags?post=17933"}],"curies":[{"name":"wp","href":"https:\/\/api.w.org\/{rel}","templated":true}]}}