{"id":17927,"date":"2026-04-30T05:46:20","date_gmt":"2026-04-30T05:46:20","guid":{"rendered":"https:\/\/qiraatafrican.com\/fr\/?p=17927"},"modified":"2026-04-30T05:46:20","modified_gmt":"2026-04-30T05:46:20","slug":"le-president-de-la-republique-du-congo-sentretient-avec-son-homologue-russe","status":"publish","type":"post","link":"https:\/\/qiraatafrican.com\/fr\/17927\/le-president-de-la-republique-du-congo-sentretient-avec-son-homologue-russe\/","title":{"rendered":"Le pr\u00e9sident de la R\u00e9publique du Congo s&rsquo;entretient avec son homologue russe."},"content":{"rendered":"<p>Le pr\u00e9sident russe Vladimir Poutine s&rsquo;est entretenu mercredi au Kremlin avec Denis Sassou N&rsquo;Guesso, pr\u00e9sident de la R\u00e9publique du Congo.<\/p>\n<p>M. Poutine a d\u00e9clar\u00e9 que la Russie entrevoyait des perspectives prometteuses pour le d\u00e9veloppement des relations bilat\u00e9rales entre les deux pays, notamment dans le domaine \u00e9conomique.<\/p>\n<p>\u00ab Il s&rsquo;agit notamment de l&rsquo;exploration g\u00e9ologique, de l&rsquo;\u00e9nergie, de la logistique, de l&rsquo;agriculture et de plusieurs autres secteurs \u00bb, a-t-il pr\u00e9cis\u00e9.<\/p>\n<p>F\u00e9licitant M. Sassou N&rsquo;Guesso pour sa r\u00e9\u00e9lection le mois dernier pour un cinqui\u00e8me mandat, le pr\u00e9sident russe a affirm\u00e9 que la stabilit\u00e9 politique au Congo offrait de \u00ab bonnes perspectives commerciales \u00bb.<\/p>\n<p>\u00c2g\u00e9 de 82 ans, le pr\u00e9sident a d\u00fb faire face \u00e0 une faible opposition, deux des figures les plus connues du pays \u00e9tant emprisonn\u00e9es et d&rsquo;autres en exil.<\/p>\n<p>Plusieurs partis d&rsquo;opposition ont boycott\u00e9 l&rsquo;\u00e9lection, remport\u00e9e par M. Sassou N&rsquo;Guesso avec pr\u00e8s de 95 % des voix, d\u00e9non\u00e7ant un manque de cr\u00e9dibilit\u00e9 du processus.<\/p>\n<p>Le pr\u00e9sident congolais a, pour sa part, d\u00e9clar\u00e9 \u00e0 Poutine que \u00ab toutes les conditions \u00bb \u00e9taient r\u00e9unies pour la r\u00e9ussite des projets communs.<\/p>\n<p>\u00ab Comme vous l\u2019avez dit, les relations d\u2019amiti\u00e9, de solidarit\u00e9 et de coop\u00e9ration dans tous les domaines, notamment la s\u00e9curit\u00e9, la d\u00e9fense et l\u2019\u00e9conomie \u00bb, sont \u00e9tablies depuis des d\u00e9cennies, a-t-il affirm\u00e9.<\/p>\n<p>Poutine a \u00e9galement salu\u00e9 la coop\u00e9ration avec la R\u00e9publique du Congo sur la sc\u00e8ne internationale et a invit\u00e9 Sassou N\u2019Guesso au troisi\u00e8me Forum Russie-Afrique, qui devrait se tenir plus tard cette ann\u00e9e.<\/p>\n","protected":false},"excerpt":{"rendered":"<p>Le pr\u00e9sident russe Vladimir Poutine s&rsquo;est entretenu mercredi au Kremlin avec Denis Sassou N&rsquo;Guesso, pr\u00e9sident de la R\u00e9publique du Congo. M. Poutine a d\u00e9clar\u00e9 que la Russie entrevoyait des perspectives prometteuses pour le d\u00e9veloppement des relations bilat\u00e9rales entre les deux pays, notamment dans le domaine \u00e9conomique. \u00ab Il s&rsquo;agit notamment de l&rsquo;exploration g\u00e9ologique, de l&rsquo;\u00e9nergie, [&hellip;]<\/p>\n","protected":false},"author":1,"featured_media":17928,"comment_status":"closed","ping_status":"closed","sticky":false,"template":"","format":"standard","meta":{"iawp_total_views":0,"jnews-multi-image_gallery":[],"jnews_single_post":{"subtitle":"","format":"standard","override":[{"template":"1","parallax":"1","fullscreen":"1","layout":"right-sidebar","sidebar":"default-sidebar","second_sidebar":"default-sidebar","sticky_sidebar":"1","share_position":"topbottom","share_float_style":"share-monocrhome","show_share_counter":"1","show_featured":"1","show_post_meta":"1","show_post_author_image":"1","show_post_date":"1","post_date_format":"default","post_date_format_custom":"Y\/m\/d","show_post_category":"1","show_post_reading_time":"0","post_reading_time_wpm":"300","post_calculate_word_method":"str_word_count","show_zoom_button":"0","zoom_button_out_step":"2","zoom_button_in_step":"3","show_post_tag":"1","number_popup_post":"1","show_post_related":"1","show_inline_post_related":"1"}],"image_override":[{"single_post_thumbnail_size":"crop-500","single_post_gallery_size":"crop-500"}],"trending_post_position":"meta","trending_post_label":"Trending","sponsored_post_label":"Sponsored by","disable_ad":"0"},"jnews_primary_category":[],"jnews_social_meta":[],"jnews_override_counter":{"view_counter_number":"0","share_counter_number":"0","like_counter_number":"0","dislike_counter_number":"0"},"footnotes":""},"categories":[43,38],"tags":[],"class_list":["post-17927","post","type-post","status-publish","format-standard","has-post-thumbnail","hentry","category-afrique-australe","category-suivis"],"_links":{"self":[{"href":"https:\/\/qiraatafrican.com\/fr\/wp-json\/wp\/v2\/posts\/17927","targetHints":{"allow":["GET"]}}],"collection":[{"href":"https:\/\/qiraatafrican.com\/fr\/wp-json\/wp\/v2\/posts"}],"about":[{"href":"https:\/\/qiraatafrican.com\/fr\/wp-json\/wp\/v2\/types\/post"}],"author":[{"embeddable":true,"href":"https:\/\/qiraatafrican.com\/fr\/wp-json\/wp\/v2\/users\/1"}],"replies":[{"embeddable":true,"href":"https:\/\/qiraatafrican.com\/fr\/wp-json\/wp\/v2\/comments?post=17927"}],"version-history":[{"count":1,"href":"https:\/\/qiraatafrican.com\/fr\/wp-json\/wp\/v2\/posts\/17927\/revisions"}],"predecessor-version":[{"id":17929,"href":"https:\/\/qiraatafrican.com\/fr\/wp-json\/wp\/v2\/posts\/17927\/revisions\/17929"}],"wp:featuredmedia":[{"embeddable":true,"href":"https:\/\/qiraatafrican.com\/fr\/wp-json\/wp\/v2\/media\/17928"}],"wp:attachment":[{"href":"https:\/\/qiraatafrican.com\/fr\/wp-json\/wp\/v2\/media?parent=17927"}],"wp:term":[{"taxonomy":"category","embeddable":true,"href":"https:\/\/qiraatafrican.com\/fr\/wp-json\/wp\/v2\/categories?post=17927"},{"taxonomy":"post_tag","embeddable":true,"href":"https:\/\/qiraatafrican.com\/fr\/wp-json\/wp\/v2\/tags?post=17927"}],"curies":[{"name":"wp","href":"https:\/\/api.w.org\/{rel}","templated":true}]}}