{"id":17912,"date":"2026-04-29T11:54:31","date_gmt":"2026-04-29T11:54:31","guid":{"rendered":"https:\/\/qiraatafrican.com\/fr\/?p=17912"},"modified":"2026-04-29T11:54:31","modified_gmt":"2026-04-29T11:54:31","slug":"la-france-exhorte-ses-ressortissants-a-quitter-le-mali-face-a-laggravation-de-la-crise-securitaire","status":"publish","type":"post","link":"https:\/\/qiraatafrican.com\/fr\/17912\/la-france-exhorte-ses-ressortissants-a-quitter-le-mali-face-a-laggravation-de-la-crise-securitaire\/","title":{"rendered":"La France exhorte ses ressortissants \u00e0 quitter le Mali face \u00e0 l&rsquo;aggravation de la crise s\u00e9curitaire"},"content":{"rendered":"<p>La France a appel\u00e9 ses ressortissants pr\u00e9sents au Mali \u00e0 quitter le pays \u00ab d\u00e8s que possible \u00bb, mettant en garde contre une situation s\u00e9curitaire \u00ab extr\u00eamement instable \u00bb apr\u00e8s des attaques coordonn\u00e9es qui ont frapp\u00e9 plusieurs villes, dont la capitale, Bamako.<\/p>\n<p>Dans des recommandations actualis\u00e9es publi\u00e9es mercredi, le minist\u00e8re fran\u00e7ais des Affaires \u00e9trang\u00e8res a exhort\u00e9 ses citoyens \u00e0 organiser un d\u00e9part temporaire sur les vols commerciaux restants.<\/p>\n<p>En attendant leur d\u00e9part, il leur est conseill\u00e9 de rester chez eux, de limiter leurs d\u00e9placements, de suivre les consignes locales et de tenir leurs proches inform\u00e9s. Tout voyage au Mali est d\u00e9sormais fortement d\u00e9conseill\u00e9.<\/p>\n<p>Les attaques du week-end accentuent l&rsquo;instabilit\u00e9<\/p>\n<p>Cette alerte fait suite \u00e0 des attaques coordonn\u00e9es men\u00e9es par la branche ouest-africaine d&rsquo;Al-Qa\u00efda et un groupe s\u00e9paratiste \u00e0 dominante touareg.<\/p>\n<p>Les assaillants ont frapp\u00e9 la principale base militaire malienne et la zone proche de l&rsquo;a\u00e9roport de Bamako, tout en for\u00e7ant les troupes gouvernementales soutenues par la Russie \u00e0 se retirer de la ville strat\u00e9gique de Kidal, dans le nord du pays.<\/p>\n<p>Le chef de l&rsquo;\u00c9tat militaire malien a promis de \u00ab neutraliser \u00bb les responsables.<\/p>\n<p>Des milliers de ressortissants fran\u00e7ais inquiets<\/p>\n<p>Environ 4\u00a0200 citoyens fran\u00e7ais sont enregistr\u00e9s aupr\u00e8s du consulat au Mali, et environ 3\u00a0000 autres ne le sont pas \u2013 la plupart \u00e9tant des binationaux r\u00e9sidant \u00e0 Bamako.<\/p>\n<p>Cette mise \u00e0 jour de l\u2019avis souligne l\u2019inqui\u00e9tude croissante \u00e0 Paris face \u00e0 la d\u00e9gradation rapide de la situation s\u00e9curitaire dans tout le pays.<\/p>\n","protected":false},"excerpt":{"rendered":"<p>La France a appel\u00e9 ses ressortissants pr\u00e9sents au Mali \u00e0 quitter le pays \u00ab d\u00e8s que possible \u00bb, mettant en garde contre une situation s\u00e9curitaire \u00ab extr\u00eamement instable \u00bb apr\u00e8s des attaques coordonn\u00e9es qui ont frapp\u00e9 plusieurs villes, dont la capitale, Bamako. Dans des recommandations actualis\u00e9es publi\u00e9es mercredi, le minist\u00e8re fran\u00e7ais des Affaires \u00e9trang\u00e8res a [&hellip;]<\/p>\n","protected":false},"author":1,"featured_media":17913,"comment_status":"closed","ping_status":"closed","sticky":false,"template":"","format":"standard","meta":{"iawp_total_views":1,"jnews-multi-image_gallery":[],"jnews_single_post":{"subtitle":"","format":"standard","override":[{"template":"1","parallax":"1","fullscreen":"1","layout":"right-sidebar","sidebar":"default-sidebar","second_sidebar":"default-sidebar","sticky_sidebar":"1","share_position":"topbottom","share_float_style":"share-monocrhome","show_share_counter":"1","show_featured":"1","show_post_meta":"1","show_post_author_image":"1","show_post_date":"1","post_date_format":"default","post_date_format_custom":"Y\/m\/d","show_post_category":"1","show_post_reading_time":"0","post_reading_time_wpm":"300","post_calculate_word_method":"str_word_count","show_zoom_button":"0","zoom_button_out_step":"2","zoom_button_in_step":"3","show_post_tag":"1","number_popup_post":"1","show_post_related":"1","show_inline_post_related":"1"}],"image_override":[{"single_post_thumbnail_size":"crop-500","single_post_gallery_size":"crop-500"}],"trending_post_position":"meta","trending_post_label":"Trending","sponsored_post_label":"Sponsored by","disable_ad":"0"},"jnews_primary_category":[],"jnews_social_meta":[],"jnews_override_counter":{"view_counter_number":"0","share_counter_number":"0","like_counter_number":"0","dislike_counter_number":"0"},"footnotes":""},"categories":[5],"tags":[],"class_list":["post-17912","post","type-post","status-publish","format-standard","has-post-thumbnail","hentry","category-politique-africaine"],"_links":{"self":[{"href":"https:\/\/qiraatafrican.com\/fr\/wp-json\/wp\/v2\/posts\/17912","targetHints":{"allow":["GET"]}}],"collection":[{"href":"https:\/\/qiraatafrican.com\/fr\/wp-json\/wp\/v2\/posts"}],"about":[{"href":"https:\/\/qiraatafrican.com\/fr\/wp-json\/wp\/v2\/types\/post"}],"author":[{"embeddable":true,"href":"https:\/\/qiraatafrican.com\/fr\/wp-json\/wp\/v2\/users\/1"}],"replies":[{"embeddable":true,"href":"https:\/\/qiraatafrican.com\/fr\/wp-json\/wp\/v2\/comments?post=17912"}],"version-history":[{"count":1,"href":"https:\/\/qiraatafrican.com\/fr\/wp-json\/wp\/v2\/posts\/17912\/revisions"}],"predecessor-version":[{"id":17914,"href":"https:\/\/qiraatafrican.com\/fr\/wp-json\/wp\/v2\/posts\/17912\/revisions\/17914"}],"wp:featuredmedia":[{"embeddable":true,"href":"https:\/\/qiraatafrican.com\/fr\/wp-json\/wp\/v2\/media\/17913"}],"wp:attachment":[{"href":"https:\/\/qiraatafrican.com\/fr\/wp-json\/wp\/v2\/media?parent=17912"}],"wp:term":[{"taxonomy":"category","embeddable":true,"href":"https:\/\/qiraatafrican.com\/fr\/wp-json\/wp\/v2\/categories?post=17912"},{"taxonomy":"post_tag","embeddable":true,"href":"https:\/\/qiraatafrican.com\/fr\/wp-json\/wp\/v2\/tags?post=17912"}],"curies":[{"name":"wp","href":"https:\/\/api.w.org\/{rel}","templated":true}]}}