{"id":17903,"date":"2026-04-28T05:49:52","date_gmt":"2026-04-28T05:49:52","guid":{"rendered":"https:\/\/qiraatafrican.com\/fr\/?p=17903"},"modified":"2026-04-28T05:49:52","modified_gmt":"2026-04-28T05:49:52","slug":"le-premier-ministre-malien-appelle-au-calme-lors-dune-visite-aux-victimes-des-attaques-coordonnees","status":"publish","type":"post","link":"https:\/\/qiraatafrican.com\/fr\/17903\/le-premier-ministre-malien-appelle-au-calme-lors-dune-visite-aux-victimes-des-attaques-coordonnees\/","title":{"rendered":"Le Premier ministre malien appelle au calme lors d&rsquo;une visite aux victimes des attaques coordonn\u00e9es"},"content":{"rendered":"<p>Le Premier ministre du Mali a appel\u00e9 la population au calme lors de sa visite aupr\u00e8s de certains bless\u00e9s des attaques perp\u00e9tr\u00e9es samedi par des groupes djihadistes et rebelles \u00e0 travers le pays.<\/p>\n<p>Quelques jours apr\u00e8s une attaque coordonn\u00e9e de grande ampleur qui a co\u00fbt\u00e9 la vie au ministre de la D\u00e9fense, la vie reprend son cours normal au Mali.<\/p>\n<p>L&rsquo;offensive a vu des combattants djihadistes s&rsquo;allier \u00e0 des rebelles s\u00e9paratistes.<\/p>\n<p>Les attaques quasi simultan\u00e9es de samedi ont frapp\u00e9 plusieurs r\u00e9gions du pays, notamment l&rsquo;a\u00e9roport de Bamako, la capitale, la ville de garnison de Kati, situ\u00e9e \u00e0 proximit\u00e9, ainsi que plusieurs villes du nord et du centre, comme Kidal et S\u00e9var\u00e9.<\/p>\n<p>Lors de sa visite aupr\u00e8s de certains bless\u00e9s, le g\u00e9n\u00e9ral Abdoulaye Ma\u00efga, Premier ministre du gouvernement de transition malien, a d\u00e9clar\u00e9 qu&rsquo;il s&rsquo;agissait d&rsquo;une tentative de d\u00e9stabilisation du pays.<\/p>\n<p>\u00ab Nous condamnons ces attaques l\u00e2ches et barbares, ces l\u00e2ches et barbares attentats terroristes perp\u00e9tr\u00e9s le 25 avril. Le pr\u00e9sident du CNT (Conseil national de transition) et moi-m\u00eame avons jug\u00e9 ce matin n\u00e9cessaire de rendre visite aux bless\u00e9s de cet attentat. \u00c0 l&rsquo;issue de cette visite, au nom du pr\u00e9sident du CNT et de la d\u00e9l\u00e9gation qui nous accompagne, je tiens \u00e0 saluer le professionnalisme et le d\u00e9vouement du personnel m\u00e9dical. C&rsquo;est \u00e9galement l&rsquo;occasion pour nous d&rsquo;appeler la population au calme. Je suis convaincu que l&rsquo;objectif des terroristes est de saper l&rsquo;unit\u00e9 nationale et de semer la terreur parmi nous, mais ils n&rsquo;y parviendront jamais. \u00bb<\/p>\n<p>Le gouvernement n&rsquo;a pas communiqu\u00e9 de bilan des victimes, mais a indiqu\u00e9 que 16 personnes avaient \u00e9t\u00e9 bless\u00e9es.<\/p>\n<p>L&rsquo;alliance entre des militants li\u00e9s \u00e0 Al-Qa\u00efda et des rebelles touaregs s\u00e9paratistes marque une dangereuse escalade dans ce qui est largement consid\u00e9r\u00e9 comme l&rsquo;une des r\u00e9gions les plus meurtri\u00e8res au monde en mati\u00e8re de violence extr\u00e9miste.<\/p>\n<p>L&rsquo;attaque \u00e9tait sans pr\u00e9c\u00e9dent par son ampleur, tant par le nombre de sites touch\u00e9s que par l&rsquo;importance des cibles, selon les analystes.<\/p>\n<p>L&rsquo;attaque du week-end a \u00e9galement repr\u00e9sent\u00e9 un d\u00e9fi pour la Russie, qui s&rsquo;est alli\u00e9e au gouvernement militaire malien apr\u00e8s avoir pris ses distances avec d&rsquo;anciens alli\u00e9s comme la France.<\/p>\n<p>Lundi, les combattants du Corps russe d&rsquo;arm\u00e9e pour l&rsquo;Afrique (AFRC) ont confirm\u00e9 leur retrait de la ville de Kidal, dans le nord du pays, d\u00e9sormais sous le contr\u00f4le de s\u00e9paratistes touaregs.<\/p>\n<p>La prise de Kidal, il y a plus de dix ans, par une alliance similaire entre militants et insurg\u00e9s, est \u00e0 l&rsquo;origine de la crise s\u00e9curitaire qui secoue le Mali.<\/p>\n","protected":false},"excerpt":{"rendered":"<p>Le Premier ministre du Mali a appel\u00e9 la population au calme lors de sa visite aupr\u00e8s de certains bless\u00e9s des attaques perp\u00e9tr\u00e9es samedi par des groupes djihadistes et rebelles \u00e0 travers le pays. Quelques jours apr\u00e8s une attaque coordonn\u00e9e de grande ampleur qui a co\u00fbt\u00e9 la vie au ministre de la D\u00e9fense, la vie reprend [&hellip;]<\/p>\n","protected":false},"author":1,"featured_media":17904,"comment_status":"closed","ping_status":"closed","sticky":false,"template":"","format":"standard","meta":{"iawp_total_views":2,"jnews-multi-image_gallery":[],"jnews_single_post":{"subtitle":"","format":"standard","override":[{"template":"1","parallax":"1","fullscreen":"1","layout":"right-sidebar","sidebar":"default-sidebar","second_sidebar":"default-sidebar","sticky_sidebar":"1","share_position":"topbottom","share_float_style":"share-monocrhome","show_share_counter":"1","show_featured":"1","show_post_meta":"1","show_post_author_image":"1","show_post_date":"1","post_date_format":"default","post_date_format_custom":"Y\/m\/d","show_post_category":"1","show_post_reading_time":"0","post_reading_time_wpm":"300","post_calculate_word_method":"str_word_count","show_zoom_button":"0","zoom_button_out_step":"2","zoom_button_in_step":"3","show_post_tag":"1","number_popup_post":"1","show_post_related":"1","show_inline_post_related":"1"}],"image_override":[{"single_post_thumbnail_size":"crop-500","single_post_gallery_size":"crop-500"}],"trending_post_position":"meta","trending_post_label":"Trending","sponsored_post_label":"Sponsored by","disable_ad":"0"},"jnews_primary_category":[],"jnews_social_meta":[],"jnews_override_counter":{"view_counter_number":"0","share_counter_number":"0","like_counter_number":"0","dislike_counter_number":"0"},"footnotes":""},"categories":[5],"tags":[],"class_list":["post-17903","post","type-post","status-publish","format-standard","has-post-thumbnail","hentry","category-politique-africaine"],"_links":{"self":[{"href":"https:\/\/qiraatafrican.com\/fr\/wp-json\/wp\/v2\/posts\/17903","targetHints":{"allow":["GET"]}}],"collection":[{"href":"https:\/\/qiraatafrican.com\/fr\/wp-json\/wp\/v2\/posts"}],"about":[{"href":"https:\/\/qiraatafrican.com\/fr\/wp-json\/wp\/v2\/types\/post"}],"author":[{"embeddable":true,"href":"https:\/\/qiraatafrican.com\/fr\/wp-json\/wp\/v2\/users\/1"}],"replies":[{"embeddable":true,"href":"https:\/\/qiraatafrican.com\/fr\/wp-json\/wp\/v2\/comments?post=17903"}],"version-history":[{"count":1,"href":"https:\/\/qiraatafrican.com\/fr\/wp-json\/wp\/v2\/posts\/17903\/revisions"}],"predecessor-version":[{"id":17905,"href":"https:\/\/qiraatafrican.com\/fr\/wp-json\/wp\/v2\/posts\/17903\/revisions\/17905"}],"wp:featuredmedia":[{"embeddable":true,"href":"https:\/\/qiraatafrican.com\/fr\/wp-json\/wp\/v2\/media\/17904"}],"wp:attachment":[{"href":"https:\/\/qiraatafrican.com\/fr\/wp-json\/wp\/v2\/media?parent=17903"}],"wp:term":[{"taxonomy":"category","embeddable":true,"href":"https:\/\/qiraatafrican.com\/fr\/wp-json\/wp\/v2\/categories?post=17903"},{"taxonomy":"post_tag","embeddable":true,"href":"https:\/\/qiraatafrican.com\/fr\/wp-json\/wp\/v2\/tags?post=17903"}],"curies":[{"name":"wp","href":"https:\/\/api.w.org\/{rel}","templated":true}]}}