{"id":17895,"date":"2026-04-27T11:16:34","date_gmt":"2026-04-27T11:16:34","guid":{"rendered":"https:\/\/qiraatafrican.com\/fr\/?p=17895"},"modified":"2026-04-27T11:16:34","modified_gmt":"2026-04-27T11:16:34","slug":"le-mali-confirme-la-mort-de-son-ministre-de-la-defense-lors-dune-attaque-a-kati","status":"publish","type":"post","link":"https:\/\/qiraatafrican.com\/fr\/17895\/le-mali-confirme-la-mort-de-son-ministre-de-la-defense-lors-dune-attaque-a-kati\/","title":{"rendered":"Le Mali confirme la mort de son ministre de la D\u00e9fense lors d&rsquo;une attaque \u00e0 Kati"},"content":{"rendered":"<p>Les autorit\u00e9s maliennes ont confirm\u00e9 la mort du ministre de la D\u00e9fense du pays lors d&rsquo;attaques coordonn\u00e9es men\u00e9es par des combattants djihadistes et des rebelles s\u00e9paratistes, alors que les forces progouvernementales auraient \u00e9t\u00e9 chass\u00e9es d&rsquo;une ville cl\u00e9 du nord.<\/p>\n<p>Le ministre malien de la D\u00e9fense a \u00e9t\u00e9 tu\u00e9 lors d&rsquo;une vaste attaque men\u00e9e par des djihadistes et des rebelles qui se sont empar\u00e9s de plusieurs villes et bases militaires, ont indiqu\u00e9 les autorit\u00e9s dimanche. Il s&rsquo;agit du dernier \u00e9pisode de violence en date dans ce pays dirig\u00e9 par une junte, qui lutte depuis longtemps contre des militants li\u00e9s \u00e0 Al-Qa\u00efda et au groupe \u00c9tat islamique, ainsi que contre une r\u00e9bellion s\u00e9paratiste dans le nord.<\/p>\n<p>Le gouvernement malien a confirm\u00e9 la mort du chef de la d\u00e9fense, le g\u00e9n\u00e9ral Sadio Camara, dans un message publi\u00e9 sur la page Facebook du minist\u00e8re de la D\u00e9fense et a pr\u00e9sent\u00e9 ses condol\u00e9ances \u00e0 sa famille.<\/p>\n<p>La t\u00e9l\u00e9vision d&rsquo;\u00c9tat a \u00e9galement diffus\u00e9 l&rsquo;annonce de son d\u00e9c\u00e8s par le porte-parole, le g\u00e9n\u00e9ral Issa Ousmane Coulibaly.<\/p>\n<p>Le Mali a \u00e9t\u00e9 frapp\u00e9 samedi par l&rsquo;une des plus importantes attaques coordonn\u00e9es jamais perp\u00e9tr\u00e9es contre son arm\u00e9e, dans la capitale Bamako, ainsi que dans plusieurs autres villes et villages. Cette offensive a \u00e9galement mis \u00e0 l&rsquo;\u00e9preuve le partenaire s\u00e9curitaire du Mali, la Russie, qui dispose de forces sur le terrain dans ce pays d&rsquo;Afrique de l&rsquo;Ouest.<\/p>\n<p>Le gouvernement a d\u00e9clar\u00e9 dimanche que les attaques semblaient termin\u00e9es, mais plusieurs questions demeurent, notamment celle de savoir qui contr\u00f4lait une ville cl\u00e9 du nord que les s\u00e9paratistes affirment avoir conquise.<\/p>\n<p>Le gouvernement n&rsquo;a pas communiqu\u00e9 de bilan des victimes de samedi et avait pr\u00e9c\u00e9demment indiqu\u00e9 qu&rsquo;au moins 16 personnes avaient \u00e9t\u00e9 bless\u00e9es lors de ce qu&rsquo;il a qualifi\u00e9 d&rsquo;attaques terroristes.<\/p>\n<p>Les s\u00e9paratistes luttent depuis des ann\u00e9es pour cr\u00e9er un \u00c9tat ind\u00e9pendant dans le nord du Mali, tandis que les militants affili\u00e9s \u00e0 Al-Qa\u00efda et \u00e0 l&rsquo;\u00c9tat islamique combattent le gouvernement depuis plus d&rsquo;une d\u00e9cennie.<\/p>\n<p>Selon un communiqu\u00e9 du gouvernement, la r\u00e9sidence de Camara a \u00e9t\u00e9 vis\u00e9e samedi par un kamikaze \u00e0 la voiture pi\u00e9g\u00e9e et d&rsquo;autres assaillants.<\/p>\n<p>\u00ab Il a \u00e9chang\u00e9 des tirs avec les assaillants et est parvenu \u00e0 en neutraliser certains \u00bb, pr\u00e9cise le communiqu\u00e9. \u00ab Au cours de violents affrontements, il a \u00e9t\u00e9 bless\u00e9 puis transport\u00e9 \u00e0 l&rsquo;h\u00f4pital, o\u00f9 il a malheureusement succomb\u00e9 \u00e0 ses blessures. \u00bb<\/p>\n<p>Les s\u00e9paratistes revendiquent le contr\u00f4le de la ville de Kidal, dans le nord du pays.<\/p>\n<p>Un porte-parole du Front de lib\u00e9ration de l&rsquo;Azawad (FLA), mouvement s\u00e9paratiste touareg, a d\u00e9clar\u00e9 que les troupes du Corps russe d&rsquo;arm\u00e9e pour l&rsquo;Afrique (AFRC) et l&rsquo;arm\u00e9e malienne s&rsquo;\u00e9taient retir\u00e9es de Kidal apr\u00e8s l&rsquo;attaque de samedi, suite \u00e0 un accord pr\u00e9voyant leur retrait pacifique.<\/p>\n<p>\u00ab Kidal est d\u00e9clar\u00e9e libre \u00bb, a affirm\u00e9 Mohamed El Maouloud Ramadan, porte-parole du FLA.<\/p>\n<p>Dans une d\u00e9claration diffus\u00e9e \u00e0 la t\u00e9l\u00e9vision d&rsquo;\u00c9tat dimanche soir, le g\u00e9n\u00e9ral Oumar Diarra, chef d&rsquo;\u00e9tat-major des forces arm\u00e9es, a confirm\u00e9 que l&rsquo;arm\u00e9e malienne avait quitt\u00e9 la ville et que ses forces se repositionnaient \u00e0 Anefis, une ville situ\u00e9e \u00e0 une centaine de kilom\u00e8tres au sud de Kidal.<\/p>\n<p>Les s\u00e9paratistes luttent depuis des ann\u00e9es pour la cr\u00e9ation d&rsquo;un \u00c9tat ind\u00e9pendant dans le nord du Mali.<\/p>\n<p>Kidal avait longtemps servi de bastion \u00e0 la r\u00e9bellion avant d&rsquo;\u00eatre prise par les forces gouvernementales maliennes et des mercenaires russes en 2023. Sa capture a marqu\u00e9 une victoire symbolique importante pour la junte et ses alli\u00e9s russes.<\/p>\n<p><strong>Des militants s&rsquo;unissent aux s\u00e9paratistes pour coordonner leurs attaques.<\/strong><\/p>\n<p>La vague d&rsquo;attaques de samedi a \u00e9t\u00e9 la premi\u00e8re fois que les s\u00e9paratistes s&rsquo;alliaient au JNIM, groupe li\u00e9 \u00e0 Al-Qa\u00efda, qui a revendiqu\u00e9 avoir particip\u00e9 \u00e0 l&rsquo;attaque de Kidal et avoir \u00e9galement cibl\u00e9 une ville pr\u00e8s de Bamako et trois autres villes samedi.<\/p>\n<p><strong>Le porte-parole des FLA a confirm\u00e9 cette offensive coordonn\u00e9e.<\/strong><\/p>\n<p>\u00ab Cette op\u00e9ration est men\u00e9e en partenariat avec le JNIM, qui est \u00e9galement d\u00e9termin\u00e9 \u00e0 d\u00e9fendre la population contre le r\u00e9gime militaire de Bamako \u00bb, a d\u00e9clar\u00e9 Ramadan.<\/p>\n<p>Les s\u00e9paratistes ont appel\u00e9 la Russie \u00e0 \u00ab reconsid\u00e9rer son soutien \u00e0 la junte militaire \u00bb au Mali, affirmant que ses \u00ab actions ont contribu\u00e9 aux souffrances de la population civile \u00bb.<\/p>\n<p>Wassim Nasr, sp\u00e9cialiste de la r\u00e9gion et chercheur principal au sein du think tank Soufan Center, a d\u00e9clar\u00e9 que cette \u00ab\u00a0coordination, avec des attaques men\u00e9es simultan\u00e9ment dans tout le pays\u00a0\u00bb, l&rsquo;action concert\u00e9e des deux groupes et l&rsquo;appel au retrait des forces russes \u00e9taient sans pr\u00e9c\u00e9dent.<\/p>\n<p>Selon lui, cette coordination s&rsquo;\u00e9tendait au-del\u00e0 du domaine militaire, jusqu&rsquo;au niveau politique, car les deux groupes \u00ab\u00a0reconnaissaient leur collaboration\u00a0\u00bb.<\/p>\n<p>Suite aux attaques, un couvre-feu nocturne de trois jours, de 21\u00a0h \u00e0 6\u00a0h, a \u00e9t\u00e9 instaur\u00e9 dans le district de Bamako.<\/p>\n<p>Le porte-parole du gouvernement malien, Coulibaly, a indiqu\u00e9 que des civils et des militaires figuraient parmi les 16 bless\u00e9s et que plusieurs militants avaient \u00e9t\u00e9 tu\u00e9s. Il n&rsquo;a pas communiqu\u00e9 de bilan des victimes.<\/p>\n<p><strong>Menace pour la r\u00e9gion<\/strong><\/p>\n<p>La Communaut\u00e9 \u00e9conomique des \u00c9tats de l&rsquo;Afrique de l&rsquo;Ouest (CEDEAO) a condamn\u00e9 les attaques de samedi au Mali et a appel\u00e9 \u00ab\u00a0tous les \u00c9tats, les forces de s\u00e9curit\u00e9, les m\u00e9canismes r\u00e9gionaux et les populations d&rsquo;Afrique de l&rsquo;Ouest \u00e0 s&rsquo;unir et \u00e0 se mobiliser dans le cadre d&rsquo;un effort coordonn\u00e9 pour lutter contre ce fl\u00e9au\u00a0\u00bb.<\/p>\n<p>Suite aux coups d&rsquo;\u00c9tat militaires, les juntes du Mali, du Niger et du Burkina Faso se sont tourn\u00e9es vers la Russie, d\u00e9laissant leurs alli\u00e9s occidentaux, pour obtenir de l&rsquo;aide dans la lutte contre les groupes arm\u00e9s islamistes.<\/p>\n<p>Mais la situation s\u00e9curitaire dans la r\u00e9gion s&rsquo;est d\u00e9grad\u00e9e ces derniers temps, avec un nombre record d&rsquo;attaques perp\u00e9tr\u00e9es par des groupes arm\u00e9s. Les forces gouvernementales ont \u00e9galement \u00e9t\u00e9 accus\u00e9es d&rsquo;avoir tu\u00e9 des civils soup\u00e7onn\u00e9s de collaborer avec ces groupes.<\/p>\n<p>En 2024, un groupe li\u00e9 \u00e0 Al-Qa\u00efda a revendiqu\u00e9 un attentat contre l&rsquo;a\u00e9roport de Bamako et un camp d&rsquo;entra\u00eenement militaire dans la capitale, faisant de nombreuses victimes.<\/p>\n<p>Ulf Laessing, de la Fondation Konrad Adenauer, a d\u00e9clar\u00e9 qu&rsquo;il \u00e9tait peu probable que les s\u00e9paratistes et le JNIM prennent le contr\u00f4le de Bamako \u00e0 court terme en raison de l&rsquo;opposition de la population locale.<\/p>\n<p>Ces attaques ont n\u00e9anmoins fragilis\u00e9 les partenaires russes de la junte malienne.<\/p>\n<p>\u00ab Ces attaques constituent un coup dur pour la Russie, car les mercenaires n&rsquo;avaient aucun renseignement \u00e0 ce sujet et n&rsquo;ont pas pu prot\u00e9ger les grandes villes \u00bb, a affirm\u00e9 Laessing.<\/p>\n","protected":false},"excerpt":{"rendered":"<p>Les autorit\u00e9s maliennes ont confirm\u00e9 la mort du ministre de la D\u00e9fense du pays lors d&rsquo;attaques coordonn\u00e9es men\u00e9es par des combattants djihadistes et des rebelles s\u00e9paratistes, alors que les forces progouvernementales auraient \u00e9t\u00e9 chass\u00e9es d&rsquo;une ville cl\u00e9 du nord. Le ministre malien de la D\u00e9fense a \u00e9t\u00e9 tu\u00e9 lors d&rsquo;une vaste attaque men\u00e9e par des [&hellip;]<\/p>\n","protected":false},"author":1,"featured_media":17896,"comment_status":"closed","ping_status":"closed","sticky":false,"template":"","format":"standard","meta":{"iawp_total_views":4,"jnews-multi-image_gallery":[],"jnews_single_post":{"subtitle":"","format":"standard","override":[{"template":"1","parallax":"1","fullscreen":"1","layout":"right-sidebar","sidebar":"default-sidebar","second_sidebar":"default-sidebar","sticky_sidebar":"1","share_position":"topbottom","share_float_style":"share-monocrhome","show_share_counter":"1","show_featured":"1","show_post_meta":"1","show_post_author_image":"1","show_post_date":"1","post_date_format":"default","post_date_format_custom":"Y\/m\/d","show_post_category":"1","show_post_reading_time":"0","post_reading_time_wpm":"300","post_calculate_word_method":"str_word_count","show_zoom_button":"0","zoom_button_out_step":"2","zoom_button_in_step":"3","show_post_tag":"1","number_popup_post":"1","show_post_related":"1","show_inline_post_related":"1"}],"image_override":[{"single_post_thumbnail_size":"crop-500","single_post_gallery_size":"crop-500"}],"trending_post_position":"meta","trending_post_label":"Trending","sponsored_post_label":"Sponsored by","disable_ad":"0"},"jnews_primary_category":[],"jnews_social_meta":[],"jnews_override_counter":{"view_counter_number":"0","share_counter_number":"0","like_counter_number":"0","dislike_counter_number":"0"},"footnotes":""},"categories":[5],"tags":[],"class_list":["post-17895","post","type-post","status-publish","format-standard","has-post-thumbnail","hentry","category-politique-africaine"],"_links":{"self":[{"href":"https:\/\/qiraatafrican.com\/fr\/wp-json\/wp\/v2\/posts\/17895","targetHints":{"allow":["GET"]}}],"collection":[{"href":"https:\/\/qiraatafrican.com\/fr\/wp-json\/wp\/v2\/posts"}],"about":[{"href":"https:\/\/qiraatafrican.com\/fr\/wp-json\/wp\/v2\/types\/post"}],"author":[{"embeddable":true,"href":"https:\/\/qiraatafrican.com\/fr\/wp-json\/wp\/v2\/users\/1"}],"replies":[{"embeddable":true,"href":"https:\/\/qiraatafrican.com\/fr\/wp-json\/wp\/v2\/comments?post=17895"}],"version-history":[{"count":2,"href":"https:\/\/qiraatafrican.com\/fr\/wp-json\/wp\/v2\/posts\/17895\/revisions"}],"predecessor-version":[{"id":17898,"href":"https:\/\/qiraatafrican.com\/fr\/wp-json\/wp\/v2\/posts\/17895\/revisions\/17898"}],"wp:featuredmedia":[{"embeddable":true,"href":"https:\/\/qiraatafrican.com\/fr\/wp-json\/wp\/v2\/media\/17896"}],"wp:attachment":[{"href":"https:\/\/qiraatafrican.com\/fr\/wp-json\/wp\/v2\/media?parent=17895"}],"wp:term":[{"taxonomy":"category","embeddable":true,"href":"https:\/\/qiraatafrican.com\/fr\/wp-json\/wp\/v2\/categories?post=17895"},{"taxonomy":"post_tag","embeddable":true,"href":"https:\/\/qiraatafrican.com\/fr\/wp-json\/wp\/v2\/tags?post=17895"}],"curies":[{"name":"wp","href":"https:\/\/api.w.org\/{rel}","templated":true}]}}