{"id":17890,"date":"2026-04-27T11:11:57","date_gmt":"2026-04-27T11:11:57","guid":{"rendered":"https:\/\/qiraatafrican.com\/fr\/?p=17890"},"modified":"2026-04-27T11:14:44","modified_gmt":"2026-04-27T11:14:44","slug":"le-president-burundais-ndayishmiye-designe-candidat-de-son-parti-pour-lelection-de-2027","status":"publish","type":"post","link":"https:\/\/qiraatafrican.com\/fr\/17890\/le-president-burundais-ndayishmiye-designe-candidat-de-son-parti-pour-lelection-de-2027\/","title":{"rendered":"Le pr\u00e9sident burundais Ndayishmiye d\u00e9sign\u00e9 candidat de son parti pour l&rsquo;\u00e9lection de 2027"},"content":{"rendered":"<p>Le pr\u00e9sident burundais Evariste Ndayishmiye a \u00e9t\u00e9 d\u00e9sign\u00e9 candidat de son parti, le CNFDD-FDD, \u00e0 l&rsquo;\u00e9lection pr\u00e9sidentielle qui se tiendra l&rsquo;ann\u00e9e prochaine, a annonc\u00e9 le parti dimanche.<\/p>\n<p>\u00c2g\u00e9 de 57 ans, Ndayishmiye dirige le Burundi depuis 2020, succ\u00e9dant \u00e0 Pierre Nkurunziza, d\u00e9c\u00e9d\u00e9 apr\u00e8s de nombreuses ann\u00e9es au pouvoir.<\/p>\n<p>Le CNFDD-FDD a annonc\u00e9 sur la plateforme X que Ndayishmiye \u00e9tait son candidat pour briguer un mandat de sept ans. Aucune date n&rsquo;a encore \u00e9t\u00e9 fix\u00e9e pour l&rsquo;\u00e9lection.<\/p>\n<p>Ndayishmiye a r\u00e9agi sur X en remerciant les membres du parti \u00ab\u00a0pour leur confiance\u00a0\u00bb.<\/p>\n<p>\u00ab\u00a0Comme vous l&rsquo;avez d\u00e9j\u00e0 constat\u00e9, je m&rsquo;engage \u00e0 poursuivre le travail accompli avec vous tous, afin que le Burundi tout entier puisse prosp\u00e9rer dans la paix\u00a0\u00bb, a-t-il d\u00e9clar\u00e9.<\/p>\n<p>Ndayishimiye, g\u00e9n\u00e9ral et ancien chef du parti au pouvoir, qui a occup\u00e9 diverses fonctions sous Nkurunziza, est le favori pour cette \u00e9lection.<\/p>\n<p>Il a \u00e9t\u00e9 \u00e9lu pr\u00e9sident pour la premi\u00e8re fois en mai 2020, lors d&rsquo;un scrutin entach\u00e9 d&rsquo;accusations de fraude et de la disqualification de son principal adversaire.<\/p>\n<p>Un porte-parole d&rsquo;un parti d&rsquo;opposition a d\u00e9clar\u00e9 que l&rsquo;\u00e9lection \u00e0 venir \u00ab ne sera pas conforme aux normes internationales \u00bb.<\/p>\n<p>\u00ab Ndayishimiye a d\u00e9j\u00e0 pass\u00e9 plus de cinq ans sans fournir de carburant, de devises \u00e9trang\u00e8res ni les produits de premi\u00e8re n\u00e9cessit\u00e9 \u00e0 la population \u00bb, a d\u00e9clar\u00e9 Epitace Nshimirimana, porte-parole du Mouvement pour la solidarit\u00e9 et le d\u00e9veloppement (MSD), dont le chef est en exil.<\/p>\n<p>\u00ab Cela signifie qu&rsquo;on lui accorde sept ann\u00e9es suppl\u00e9mentaires pour continuer \u00e0 appauvrir et \u00e0 d\u00e9truire le pays \u00bb, a-t-il ajout\u00e9.<\/p>\n<p><strong>Violations des droits de l&rsquo;homme<\/strong><\/p>\n<p>Depuis son arriv\u00e9e au pouvoir, Ndayishimiye a oscill\u00e9 entre une ouverture du gouvernement visant \u00e0 r\u00e9duire l&rsquo;influence des g\u00e9n\u00e9raux influents et le maintien d&rsquo;un contr\u00f4le strict sur le pays.<\/p>\n<p>Les Nations Unies et les ONG ont condamn\u00e9 les violations des droits humains au Burundi, pays enclav\u00e9 de 15 millions d&rsquo;habitants, qui figure parmi les plus pauvres du monde.<\/p>\n<p>Le ministre des M\u00e9dias et de la Communication du Burundi a \u00e9t\u00e9 tu\u00e9 ce mois-ci dans ce que le gouvernement a pr\u00e9sent\u00e9 comme un accident de voiture. Selon certaines sources, les causes du d\u00e9c\u00e8s restent floues et feront l&rsquo;objet d&rsquo;une enqu\u00eate.<\/p>\n<p>Le mois dernier, l&rsquo;ancien Premier ministre burundais, le g\u00e9n\u00e9ral Alain-Guillaume Bunyoni, qui purgeait une peine de prison \u00e0 perp\u00e9tuit\u00e9 pour tentative de coup d&rsquo;\u00c9tat, a \u00e9t\u00e9 lib\u00e9r\u00e9 pour raisons m\u00e9dicales.<\/p>\n<p>Autrefois l&rsquo;une des figures les plus influentes du gouvernement, Bunyoni a \u00e9t\u00e9 Premier ministre de mi-2020 \u00e0 septembre 2022, date \u00e0 laquelle il a \u00e9t\u00e9 destitu\u00e9, quelques jours apr\u00e8s que Ndayishimiye l&rsquo;eut mis en garde contre un complot pr\u00e9sum\u00e9 visant \u00e0 le renverser.<\/p>\n<p>Le Burundi a \u00e9t\u00e9 secou\u00e9 par une crise politique en 2015, suite \u00e0 l&rsquo;annonce de la candidature de Nkurunziza \u00e0 un troisi\u00e8me mandat.<\/p>\n<p>Les manifestations ont \u00e9t\u00e9 brutalement r\u00e9prim\u00e9es, avec des ex\u00e9cutions sommaires, des disparitions, des d\u00e9tentions arbitraires, des actes de torture et des violences sexuelles. La crise a fait 1\u00a0200 morts et pouss\u00e9 40\u00a0000 Burundais \u00e0 l\u2019exil, selon la Cour p\u00e9nale internationale.<\/p>\n<p>Ndayishimiye assure actuellement la pr\u00e9sidence de l\u2019Union africaine pour un mandat d\u2019un an, \u00e0 compter de f\u00e9vrier.<\/p>\n","protected":false},"excerpt":{"rendered":"<p>Le pr\u00e9sident burundais Evariste Ndayishmiye a \u00e9t\u00e9 d\u00e9sign\u00e9 candidat de son parti, le CNFDD-FDD, \u00e0 l&rsquo;\u00e9lection pr\u00e9sidentielle qui se tiendra l&rsquo;ann\u00e9e prochaine, a annonc\u00e9 le parti dimanche. \u00c2g\u00e9 de 57 ans, Ndayishmiye dirige le Burundi depuis 2020, succ\u00e9dant \u00e0 Pierre Nkurunziza, d\u00e9c\u00e9d\u00e9 apr\u00e8s de nombreuses ann\u00e9es au pouvoir. Le CNFDD-FDD a annonc\u00e9 sur la plateforme [&hellip;]<\/p>\n","protected":false},"author":1,"featured_media":17891,"comment_status":"closed","ping_status":"closed","sticky":false,"template":"","format":"standard","meta":{"iawp_total_views":4,"jnews-multi-image_gallery":[],"jnews_single_post":{"subtitle":"","format":"standard","override":[{"template":"1","parallax":"1","fullscreen":"1","layout":"right-sidebar","sidebar":"default-sidebar","second_sidebar":"default-sidebar","sticky_sidebar":"1","share_position":"topbottom","share_float_style":"share-monocrhome","show_share_counter":"1","show_featured":"1","show_post_meta":"1","show_post_author_image":"1","show_post_date":"1","post_date_format":"default","post_date_format_custom":"Y\/m\/d","show_post_category":"1","show_post_reading_time":"0","post_reading_time_wpm":"300","post_calculate_word_method":"str_word_count","show_zoom_button":"0","zoom_button_out_step":"2","zoom_button_in_step":"3","show_post_tag":"1","number_popup_post":"1","show_post_related":"1","show_inline_post_related":"1"}],"image_override":[{"single_post_thumbnail_size":"crop-500","single_post_gallery_size":"crop-500"}],"trending_post_position":"meta","trending_post_label":"Trending","sponsored_post_label":"Sponsored by","disable_ad":"0"},"jnews_primary_category":[],"jnews_social_meta":[],"jnews_override_counter":{"view_counter_number":"0","share_counter_number":"0","like_counter_number":"0","dislike_counter_number":"0"},"footnotes":""},"categories":[41,38],"tags":[],"class_list":["post-17890","post","type-post","status-publish","format-standard","has-post-thumbnail","hentry","category-afrique-centrale","category-suivis"],"_links":{"self":[{"href":"https:\/\/qiraatafrican.com\/fr\/wp-json\/wp\/v2\/posts\/17890","targetHints":{"allow":["GET"]}}],"collection":[{"href":"https:\/\/qiraatafrican.com\/fr\/wp-json\/wp\/v2\/posts"}],"about":[{"href":"https:\/\/qiraatafrican.com\/fr\/wp-json\/wp\/v2\/types\/post"}],"author":[{"embeddable":true,"href":"https:\/\/qiraatafrican.com\/fr\/wp-json\/wp\/v2\/users\/1"}],"replies":[{"embeddable":true,"href":"https:\/\/qiraatafrican.com\/fr\/wp-json\/wp\/v2\/comments?post=17890"}],"version-history":[{"count":3,"href":"https:\/\/qiraatafrican.com\/fr\/wp-json\/wp\/v2\/posts\/17890\/revisions"}],"predecessor-version":[{"id":17894,"href":"https:\/\/qiraatafrican.com\/fr\/wp-json\/wp\/v2\/posts\/17890\/revisions\/17894"}],"wp:featuredmedia":[{"embeddable":true,"href":"https:\/\/qiraatafrican.com\/fr\/wp-json\/wp\/v2\/media\/17891"}],"wp:attachment":[{"href":"https:\/\/qiraatafrican.com\/fr\/wp-json\/wp\/v2\/media?parent=17890"}],"wp:term":[{"taxonomy":"category","embeddable":true,"href":"https:\/\/qiraatafrican.com\/fr\/wp-json\/wp\/v2\/categories?post=17890"},{"taxonomy":"post_tag","embeddable":true,"href":"https:\/\/qiraatafrican.com\/fr\/wp-json\/wp\/v2\/tags?post=17890"}],"curies":[{"name":"wp","href":"https:\/\/api.w.org\/{rel}","templated":true}]}}