{"id":17887,"date":"2026-04-26T07:34:17","date_gmt":"2026-04-26T07:34:17","guid":{"rendered":"https:\/\/qiraatafrican.com\/fr\/?p=17887"},"modified":"2026-04-26T07:34:17","modified_gmt":"2026-04-26T07:34:17","slug":"la-republique-du-congo-en-dernier-lieu-sept-pays-africains-confrontes-au-syndrome-de-lapres-colonialisme","status":"publish","type":"post","link":"https:\/\/qiraatafrican.com\/fr\/17887\/la-republique-du-congo-en-dernier-lieu-sept-pays-africains-confrontes-au-syndrome-de-lapres-colonialisme\/","title":{"rendered":"La R\u00e9publique du Congo en dernier lieu.. sept pays africains confront\u00e9s au \u00absyndrome de l\u2019apr\u00e8s-colonialisme\u00bb"},"content":{"rendered":"<p>Le pr\u00e9sident congolais Denis Sassou Nguesso a pr\u00eat\u00e9 serment mardi pour un cinqui\u00e8me mandat de cinq ans, lors d&rsquo;une c\u00e9r\u00e9monie solennelle \u00e0 Kint\u00e9l\u00e9, au nord de Brazzaville. L&rsquo;\u00e9v\u00e9nement, tenu devant un large public et les autorit\u00e9s officielles, fait suite \u00e0 sa r\u00e9\u00e9lection en mars avec 94,8% des suffrages, face \u00e0 six adversaires peu connus.<\/p>\n<p>Dans son discours d&rsquo;investiture, Sassou Nguesso a promis de ne pas trahir la confiance du peuple qui l&rsquo;a massivement soutenu. \u00ab Le temps des registres \u00e9lectoraux est r\u00e9volu, place \u00e0 celui de l&rsquo;unit\u00e9 nationale \u00bb, a-t-il d\u00e9clar\u00e9, se pr\u00e9sentant comme \u00ab le pr\u00e9sident de tous les Congolais, sans exception \u00bb. Ce nouveau mandat porte \u00e0 42 ans sa long\u00e9vit\u00e9 au pouvoir, l&rsquo;un des plus longs d&rsquo;Afrique.<\/p>\n<p>Cette investiture survient dans un contexte \u00e9conomique tendu : dette publique \u00e9lev\u00e9e par rapport au PIB, ch\u00f4mage massif chez les jeunes, malgr\u00e9 les vastes r\u00e9serves p\u00e9troli\u00e8res du pays.<\/p>\n<p>Sassou Nguesso rejoint ainsi Teodoro Obiang Nguema Mbasogo (Guin\u00e9e \u00e9quatoriale) et Paul Biya (Cameroun) parmi les dirigeants africains les plus durables. Son maintien au pouvoir ravive le d\u00e9bat sur la \u00ab maladie postcoloniale \u00bb : un ph\u00e9nom\u00e8ne o\u00f9 plusieurs chefs d&rsquo;\u00c9tat africains gouvernent des d\u00e9cennies via des r\u00e9formes constitutionnelles ou une opposition affaiblie, questionnant l&rsquo;avenir de la d\u00e9mocratie sur le continent.<\/p>\n<h2>Le pr\u00e9sident de la R\u00e9publique du Congo : un verdict en deux temps<\/h2>\n<p>\u00c0 82 ans, Denis Sassou Nguesso dirige la R\u00e9publique du Congo depuis 1979, avec une interruption de 1992 \u00e0 1997. Arriv\u00e9 au pouvoir par un coup d&rsquo;\u00c9tat, il perd l&rsquo;\u00e9lection de 1992 face \u00e0 Pascal Lissouba, avant de revenir par les armes lors d&rsquo;une guerre civile qui renverse son pr\u00e9d\u00e9cesseur. Depuis, il r\u00e8gne sans discontinuer, fort d&rsquo;alliances politiques et militaires solides.<\/p>\n<p>Plusieurs r\u00e9formes constitutionnelles ont pav\u00e9 la voie : le r\u00e9f\u00e9rendum de 2015 supprime les limites de mandats et d&rsquo;\u00e2ge, facilitant sa candidature. L&rsquo;opposition, divis\u00e9e et musel\u00e9e par le contr\u00f4le \u00e9tatique des m\u00e9dias et de la politique, peine \u00e0 s&rsquo;imposer. Ses soutiens saluent sa long\u00e9vit\u00e9 comme un rempart contre l&rsquo;instabilit\u00e9 des ann\u00e9es 1990 ; ses d\u00e9tracteurs y voient un frein \u00e0 la d\u00e9mocratie et aux renouvellements institutionnels.<\/p>\n<h2>Teodoro Obiang Nguema, recordman mondial de la long\u00e9vit\u00e9<\/h2>\n<p>\u00c2g\u00e9 de 83 ans, Teodoro Obiang Nguema Mbasogo d\u00e9tient le record absolu depuis 1979 en Guin\u00e9e \u00e9quatoriale. Il acc\u00e8de au pouvoir par un putsch contre son oncle, Francisco Macias Nguema, et n&rsquo;a plus quitt\u00e9 le sommet de l&rsquo;\u00c9tat.<\/p>\n<p>Malgr\u00e9 l&rsquo;instauration officielle du multipartisme dans les ann\u00e9es 1990, son Parti d\u00e9mocratique domine sans partage. Obiang remporte toutes les \u00e9lections avec des scores \u00e9crasants, tandis que sa famille s&rsquo;implante aux postes cl\u00e9s \u2013 son fils occupe la vice-pr\u00e9sidence. Ce r\u00e8gne familial suscite critiques internationales sur la gouvernance et les droits humains<strong>.<\/strong><\/p>\n<h2>\u00a0Paul Biya, quatre d\u00e9cennies \u00e0 la pr\u00e9sidence du Cameroun<\/h2>\n<p>Paul Biya, 93 ans, plus ancien pr\u00e9sident d\u2019Afrique, reste au pouvoir apr\u00e8s quatre d\u00e9cennies<\/p>\n<p>Arriv\u00e9 \u00e0 la pr\u00e9sidence du Cameroun en 1982 suite \u00e0 la d\u00e9mission d\u2019Ahmadou Ahidjo, Paul Biya, 93 ans, dirige le pays depuis plus de quarante ans. Il figure parmi les chefs d\u2019\u00c9tat ayant exerc\u00e9 le plus longtemps le pouvoir sur le continent africain.<\/p>\n<p>Son mandat a \u00e9t\u00e9 marqu\u00e9 par des r\u00e9visions constitutionnelles ayant lev\u00e9 les limitations du nombre de mandats pr\u00e9sidentiels, lui permettant ainsi de se repr\u00e9senter \u00e0 plusieurs reprises. Malgr\u00e9 les critiques li\u00e9es \u00e0 sa long\u00e9vit\u00e9 au pouvoir, Paul Biya continue de remporter les scrutins.<\/p>\n<p>Le 4 avril dernier, le Parlement camerounais a adopt\u00e9 \u00e0 une large majorit\u00e9 un amendement constitutionnel r\u00e9tablissant le poste de vice-pr\u00e9sident, une mesure pr\u00e9sent\u00e9e par le gouvernement comme garant de la continuit\u00e9 de l\u2019\u00c9tat. L\u2019opposition y voit au contraire un renforcement de l\u2019ex\u00e9cutif. Le projet pr\u00e9voit qu\u2019en cas de d\u00e9c\u00e8s, de d\u00e9mission ou d\u2019incapacit\u00e9 du pr\u00e9sident, le vice-pr\u00e9sident lui succ\u00e8de automatiquement.<\/p>\n<p>La long\u00e9vit\u00e9 du r\u00e9gime Biya alimente les controverses politiques internes, dans un contexte marqu\u00e9 par des d\u00e9fis s\u00e9curitaires et des appels croissants au renouvellement des \u00e9lites politiques ainsi qu\u2019\u00e0 un \u00e9largissement de la participation d\u00e9mocratique.<\/p>\n<h2>Yoweri Museveni : de la guerre \u00e0 la pr\u00e9sidence sans partage<\/h2>\n<p>Arriv\u00e9 au pouvoir en Ouganda en 1986 \u00e0 l\u2019issue d\u2019un conflit arm\u00e9, Yoweri Museveni, 81 ans, est l\u2019un des plus anciens dirigeants africains. Il a remport\u00e9 toutes les \u00e9lections pr\u00e9sidentielles depuis l\u2019instauration du multipartisme. Sous son r\u00e8gne, des amendements constitutionnels ont supprim\u00e9 les restrictions li\u00e9es \u00e0 l\u2019\u00e2ge et au nombre de mandats, lui ouvrant la voie \u00e0 de nouvelles candidatures. Museveni conserve par ailleurs une influence d\u00e9terminante au sein de l\u2019arm\u00e9e.<\/p>\n<h2>Isaias Afwerki, le ma\u00eetre incontestable de l\u2019\u00c9rythr\u00e9e depuis l\u2019ind\u00e9pendance<\/h2>\n<p>Isaias Afwerki dirige l\u2019\u00c9rythr\u00e9e depuis son ind\u00e9pendance de l\u2019\u00c9thiopie en 1993, sans partage du pouvoir dans un syst\u00e8me politique ferm\u00e9 o\u00f9 aucune \u00e9lection pr\u00e9sidentielle n\u2019est organis\u00e9e. Son mandat est marqu\u00e9 par des tensions r\u00e9gionales persistantes, notamment avec l\u2019\u00c9thiopie, ainsi que par des critiques internationales sur l\u2019absence de libert\u00e9s politiques et d\u2019institutions \u00e9lues.<\/p>\n<h2>Isma\u00efl Omar Guelleh : un quart de si\u00e8cle \u00e0 la t\u00eate de Djibouti<\/h2>\n<p>Pr\u00e9sident de Djibouti depuis 1999, Isma\u00efl Omar Guelleh, 78 ans, a succ\u00e9d\u00e9 \u00e0 Hassan Gouled Aptidon. Il a remport\u00e9 l\u2019ensemble des scrutins pr\u00e9sidentiels qu\u2019il a organis\u00e9s, le plus r\u00e9cemment quelques jours apr\u00e8s la r\u00e9\u00e9lection du pr\u00e9sident de la R\u00e9publique du Congo. Son maintien au pouvoir a \u00e9t\u00e9 facilit\u00e9 par des amendements constitutionnels supprimant les limitations du nombre de mandats. Il conserve \u00e9galement une mainmise sur le Parlement gr\u00e2ce \u00e0 la domination de son parti. Ses partisans saluent la stabilit\u00e9 politique et la croissance \u00e9conomique relative d\u2019un pays strat\u00e9giquement situ\u00e9 dans le d\u00e9troit de Bab el-Mandeb. Les organisations de d\u00e9fense des droits humains et l\u2019opposition l\u2019accusent en revanche de restreindre l\u2019opposition politique et la libert\u00e9 de la presse, ce que les autorit\u00e9s d\u00e9mentent en affirmant que les \u00e9lections respectent les cadres juridique et constitutionnel.<\/p>\n<h2>Paul Kagame : entre stabilit\u00e9 et critiques<\/h2>\n<p>Paul Kagame, 70 ans, a pris le contr\u00f4le effectif du Rwanda apr\u00e8s 1994 avant d\u2019en devenir officiellement pr\u00e9sident en 2000. Il dirige le pays sans partage, remportant r\u00e9guli\u00e8rement les \u00e9lections. \u00c0 l\u2019instar d\u2019autres dirigeants africains de longue date, il a engag\u00e9 des r\u00e9formes \u00e9conomiques et de d\u00e9veloppement remarquable, faisant du Rwanda un mod\u00e8le de croissance sur le continent. Cependant, la dur\u00e9e de son mandat suscite des critiques quant \u00e0 l\u2019absence de concurrence politique r\u00e9elle. Son cas illustre un mod\u00e8le contrast\u00e9 parmi les pr\u00e9sidents africains historiques, alliant performances \u00e9conomiques tangibles et d\u00e9bats r\u00e9currents sur l\u2019avenir de la transmission du pouvoir.<\/p>\n<h2>Conclusion<\/h2>\n<p>Ces trajectoires, dont la plus r\u00e9cente est celle de la R\u00e9publique du Congo, t\u00e9moignent de la persistance au pouvoir de plusieurs dirigeants africains sur plusieurs d\u00e9cennies, souvent gr\u00e2ce \u00e0 des r\u00e9visions constitutionnelles ou \u00e0 une concurrence politique affaiblie. Elles alimentent un large d\u00e9bat sur l\u2019avenir de la d\u00e9mocratie sur le continent. Alors que certains voient dans cette long\u00e9vit\u00e9 un facteur de stabilit\u00e9, d\u2019autres y per\u00e7oivent un obstacle \u00e0 tout changement politique. La transition pacifique du pouvoir demeure l\u2019un des d\u00e9fis majeurs des syst\u00e8mes politiques africains, particuli\u00e8rement dans les \u00c9tats o\u00f9 certains pr\u00e9sidents sont en place depuis des d\u00e9cennies<strong>.<\/strong><\/p>\n<p>&nbsp;<\/p>\n","protected":false},"excerpt":{"rendered":"<p>Le pr\u00e9sident congolais Denis Sassou Nguesso a pr\u00eat\u00e9 serment mardi pour un cinqui\u00e8me mandat de cinq ans, lors d&rsquo;une c\u00e9r\u00e9monie solennelle \u00e0 Kint\u00e9l\u00e9, au nord de Brazzaville. L&rsquo;\u00e9v\u00e9nement, tenu devant un large public et les autorit\u00e9s officielles, fait suite \u00e0 sa r\u00e9\u00e9lection en mars avec 94,8% des suffrages, face \u00e0 six adversaires peu connus. Dans [&hellip;]<\/p>\n","protected":false},"author":1,"featured_media":17888,"comment_status":"closed","ping_status":"closed","sticky":false,"template":"","format":"standard","meta":{"iawp_total_views":5,"jnews-multi-image_gallery":[],"jnews_single_post":{"format":"standard","override":[{"template":"1","parallax":"1","fullscreen":"1","layout":"right-sidebar","sidebar":"default-sidebar","second_sidebar":"default-sidebar","sticky_sidebar":"1","share_position":"topbottom","share_float_style":"share-monocrhome","show_share_counter":"1","show_featured":"1","show_post_meta":"1","show_post_author_image":"1","show_post_date":"1","post_date_format":"default","post_date_format_custom":"Y\/m\/d","show_post_category":"1","show_post_reading_time":"0","post_reading_time_wpm":"300","post_calculate_word_method":"str_word_count","show_zoom_button":"0","zoom_button_out_step":"2","zoom_button_in_step":"3","show_post_tag":"1","number_popup_post":"1","show_post_related":"1","show_inline_post_related":"1"}],"image_override":[{"single_post_thumbnail_size":"crop-500","single_post_gallery_size":"crop-500"}],"trending_post_position":"meta","trending_post_label":"Trending","sponsored_post_label":"Sponsored by","disable_ad":"0","subtitle":"R\u00e9daction de Qiraatafrican (Arabic) | Traduit par: Sidi- M. OUEDRAOGO"},"jnews_primary_category":[],"jnews_social_meta":[],"jnews_override_counter":{"view_counter_number":"0","share_counter_number":"0","like_counter_number":"0","dislike_counter_number":"0"},"footnotes":""},"categories":[1,47],"tags":[],"class_list":["post-17887","post","type-post","status-publish","format-standard","has-post-thumbnail","hentry","category-analyse-rapport","category-politique"],"_links":{"self":[{"href":"https:\/\/qiraatafrican.com\/fr\/wp-json\/wp\/v2\/posts\/17887","targetHints":{"allow":["GET"]}}],"collection":[{"href":"https:\/\/qiraatafrican.com\/fr\/wp-json\/wp\/v2\/posts"}],"about":[{"href":"https:\/\/qiraatafrican.com\/fr\/wp-json\/wp\/v2\/types\/post"}],"author":[{"embeddable":true,"href":"https:\/\/qiraatafrican.com\/fr\/wp-json\/wp\/v2\/users\/1"}],"replies":[{"embeddable":true,"href":"https:\/\/qiraatafrican.com\/fr\/wp-json\/wp\/v2\/comments?post=17887"}],"version-history":[{"count":1,"href":"https:\/\/qiraatafrican.com\/fr\/wp-json\/wp\/v2\/posts\/17887\/revisions"}],"predecessor-version":[{"id":17889,"href":"https:\/\/qiraatafrican.com\/fr\/wp-json\/wp\/v2\/posts\/17887\/revisions\/17889"}],"wp:featuredmedia":[{"embeddable":true,"href":"https:\/\/qiraatafrican.com\/fr\/wp-json\/wp\/v2\/media\/17888"}],"wp:attachment":[{"href":"https:\/\/qiraatafrican.com\/fr\/wp-json\/wp\/v2\/media?parent=17887"}],"wp:term":[{"taxonomy":"category","embeddable":true,"href":"https:\/\/qiraatafrican.com\/fr\/wp-json\/wp\/v2\/categories?post=17887"},{"taxonomy":"post_tag","embeddable":true,"href":"https:\/\/qiraatafrican.com\/fr\/wp-json\/wp\/v2\/tags?post=17887"}],"curies":[{"name":"wp","href":"https:\/\/api.w.org\/{rel}","templated":true}]}}