{"id":17881,"date":"2026-04-26T06:54:18","date_gmt":"2026-04-26T06:54:18","guid":{"rendered":"https:\/\/qiraatafrican.com\/fr\/?p=17881"},"modified":"2026-04-26T06:54:18","modified_gmt":"2026-04-26T06:54:18","slug":"la-france-exprime-son-inquietude-face-a-la-montee-de-lextremisme-islamiste-au-sahel","status":"publish","type":"post","link":"https:\/\/qiraatafrican.com\/fr\/17881\/la-france-exprime-son-inquietude-face-a-la-montee-de-lextremisme-islamiste-au-sahel\/","title":{"rendered":"La France exprime son inqui\u00e9tude face \u00e0 la mont\u00e9e de l&rsquo;extr\u00e9misme islamiste au Sahel"},"content":{"rendered":"<p>Le ministre fran\u00e7ais des Affaires \u00e9trang\u00e8res a exprim\u00e9 vendredi son inqui\u00e9tude face \u00e0 la mont\u00e9e de l&rsquo;extr\u00e9misme islamiste en Afrique de l&rsquo;Ouest, \u00e0 l&rsquo;issue d&rsquo;entretiens avec son homologue togolais \u00e0 Lom\u00e9.<\/p>\n<p>Les violences perp\u00e9tr\u00e9es par des groupes djihadistes affili\u00e9s \u00e0 Al-Qa\u00efda et \u00e0 l&rsquo;\u00c9tat islamique ravagent la r\u00e9gion du Sahel depuis une d\u00e9cennie.<\/p>\n<p>Elles s&rsquo;\u00e9tendent d\u00e9sormais aux r\u00e9gions septentrionales de pays c\u00f4tiers comme le Togo, suite au retrait forc\u00e9 des troupes fran\u00e7aises engag\u00e9es dans la lutte contre les militants par les r\u00e9gimes militaires du Burkina Faso, du Mali et du Niger.<\/p>\n<p>La visite de Jean-No\u00ebl Barrot au Togo est la premi\u00e8re d&rsquo;un ministre fran\u00e7ais des Affaires \u00e9trang\u00e8res depuis dix ans. La France, ancienne puissance coloniale, et Lom\u00e9 demeurent des alli\u00e9s rares de Paris dans la r\u00e9gion, malgr\u00e9 le renforcement de ses liens avec la Russie.<\/p>\n<p>\u00ab Nous partageons une pr\u00e9occupation commune : la s\u00e9curit\u00e9 de la sous-r\u00e9gion et, bien s\u00fbr, la menace terroriste, que nous voulons tous endiguer et contenir \u00bb, a d\u00e9clar\u00e9 M. Barrot aux journalistes apr\u00e8s son entretien avec son homologue, M. Robert Dussey.<\/p>\n<p>\u00ab La France soutient les initiatives r\u00e9gionales visant \u00e0 contenir ce fl\u00e9au et \u00e0 permettre aux pays de la sous-r\u00e9gion d&rsquo;assumer pleinement leur s\u00e9curit\u00e9 et leur souverainet\u00e9 \u00bb, a-t-il ajout\u00e9.<\/p>\n<p>M. Barrot est arriv\u00e9 \u00e0 Lom\u00e9 jeudi soir et s&rsquo;est imm\u00e9diatement entretenu avec le pr\u00e9sident togolais, M. Faure Gnassingb\u00e9, saluant le r\u00f4le de m\u00e9diateur du Togo dans des pays comme la R\u00e9publique d\u00e9mocratique du Congo.<\/p>\n<p>Il a indiqu\u00e9 que le pays jouait \u00e9galement un r\u00f4le central au Sahel pour trouver des solutions r\u00e9gionales afin de lutter contre la progression de la menace terroriste.<\/p>\n<p>La France co-organise un important sommet sur l&rsquo;Afrique \u00e0 Nairobi le mois prochain.<\/p>\n","protected":false},"excerpt":{"rendered":"<p>Le ministre fran\u00e7ais des Affaires \u00e9trang\u00e8res a exprim\u00e9 vendredi son inqui\u00e9tude face \u00e0 la mont\u00e9e de l&rsquo;extr\u00e9misme islamiste en Afrique de l&rsquo;Ouest, \u00e0 l&rsquo;issue d&rsquo;entretiens avec son homologue togolais \u00e0 Lom\u00e9. Les violences perp\u00e9tr\u00e9es par des groupes djihadistes affili\u00e9s \u00e0 Al-Qa\u00efda et \u00e0 l&rsquo;\u00c9tat islamique ravagent la r\u00e9gion du Sahel depuis une d\u00e9cennie. Elles s&rsquo;\u00e9tendent [&hellip;]<\/p>\n","protected":false},"author":1,"featured_media":17882,"comment_status":"closed","ping_status":"closed","sticky":false,"template":"","format":"standard","meta":{"iawp_total_views":2,"jnews-multi-image_gallery":[],"jnews_single_post":{"subtitle":"","format":"standard","override":[{"template":"1","parallax":"1","fullscreen":"1","layout":"right-sidebar","sidebar":"default-sidebar","second_sidebar":"default-sidebar","sticky_sidebar":"1","share_position":"topbottom","share_float_style":"share-monocrhome","show_share_counter":"1","show_featured":"1","show_post_meta":"1","show_post_author_image":"1","show_post_date":"1","post_date_format":"default","post_date_format_custom":"Y\/m\/d","show_post_category":"1","show_post_reading_time":"0","post_reading_time_wpm":"300","post_calculate_word_method":"str_word_count","show_zoom_button":"0","zoom_button_out_step":"2","zoom_button_in_step":"3","show_post_tag":"1","number_popup_post":"1","show_post_related":"1","show_inline_post_related":"1"}],"image_override":[{"single_post_thumbnail_size":"crop-500","single_post_gallery_size":"crop-500"}],"trending_post_position":"meta","trending_post_label":"Trending","sponsored_post_label":"Sponsored by","disable_ad":"0"},"jnews_primary_category":[],"jnews_social_meta":[],"jnews_override_counter":{"view_counter_number":"0","share_counter_number":"0","like_counter_number":"0","dislike_counter_number":"0"},"footnotes":""},"categories":[5],"tags":[],"class_list":["post-17881","post","type-post","status-publish","format-standard","has-post-thumbnail","hentry","category-politique-africaine"],"_links":{"self":[{"href":"https:\/\/qiraatafrican.com\/fr\/wp-json\/wp\/v2\/posts\/17881","targetHints":{"allow":["GET"]}}],"collection":[{"href":"https:\/\/qiraatafrican.com\/fr\/wp-json\/wp\/v2\/posts"}],"about":[{"href":"https:\/\/qiraatafrican.com\/fr\/wp-json\/wp\/v2\/types\/post"}],"author":[{"embeddable":true,"href":"https:\/\/qiraatafrican.com\/fr\/wp-json\/wp\/v2\/users\/1"}],"replies":[{"embeddable":true,"href":"https:\/\/qiraatafrican.com\/fr\/wp-json\/wp\/v2\/comments?post=17881"}],"version-history":[{"count":1,"href":"https:\/\/qiraatafrican.com\/fr\/wp-json\/wp\/v2\/posts\/17881\/revisions"}],"predecessor-version":[{"id":17883,"href":"https:\/\/qiraatafrican.com\/fr\/wp-json\/wp\/v2\/posts\/17881\/revisions\/17883"}],"wp:featuredmedia":[{"embeddable":true,"href":"https:\/\/qiraatafrican.com\/fr\/wp-json\/wp\/v2\/media\/17882"}],"wp:attachment":[{"href":"https:\/\/qiraatafrican.com\/fr\/wp-json\/wp\/v2\/media?parent=17881"}],"wp:term":[{"taxonomy":"category","embeddable":true,"href":"https:\/\/qiraatafrican.com\/fr\/wp-json\/wp\/v2\/categories?post=17881"},{"taxonomy":"post_tag","embeddable":true,"href":"https:\/\/qiraatafrican.com\/fr\/wp-json\/wp\/v2\/tags?post=17881"}],"curies":[{"name":"wp","href":"https:\/\/api.w.org\/{rel}","templated":true}]}}