{"id":17875,"date":"2026-04-26T06:47:38","date_gmt":"2026-04-26T06:47:38","guid":{"rendered":"https:\/\/qiraatafrican.com\/fr\/?p=17875"},"modified":"2026-04-26T06:49:43","modified_gmt":"2026-04-26T06:49:43","slug":"larmee-malienne-affirme-que-la-situation-est-sous-controle-apres-les-attaques","status":"publish","type":"post","link":"https:\/\/qiraatafrican.com\/fr\/17875\/larmee-malienne-affirme-que-la-situation-est-sous-controle-apres-les-attaques\/","title":{"rendered":"L&rsquo;arm\u00e9e malienne affirme que la situation est sous contr\u00f4le apr\u00e8s les attaques"},"content":{"rendered":"<p>L&rsquo;arm\u00e9e malienne affirme que la situation dans le pays est sous contr\u00f4le apr\u00e8s une s\u00e9rie d&rsquo;attaques survenues samedi, malgr\u00e9 des tirs qui continuent d&rsquo;\u00eatre entendus dans la capitale, Bamako, et le survol d&rsquo;h\u00e9licopt\u00e8res.<\/p>\n<p>Des habitants et les autorit\u00e9s ont indiqu\u00e9 que des hommes arm\u00e9s ont attaqu\u00e9 plusieurs endroits du pays t\u00f4t le matin, dans le cadre d&rsquo;une possible attaque coordonn\u00e9e.<\/p>\n<p>Des t\u00e9moins ont rapport\u00e9 d&rsquo;intenses combats dans la ville voisine de Kati, o\u00f9 se trouvent une importante caserne et le chef de la junte, le g\u00e9n\u00e9ral Assimi Go\u00efta.<\/p>\n<p>Des coups de feu et des explosions ont \u00e9t\u00e9 entendus dans plusieurs villes.<\/p>\n<p>Les rebelles touaregs du Front de lib\u00e9ration de l&rsquo;Azawad (FLA) affirment quant \u00e0 eux avoir pris le contr\u00f4le de la ville de Kidal, dans le nord du pays, et de certains quartiers de Gao.<\/p>\n<p>La junte malienne, qui a pris le pouvoir par des coups d&rsquo;\u00c9tat en 2020 et 2021, qualifie le FLA de groupe \u00ab terroriste \u00bb.<\/p>\n<p>Dans un communiqu\u00e9 sp\u00e9cial, un porte-parole de l&rsquo;arm\u00e9e malienne a d\u00e9clar\u00e9 que des \u00ab groupes terroristes arm\u00e9s non identifi\u00e9s \u00bb avaient cibl\u00e9 certains sites et casernes militaires dans la capitale et \u00e0 l&rsquo;int\u00e9rieur du pays.<\/p>\n<p>\u00ab Nous appelons la population au calme et \u00e0 la vigilance. Nos forces de d\u00e9fense et de s\u00e9curit\u00e9 sont actuellement mobilis\u00e9es pour neutraliser les assaillants. Nous fournirons de plus amples informations ult\u00e9rieurement \u00bb, a-t-il d\u00e9clar\u00e9.<\/p>\n<p>Les Nations Unies ont not\u00e9 des \u00ab attaques complexes simultan\u00e9es \u00bb dans plusieurs villes du pays et \u00e0 l&rsquo;a\u00e9roport de Bamakpo.<\/p>\n<p>L&rsquo;ambassade des \u00c9tats-Unis au Mali a publi\u00e9 une alerte de s\u00e9curit\u00e9 sur son site web, exhortant ses ressortissants se trouvant dans la capitale et ses environs \u00e0 rester confin\u00e9s.<\/p>\n<p>L&rsquo;Union africaine a condamn\u00e9 les attaques arm\u00e9es perp\u00e9tr\u00e9es au Mali, mettant en garde contre la menace qu&rsquo;elles repr\u00e9sentent pour les civils et la stabilit\u00e9 du pays.<\/p>\n<p>Le Mali est en proie \u00e0 des insurrections men\u00e9es par des groupes affili\u00e9s \u00e0 Al-Qa\u00efda et \u00e0 l&rsquo;\u00c9tat islamique, ainsi que par la r\u00e9bellion s\u00e9paratiste touar\u00e8gue dans le nord.<\/p>\n<p>Les s\u00e9paratistes luttent depuis des ann\u00e9es pour cr\u00e9er l&rsquo;\u00c9tat d&rsquo;Azawad dans le nord du Mali.<\/p>\n<p>Autrefois, ils chassaient les forces de s\u00e9curit\u00e9 de la r\u00e9gion, avant qu&rsquo;un accord de paix de 2015, depuis lors rompu, ne permette l&rsquo;int\u00e9gration de certains anciens rebelles au sein de l&rsquo;arm\u00e9e malienne.<\/p>\n<p>\u00c0 l&rsquo;instar du Niger et du Burkina Faso voisins, le Mali a rompu ses relations avec l&rsquo;ancienne puissance coloniale, la France, et certains pays occidentaux, et s&rsquo;est rapproch\u00e9 de la Russie.<\/p>\n<p>Suite aux coups d&rsquo;\u00c9tat militaires survenus dans ces trois pays, les dirigeants se sont tourn\u00e9s vers Moscou pour obtenir de l&rsquo;aide dans la lutte contre les groupes arm\u00e9s islamistes.<\/p>\n<p>Cependant, la situation s\u00e9curitaire au Mali, au Niger et au Burkina Faso s&rsquo;est d\u00e9grad\u00e9e ces derniers temps, selon les analystes, avec un nombre record d&rsquo;attaques perp\u00e9tr\u00e9es par des groupes arm\u00e9s.<\/p>\n<p>Les forces gouvernementales ont \u00e9galement \u00e9t\u00e9 accus\u00e9es d&rsquo;avoir tu\u00e9 des civils soup\u00e7onn\u00e9s de collaborer avec les groupes arm\u00e9s.<\/p>\n","protected":false},"excerpt":{"rendered":"<p>L&rsquo;arm\u00e9e malienne affirme que la situation dans le pays est sous contr\u00f4le apr\u00e8s une s\u00e9rie d&rsquo;attaques survenues samedi, malgr\u00e9 des tirs qui continuent d&rsquo;\u00eatre entendus dans la capitale, Bamako, et le survol d&rsquo;h\u00e9licopt\u00e8res. Des habitants et les autorit\u00e9s ont indiqu\u00e9 que des hommes arm\u00e9s ont attaqu\u00e9 plusieurs endroits du pays t\u00f4t le matin, dans le [&hellip;]<\/p>\n","protected":false},"author":1,"featured_media":17876,"comment_status":"closed","ping_status":"closed","sticky":false,"template":"","format":"standard","meta":{"iawp_total_views":1,"jnews-multi-image_gallery":[],"jnews_single_post":{"subtitle":"","format":"standard","override":[{"template":"1","parallax":"1","fullscreen":"1","layout":"right-sidebar","sidebar":"default-sidebar","second_sidebar":"default-sidebar","sticky_sidebar":"1","share_position":"topbottom","share_float_style":"share-monocrhome","show_share_counter":"1","show_featured":"1","show_post_meta":"1","show_post_author_image":"1","show_post_date":"1","post_date_format":"default","post_date_format_custom":"Y\/m\/d","show_post_category":"1","show_post_reading_time":"0","post_reading_time_wpm":"300","post_calculate_word_method":"str_word_count","show_zoom_button":"0","zoom_button_out_step":"2","zoom_button_in_step":"3","show_post_tag":"1","number_popup_post":"1","show_post_related":"1","show_inline_post_related":"1"}],"image_override":[{"single_post_thumbnail_size":"crop-500","single_post_gallery_size":"crop-500"}],"trending_post_position":"meta","trending_post_label":"Trending","sponsored_post_label":"Sponsored by","disable_ad":"0","source_name":"Africa News"},"jnews_primary_category":[],"jnews_social_meta":[],"jnews_override_counter":{"view_counter_number":"0","share_counter_number":"0","like_counter_number":"0","dislike_counter_number":"0"},"footnotes":""},"categories":[44,38],"tags":[],"class_list":["post-17875","post","type-post","status-publish","format-standard","has-post-thumbnail","hentry","category-afrique-de-louest","category-suivis"],"_links":{"self":[{"href":"https:\/\/qiraatafrican.com\/fr\/wp-json\/wp\/v2\/posts\/17875","targetHints":{"allow":["GET"]}}],"collection":[{"href":"https:\/\/qiraatafrican.com\/fr\/wp-json\/wp\/v2\/posts"}],"about":[{"href":"https:\/\/qiraatafrican.com\/fr\/wp-json\/wp\/v2\/types\/post"}],"author":[{"embeddable":true,"href":"https:\/\/qiraatafrican.com\/fr\/wp-json\/wp\/v2\/users\/1"}],"replies":[{"embeddable":true,"href":"https:\/\/qiraatafrican.com\/fr\/wp-json\/wp\/v2\/comments?post=17875"}],"version-history":[{"count":1,"href":"https:\/\/qiraatafrican.com\/fr\/wp-json\/wp\/v2\/posts\/17875\/revisions"}],"predecessor-version":[{"id":17877,"href":"https:\/\/qiraatafrican.com\/fr\/wp-json\/wp\/v2\/posts\/17875\/revisions\/17877"}],"wp:featuredmedia":[{"embeddable":true,"href":"https:\/\/qiraatafrican.com\/fr\/wp-json\/wp\/v2\/media\/17876"}],"wp:attachment":[{"href":"https:\/\/qiraatafrican.com\/fr\/wp-json\/wp\/v2\/media?parent=17875"}],"wp:term":[{"taxonomy":"category","embeddable":true,"href":"https:\/\/qiraatafrican.com\/fr\/wp-json\/wp\/v2\/categories?post=17875"},{"taxonomy":"post_tag","embeddable":true,"href":"https:\/\/qiraatafrican.com\/fr\/wp-json\/wp\/v2\/tags?post=17875"}],"curies":[{"name":"wp","href":"https:\/\/api.w.org\/{rel}","templated":true}]}}