{"id":17493,"date":"2026-02-24T14:41:34","date_gmt":"2026-02-24T14:41:34","guid":{"rendered":"https:\/\/qiraatafrican.com\/fr\/?p=17493"},"modified":"2026-02-24T14:41:34","modified_gmt":"2026-02-24T14:41:34","slug":"le-cameroun-autorise-la-restitution-du-corps-de-son-ancien-chef-de-lopposition","status":"publish","type":"post","link":"https:\/\/qiraatafrican.com\/fr\/17493\/le-cameroun-autorise-la-restitution-du-corps-de-son-ancien-chef-de-lopposition\/","title":{"rendered":"Le Cameroun autorise la restitution du corps de son ancien chef de l&rsquo;opposition"},"content":{"rendered":"<p>Pr\u00e8s de trois mois se sont \u00e9coul\u00e9s depuis le d\u00e9c\u00e8s d&rsquo;Anicet Ekane, figure embl\u00e9matique de l&rsquo;opposition camerounaise, en d\u00e9tention militaire, environ cinq semaines apr\u00e8s son arrestation.<\/p>\n<p>Les autorit\u00e9s autorisent enfin la famille de cet homme de 74 ans \u00e0 r\u00e9cup\u00e9rer sa d\u00e9pouille, conserv\u00e9e \u00e0 la morgue de l&rsquo;h\u00f4pital central de Yaound\u00e9.<\/p>\n<p>Cette d\u00e9cision fait suite \u00e0 deux requ\u00eates d\u00e9pos\u00e9es par les avocats de la famille et permet \u00e0 sa veuve d&rsquo;organiser les obs\u00e8ques.<\/p>\n<p>La d\u00e9pouille d&rsquo;Ekane \u00e9tait plac\u00e9e sous scell\u00e9s judiciaires depuis son d\u00e9c\u00e8s, le 1er d\u00e9cembre dernier, suite \u00e0 une d\u00e9cision du commissaire du gouvernement aupr\u00e8s du tribunal militaire.<\/p>\n<p>Dans les prochains jours, les avocats de la famille esp\u00e8rent \u00e9galement obtenir le rapport d&rsquo;autopsie, rest\u00e9 secret jusqu&rsquo;\u00e0 pr\u00e9sent.<\/p>\n<p>Ekane figurait parmi les dirigeants d&rsquo;une coalition d&rsquo;opposition accus\u00e9e d&rsquo;actes d&rsquo;insurrection et de r\u00e9bellion apr\u00e8s avoir soutenu la victoire d&rsquo;Issa Tchiroma Bakary \u00e0 l&rsquo;\u00e9lection pr\u00e9sidentielle d&rsquo;octobre.<\/p>\n<p>Les r\u00e9sultats officiels des \u00e9lections contest\u00e9es ont d\u00e9clar\u00e9 vainqueur le pr\u00e9sident sortant Paul Biya, \u00e2g\u00e9 de 92 ans, lui assurant un nouveau mandat de sept ans.<\/p>\n<p>Des manifestations meurtri\u00e8res ont \u00e9clat\u00e9 dans plusieurs r\u00e9gions du Cameroun apr\u00e8s le scrutin que Bakary, qui a depuis fui le pays, a revendiqu\u00e9 comme vainqueur.<\/p>\n<p>Biya est arriv\u00e9 au pouvoir en 1982 suite \u00e0 la d\u00e9mission du premier pr\u00e9sident du Cameroun et dirige le pays depuis lors.<\/p>\n","protected":false},"excerpt":{"rendered":"<p>Pr\u00e8s de trois mois se sont \u00e9coul\u00e9s depuis le d\u00e9c\u00e8s d&rsquo;Anicet Ekane, figure embl\u00e9matique de l&rsquo;opposition camerounaise, en d\u00e9tention militaire, environ cinq semaines apr\u00e8s son arrestation. Les autorit\u00e9s autorisent enfin la famille de cet homme de 74 ans \u00e0 r\u00e9cup\u00e9rer sa d\u00e9pouille, conserv\u00e9e \u00e0 la morgue de l&rsquo;h\u00f4pital central de Yaound\u00e9. Cette d\u00e9cision fait suite [&hellip;]<\/p>\n","protected":false},"author":1,"featured_media":17494,"comment_status":"closed","ping_status":"closed","sticky":false,"template":"","format":"standard","meta":{"iawp_total_views":6,"jnews-multi-image_gallery":[],"jnews_single_post":{"subtitle":"","format":"standard","override":[{"template":"1","parallax":"1","fullscreen":"1","layout":"right-sidebar","sidebar":"default-sidebar","second_sidebar":"default-sidebar","sticky_sidebar":"1","share_position":"topbottom","share_float_style":"share-monocrhome","show_share_counter":"1","show_featured":"1","show_post_meta":"1","show_post_author_image":"1","show_post_date":"1","post_date_format":"default","post_date_format_custom":"Y\/m\/d","show_post_category":"1","show_post_reading_time":"0","post_reading_time_wpm":"300","post_calculate_word_method":"str_word_count","show_zoom_button":"0","zoom_button_out_step":"2","zoom_button_in_step":"3","show_post_tag":"1","number_popup_post":"1","show_post_related":"1","show_inline_post_related":"1"}],"image_override":[{"single_post_thumbnail_size":"crop-500","single_post_gallery_size":"crop-500"}],"trending_post_position":"meta","trending_post_label":"Trending","sponsored_post_label":"Sponsored by","disable_ad":"0"},"jnews_primary_category":[],"jnews_social_meta":[],"jnews_override_counter":{"view_counter_number":"0","share_counter_number":"0","like_counter_number":"0","dislike_counter_number":"0"},"footnotes":""},"categories":[41,38],"tags":[],"class_list":["post-17493","post","type-post","status-publish","format-standard","has-post-thumbnail","hentry","category-afrique-centrale","category-suivis"],"_links":{"self":[{"href":"https:\/\/qiraatafrican.com\/fr\/wp-json\/wp\/v2\/posts\/17493","targetHints":{"allow":["GET"]}}],"collection":[{"href":"https:\/\/qiraatafrican.com\/fr\/wp-json\/wp\/v2\/posts"}],"about":[{"href":"https:\/\/qiraatafrican.com\/fr\/wp-json\/wp\/v2\/types\/post"}],"author":[{"embeddable":true,"href":"https:\/\/qiraatafrican.com\/fr\/wp-json\/wp\/v2\/users\/1"}],"replies":[{"embeddable":true,"href":"https:\/\/qiraatafrican.com\/fr\/wp-json\/wp\/v2\/comments?post=17493"}],"version-history":[{"count":1,"href":"https:\/\/qiraatafrican.com\/fr\/wp-json\/wp\/v2\/posts\/17493\/revisions"}],"predecessor-version":[{"id":17495,"href":"https:\/\/qiraatafrican.com\/fr\/wp-json\/wp\/v2\/posts\/17493\/revisions\/17495"}],"wp:featuredmedia":[{"embeddable":true,"href":"https:\/\/qiraatafrican.com\/fr\/wp-json\/wp\/v2\/media\/17494"}],"wp:attachment":[{"href":"https:\/\/qiraatafrican.com\/fr\/wp-json\/wp\/v2\/media?parent=17493"}],"wp:term":[{"taxonomy":"category","embeddable":true,"href":"https:\/\/qiraatafrican.com\/fr\/wp-json\/wp\/v2\/categories?post=17493"},{"taxonomy":"post_tag","embeddable":true,"href":"https:\/\/qiraatafrican.com\/fr\/wp-json\/wp\/v2\/tags?post=17493"}],"curies":[{"name":"wp","href":"https:\/\/api.w.org\/{rel}","templated":true}]}}