{"id":15721,"date":"2025-06-30T07:29:51","date_gmt":"2025-06-30T07:29:51","guid":{"rendered":"https:\/\/qiraatafrican.com\/fr\/?p=15721"},"modified":"2025-06-30T07:32:15","modified_gmt":"2025-06-30T07:32:15","slug":"soldats-de-lombre-le-retour-discret-de-la-france-en-afrique","status":"publish","type":"post","link":"https:\/\/qiraatafrican.com\/fr\/15721\/soldats-de-lombre-le-retour-discret-de-la-france-en-afrique\/","title":{"rendered":"Soldats de l\u2019ombre : le retour discret de la France en Afrique"},"content":{"rendered":"<div class=\"intro-text\">\n<p>Depuis la fin du mois de mai 2025, un ph\u00e9nom\u00e8ne discret mais significatif attire l\u2019attention des observateurs : d\u2019anciens soldats fran\u00e7ais r\u00e9apparaissent en Afrique, non plus sous l\u2019uniforme tricolore, mais au service de soci\u00e9t\u00e9s militaires priv\u00e9es.<\/p>\n<\/div>\n<p>C\u2019est ce que r\u00e9v\u00e8le un rapport de <a href=\"https:\/\/www.rfi.fr\/en\/africa\/20250527-private-military-firms-undermine-france-s-quiet-exit-from-west-africa\" target=\"_blank\" rel=\"noopener\">Radio France Internationale (RFI)<\/a>, qui souligne la mont\u00e9e en puissance de ces contractuels op\u00e9rant dans l\u2019ombre, loin des projecteurs de la diplomatie officielle. Leur pr\u00e9sence marque une nouvelle phase de l\u2019influence s\u00e9curitaire fran\u00e7aise sur le continent, d\u00e9sormais externalis\u00e9e et moins encadr\u00e9e par les canaux institutionnels.<\/p>\n<p>Alors que <a href=\"https:\/\/qiraatafrican.com\/fr\/14627\/la-france-cede-des-bases-militaires-au-senegal-dans-le-cadre-dun-retrait-des-troupes\/\">la France a officiellement r\u00e9duit sa pr\u00e9sence militaire en Afrique de l\u2019Ouest et au Sahel<\/a> \u2014 notamment apr\u00e8s les fins tumultueuses de l\u2019op\u00e9ration Barkhane \u2014 ce retour indirect de ses ex-soldats brouille les lignes entre retrait strat\u00e9gique et maintien d\u2019une empreinte s\u00e9curitaire. Sous couvert de contrats priv\u00e9s, ces hommes interviennent dans des contextes sensibles, risquant de raviver les critiques sur une forme de n\u00e9o-interventionnisme masqu\u00e9.<\/p>\n<p>Cette dynamique soul\u00e8ve des interrogations sur la coh\u00e9rence de la politique fran\u00e7aise en Afrique, et sur l\u2019impact \u00e0 long terme de ces engagements officieux sur les relations bilat\u00e9rales.<\/p>\n<p>Car ces anciens militaires, bien qu\u2019\u00e9mancip\u00e9s de la cha\u00eene de commandement fran\u00e7aise, demeurent actifs dans des zones hautement strat\u00e9giques. Ils assurent la s\u00e9curit\u00e9 de sites p\u00e9troliers, prot\u00e8gent des diplomates occidentaux et forment des unit\u00e9s locales dans des pays aussi vari\u00e9s que la Libye, le Kenya ou encore le Burkina Faso. Leur expertise, leur formation et leur r\u00e9seau renforcent leur influence dans les zones de conflit, mais contribuent aussi \u00e0 maintenir, sous une forme nouvelle, la pr\u00e9sence s\u00e9curitaire de la France sur le continent africain.<\/p>\n<h2>Des bases aux entreprises\u00a0: L\u2019\u00e9volution de l\u2019engagement militaire fran\u00e7ais<\/h2>\n<p>La France a pris la d\u00e9cision de d\u00e9manteler plusieurs bases permanentes \u00e0 cause de l&rsquo;insatisfaction de l&rsquo;opinion publique, des revers op\u00e9rationnels et des tensions politiques avec les gouvernements africains. Les SMP qui ont embauch\u00e9 ces anciens soldats sont souvent des entreprises \u00e9trang\u00e8res, mais gardent des liens op\u00e9rationnels significatifs avec le personnel form\u00e9 en France.<\/p>\n<p>Si cela assure la continuit\u00e9 \u00e0 certains \u00c9tats africains cherchant de l&rsquo;assistance en mati\u00e8re de s\u00e9curit\u00e9, cela complique la volont\u00e9 de la France d&rsquo;adopter une strat\u00e9gie de &lsquo;discr\u00e9tion&rsquo; sur le continent.<\/p>\n<h2>Risques strat\u00e9giques et diplomatiques<\/h2>\n<p>La pr\u00e9sence en augmentation des anciens militaires dans le secteur priv\u00e9 pr\u00e9sente de nombreux d\u00e9fis. Du point de vue diplomatique, la France est confront\u00e9e \u00e0 :<br \/>\nCes sous-traitants demeurent une repr\u00e9sentation de la France pour de nombreux citoyens et gouvernements africains, peu importe leur statut professionnel.<\/p>\n<p>Si une faute est commise, elle pourrait \u00eatre attribu\u00e9e \u00e0 la France, et non \u00e0 l&rsquo;entreprise elle-m\u00eame.<\/p>\n<p>En outre, ces SMP op\u00e8rent dans un contexte de plus en plus pr\u00e9occup\u00e9 par la d\u00e9sinformation et le sentiment antifran\u00e7ais, principalement nourri par les m\u00e9dias prorusses et les personnes li\u00e9es \u00e0 Wagner.<\/p>\n<h2>Le manque de r\u00e8gles juridiques et \u00e9thiques<\/h2>\n<p>Les SMP se trouvent dans une zone d\u00e9licate du droit international. En l&rsquo;absence de surveillance militaire formelle, il existe un risque accru de violations des droits humains, de corruption ou d&rsquo;op\u00e9rations non autoris\u00e9es.<\/p>\n<p>La responsabilisation est souvent difficile dans les zones de conflit africaines en raison du manque de syst\u00e8mes juridiques solides. Cela pose des questions d\u00e9licates pour la France :<\/p>\n<ul>\n<li>Est-ce qu&rsquo;elle peut se distancier des actions des hommes qu&rsquo;elle a form\u00e9s ?<\/li>\n<li>Est-ce n\u00e9cessaire de fixer des limites \u00e0 l&#8217;emploi apr\u00e8s le service ?<\/li>\n<li>Quelles sont ses obligations en cas de litige pour r\u00e9glementer la carri\u00e8re priv\u00e9e de ses anciens soldats ?<\/li>\n<\/ul>\n<h2>\u00a0Le nouveau march\u00e9 de la s\u00e9curit\u00e9 en Afrique<\/h2>\n<p>La pr\u00e9sence d&rsquo;anciens combattants fran\u00e7ais n&rsquo;est pas une exception. Dans tout le continent, des pays font appel \u00e0 des SMP provenant de diff\u00e9rentes origines &#8211; Russie (par exemple, les vestiges de Wagner ou l\u00e9gion africaine), Turquie (Sadate), Chine (DeWe) et \u00c9mirats arabes unis &#8211; pour se procurer des services de protection, dans le cadre de la formation et du renseignement.<\/p>\n<p>Certains dirigeants africains consid\u00e8rent ces entreprises comme une alternative flexible aux partenariats militaires formels. Cela signifie que la France doit rivaliser pour son influence dans un \u00e9cosyst\u00e8me complexe o\u00f9 le contr\u00f4le est d\u00e9centralis\u00e9 et les alliances transactionnelles sont essentielles.<\/p>\n<h2>R\u00e9percussions sur la politique \u00e9trang\u00e8re fran\u00e7aise<\/h2>\n<p>La France pourrait ne pas \u00eatre en mesure de surveiller ou de coordonner sa pr\u00e9sence officieuse en Afrique, ce qui pourrait contredire ses objectifs plus larges en mati\u00e8re de politique \u00e9trang\u00e8re. En soutenant publiquement la souverainet\u00e9 et la transparence en Afrique, elle est souvent li\u00e9e \u00e0 une forme d&rsquo;intervention privatis\u00e9e, souvent opaque. Sa cr\u00e9dibilit\u00e9 est affect\u00e9e par cette dissonance, surtout \u00e0 l&rsquo;heure o\u00f9 d&rsquo;autres acteurs \u00e9tendent leur influence par des m\u00e9thodes tout aussi indirectes.<\/p>\n<h3>Options strat\u00e9giques pour Paris<\/h3>\n<p>Pour l\u2019avenir, la France est confront\u00e9e \u00e0 trois choix principaux\u00a0:<\/p>\n<ol>\n<li>Ne rien faire, au risque de nuire \u00e0 sa r\u00e9putation et de d\u00e9rive strat\u00e9gique.<\/li>\n<li>Mettre en place une r\u00e9glementation sur l&#8217;emploi des anciens combattants en harmonisant les outils juridiques avec les normes internationales.<\/li>\n<li>Int\u00e9grer les SMP dans une strat\u00e9gie formelle, en \u00e9tablissant des normes d\u2019\u00e9thique, de coordination et de surveillance.<\/li>\n<\/ol>\n<p>Les avantages et les inconv\u00e9nients sont pr\u00e9sents dans chaque voie. Cependant, si une politique claire n&rsquo;est pas mise en place, la France risque de perdre \u00e0 la fois son terrain moral et sa clart\u00e9 op\u00e9rationnelle dans une r\u00e9gion qui reste au c\u0153ur de sa position mondiale.<\/p>\n<h2>Conclusion<\/h2>\n<p>Les anciens soldats travaillant pour des SMP sont bien plus qu&rsquo;une question de personnel : cela montre les tensions persistantes entre la France et son r\u00f4le en Afrique. Dans ce nouveau chapitre de son engagement, il met en avant l&rsquo;h\u00e9ritage de l&rsquo;intervention militaire, la transition vers la d\u00e9centralisation et la mont\u00e9e de la concurrence mondiale.<\/p>\n<p>Peu importe si la France opte pour la direction, la r\u00e9gulation ou le retrait, il est clair que l&rsquo;\u00e8re des alliances tranch\u00e9es et des troupes officielles est termin\u00e9e. Il y a encore un champ de bataille avec des alliances floues, des acteurs priv\u00e9s et des influences contest\u00e9es, o\u00f9 les anciens combattants doivent \u00e0 la fois assumer le fardeau du pass\u00e9 et celui de l&rsquo;avenir.<\/p>\n","protected":false},"excerpt":{"rendered":"<p>Depuis la fin du mois de mai 2025, un ph\u00e9nom\u00e8ne discret mais significatif attire l\u2019attention des observateurs : d\u2019anciens soldats fran\u00e7ais r\u00e9apparaissent en Afrique, non plus sous l\u2019uniforme tricolore, mais au service de soci\u00e9t\u00e9s militaires priv\u00e9es. C\u2019est ce que r\u00e9v\u00e8le un rapport de Radio France Internationale (RFI), qui souligne la mont\u00e9e en puissance de ces [&hellip;]<\/p>\n","protected":false},"author":11,"featured_media":15722,"comment_status":"closed","ping_status":"closed","sticky":false,"template":"","format":"standard","meta":{"iawp_total_views":98,"jnews-multi-image_gallery":[],"jnews_single_post":{"format":"standard","override":[{"template":"1","parallax":"1","fullscreen":"1","layout":"right-sidebar","sidebar":"default-sidebar","second_sidebar":"default-sidebar","sticky_sidebar":"1","share_position":"topbottom","share_float_style":"share-monocrhome","show_share_counter":"1","show_featured":"1","show_post_meta":"1","show_post_author_image":"1","show_post_date":"1","post_date_format":"default","post_date_format_custom":"Y\/m\/d","show_post_category":"1","show_post_reading_time":"1","post_reading_time_wpm":"300","post_calculate_word_method":"str_word_count","show_zoom_button":"1","zoom_button_out_step":"2","zoom_button_in_step":"3","show_post_tag":"1","number_popup_post":"3","show_post_related":"1","show_inline_post_related":"1","show_view_counter":"1","show_post_author":"1","show_prev_next_post":"1","show_popup_post":"1","show_author_box":"1"}],"image_override":[{"single_post_thumbnail_size":"crop-500","single_post_gallery_size":"crop-500"}],"trending_post_position":"meta","trending_post_label":"Trending","sponsored_post_label":"Sponsored by","disable_ad":"0","source_name":"Qiraat African","override_template":"1","subtitle":""},"jnews_primary_category":[],"jnews_social_meta":[],"jnews_override_counter":{"view_counter_number":"0","share_counter_number":"0","like_counter_number":"0","dislike_counter_number":"0"},"footnotes":""},"categories":[47],"tags":[245,59,3506],"class_list":["post-15721","post","type-post","status-publish","format-standard","has-post-thumbnail","hentry","category-politique","tag-afrique","tag-france","tag-soldats-de-lombre"],"_links":{"self":[{"href":"https:\/\/qiraatafrican.com\/fr\/wp-json\/wp\/v2\/posts\/15721","targetHints":{"allow":["GET"]}}],"collection":[{"href":"https:\/\/qiraatafrican.com\/fr\/wp-json\/wp\/v2\/posts"}],"about":[{"href":"https:\/\/qiraatafrican.com\/fr\/wp-json\/wp\/v2\/types\/post"}],"author":[{"embeddable":true,"href":"https:\/\/qiraatafrican.com\/fr\/wp-json\/wp\/v2\/users\/11"}],"replies":[{"embeddable":true,"href":"https:\/\/qiraatafrican.com\/fr\/wp-json\/wp\/v2\/comments?post=15721"}],"version-history":[{"count":0,"href":"https:\/\/qiraatafrican.com\/fr\/wp-json\/wp\/v2\/posts\/15721\/revisions"}],"wp:featuredmedia":[{"embeddable":true,"href":"https:\/\/qiraatafrican.com\/fr\/wp-json\/wp\/v2\/media\/15722"}],"wp:attachment":[{"href":"https:\/\/qiraatafrican.com\/fr\/wp-json\/wp\/v2\/media?parent=15721"}],"wp:term":[{"taxonomy":"category","embeddable":true,"href":"https:\/\/qiraatafrican.com\/fr\/wp-json\/wp\/v2\/categories?post=15721"},{"taxonomy":"post_tag","embeddable":true,"href":"https:\/\/qiraatafrican.com\/fr\/wp-json\/wp\/v2\/tags?post=15721"}],"curies":[{"name":"wp","href":"https:\/\/api.w.org\/{rel}","templated":true}]}}