{"id":15649,"date":"2025-06-24T07:49:36","date_gmt":"2025-06-24T07:49:36","guid":{"rendered":"https:\/\/qiraatafrican.com\/fr\/?p=15649"},"modified":"2025-06-24T07:49:36","modified_gmt":"2025-06-24T07:49:36","slug":"des-policiers-kenyans-inculpes-pour-la-mort-dun-blogueur-en-garde-a-vue","status":"publish","type":"post","link":"https:\/\/qiraatafrican.com\/fr\/15649\/des-policiers-kenyans-inculpes-pour-la-mort-dun-blogueur-en-garde-a-vue\/","title":{"rendered":"Des policiers kenyans inculp\u00e9s pour la mort d&rsquo;un blogueur en garde \u00e0 vue"},"content":{"rendered":"<p>Trois policiers kenyans ont \u00e9t\u00e9 inculp\u00e9s lundi 23 juin du meurtre d&rsquo;un blogueur de 31 ans, Albert Ojwang. Sa mort en garde \u00e0 vue au d\u00e9but du mois a d\u00e9clench\u00e9 des manifestations nationales et une nouvelle vague de violences polici\u00e8res dans le pays.<\/p>\n<p>Ojwang a \u00e9t\u00e9 arr\u00eat\u00e9 apr\u00e8s avoir pr\u00e9tendument diffam\u00e9 le chef adjoint de la police kenyane, Eliud Lagat, sur les r\u00e9seaux sociaux. Ce dernier, qui a ni\u00e9 tout acte r\u00e9pr\u00e9hensible, a temporairement d\u00e9missionn\u00e9 la semaine derni\u00e8re, le temps que l&rsquo;enqu\u00eate se poursuive.<\/p>\n<p>Outre les trois policiers, Samson Kiprotich, Talaam James Mukhwana et Peter Kimani, trois civils sont \u00e9galement inculp\u00e9s.<\/p>\n<p>Les autorit\u00e9s ont initialement affirm\u00e9 qu&rsquo;Ojwang s&rsquo;\u00e9tait auto-inflig\u00e9 des blessures. Cependant, une autopsie a r\u00e9v\u00e9l\u00e9 des preuves d&rsquo;agression, contredisant la version de la police et attisant la col\u00e8re de la population.<\/p>\n<p>Les tensions se sont encore intensifi\u00e9es la semaine derni\u00e8re apr\u00e8s qu&rsquo;un vendeur ambulant, Boniface Kariuki, a \u00e9t\u00e9 gri\u00e8vement bless\u00e9 par balle lors d&rsquo;une manifestation \u00e0 Nairobi. Des t\u00e9moins affirment qu&rsquo;il vendait des masques lorsqu&rsquo;un policier a ouvert le feu \u00e0 bout portant.<\/p>\n<p>En r\u00e9action, des militants pr\u00e9voient un confinement national mercredi pour protester contre les violences polici\u00e8res et comm\u00e9morer l&rsquo;anniversaire de la r\u00e9pression meurtri\u00e8re des manifestations anti-imp\u00f4ts de l&rsquo;ann\u00e9e derni\u00e8re.<\/p>\n<p>La mort d&rsquo;Ojwang est devenue un point de ralliement pour une frustration croissante envers les forces de s\u00e9curit\u00e9 kenyanes, longtemps accus\u00e9es d&rsquo;agir en toute impunit\u00e9. Les appels \u00e0 la responsabilisation se multiplient dans tout le pays.<\/p>\n","protected":false},"excerpt":{"rendered":"<p>Des policiers kenyans inculp\u00e9s pour la mort d&rsquo;un blogueur en garde \u00e0 vue<\/p>\n","protected":false},"author":1,"featured_media":15650,"comment_status":"closed","ping_status":"closed","sticky":false,"template":"","format":"standard","meta":{"iawp_total_views":2,"jnews-multi-image_gallery":[],"jnews_single_post":{"subtitle":"","format":"standard","override":[{"template":"1","parallax":"1","fullscreen":"1","layout":"right-sidebar","sidebar":"default-sidebar","second_sidebar":"default-sidebar","sticky_sidebar":"1","share_position":"topbottom","share_float_style":"share-monocrhome","show_share_counter":"1","show_featured":"1","show_post_meta":"1","show_post_author_image":"1","show_post_date":"1","post_date_format":"default","post_date_format_custom":"Y\/m\/d","show_post_category":"1","show_post_reading_time":"0","post_reading_time_wpm":"300","post_calculate_word_method":"str_word_count","show_zoom_button":"0","zoom_button_out_step":"2","zoom_button_in_step":"3","show_post_tag":"1","number_popup_post":"1","show_post_related":"1","show_inline_post_related":"1"}],"image_override":[{"single_post_thumbnail_size":"crop-500","single_post_gallery_size":"crop-500"}],"trending_post_position":"meta","trending_post_label":"Trending","sponsored_post_label":"Sponsored by","disable_ad":"0"},"jnews_primary_category":[],"jnews_social_meta":[],"jnews_override_counter":{"view_counter_number":"0","share_counter_number":"0","like_counter_number":"0","dislike_counter_number":"0"},"footnotes":""},"categories":[5],"tags":[3477,3476,3475],"class_list":["post-15649","post","type-post","status-publish","format-standard","has-post-thumbnail","hentry","category-politique-africaine","tag-garde-a-vue","tag-mort-dun-blogueur","tag-policiers-kenyans"],"_links":{"self":[{"href":"https:\/\/qiraatafrican.com\/fr\/wp-json\/wp\/v2\/posts\/15649","targetHints":{"allow":["GET"]}}],"collection":[{"href":"https:\/\/qiraatafrican.com\/fr\/wp-json\/wp\/v2\/posts"}],"about":[{"href":"https:\/\/qiraatafrican.com\/fr\/wp-json\/wp\/v2\/types\/post"}],"author":[{"embeddable":true,"href":"https:\/\/qiraatafrican.com\/fr\/wp-json\/wp\/v2\/users\/1"}],"replies":[{"embeddable":true,"href":"https:\/\/qiraatafrican.com\/fr\/wp-json\/wp\/v2\/comments?post=15649"}],"version-history":[{"count":0,"href":"https:\/\/qiraatafrican.com\/fr\/wp-json\/wp\/v2\/posts\/15649\/revisions"}],"wp:featuredmedia":[{"embeddable":true,"href":"https:\/\/qiraatafrican.com\/fr\/wp-json\/wp\/v2\/media\/15650"}],"wp:attachment":[{"href":"https:\/\/qiraatafrican.com\/fr\/wp-json\/wp\/v2\/media?parent=15649"}],"wp:term":[{"taxonomy":"category","embeddable":true,"href":"https:\/\/qiraatafrican.com\/fr\/wp-json\/wp\/v2\/categories?post=15649"},{"taxonomy":"post_tag","embeddable":true,"href":"https:\/\/qiraatafrican.com\/fr\/wp-json\/wp\/v2\/tags?post=15649"}],"curies":[{"name":"wp","href":"https:\/\/api.w.org\/{rel}","templated":true}]}}