{"id":15312,"date":"2025-05-20T03:25:54","date_gmt":"2025-05-20T03:25:54","guid":{"rendered":"https:\/\/qiraatafrican.com\/fr\/?p=15312"},"modified":"2025-05-20T03:29:46","modified_gmt":"2025-05-20T03:29:46","slug":"malema-denonce-le-dramatisme-entourant-la-migration-des-afrikaners-aux-etats-unis-cest-de-la-fiction","status":"publish","type":"post","link":"https:\/\/qiraatafrican.com\/fr\/15312\/malema-denonce-le-dramatisme-entourant-la-migration-des-afrikaners-aux-etats-unis-cest-de-la-fiction\/","title":{"rendered":"Malema d\u00e9nonce le \u00ab\u00a0dramatisme\u00a0\u00bb entourant la migration des Afrikaners aux \u00c9tats-Unis\u00a0: c&rsquo;est de la fiction"},"content":{"rendered":"<p>Dans une r\u00e9cente interview accord\u00e9e \u00e0 des quotidiens locaux, Julius Malema, leader des Combattants pour la libert\u00e9 \u00e9conomique (EFF), a cat\u00e9goriquement ni\u00e9 les all\u00e9gations de violences g\u00e9n\u00e9ralis\u00e9es envers les agriculteurs blancs, majoritairement afrikaners.<\/p>\n<p>Malema a qualifi\u00e9 ces informations de \u00ab\u00a0fiction\u00a0\u00bb et de \u00ab\u00a0dramatisme\u00a0\u00bb, s&rsquo;attaquant \u00e9galement directement \u00e0 la r\u00e9cente d\u00e9cision des \u00c9tats-Unis de r\u00e9installer 49 Afrikaners, r\u00e9futant ces histoires comme \u00e9tant fausses et les qualifiant de fabrication m\u00e9diatique plus vaste.<\/p>\n<p>\u00ab\u00a0Personne n&rsquo;a \u00e9t\u00e9 tu\u00e9 ici en Afrique du Sud. Ce n&rsquo;est pas vrai\u00a0\u00bb, a d\u00e9clar\u00e9 Malema. \u00ab\u00a0Il n&rsquo;y a pas 49 Afrikaners qui ont quitt\u00e9 l&rsquo;Afrique du Sud. Vous savez tous que c&rsquo;est de la fiction, que c&rsquo;est du drame. L&rsquo;Am\u00e9rique, en mati\u00e8re de drame, est num\u00e9ro un.\u00a0\u00bb<\/p>\n<p>Le pr\u00e9sident Donald Trump avait initialement d\u00e9clar\u00e9 aux journalistes qu&rsquo;il les admettait comme r\u00e9fugi\u00e9s en raison du \u00ab\u00a0g\u00e9nocide en cours\u00a0\u00bb. Il a affirm\u00e9 que, dans l&rsquo;Afrique du Sud post-apartheid, des agriculteurs blancs \u00e9taient \u00ab\u00a0tu\u00e9s\u00a0\u00bb et qu&rsquo;il pr\u00e9voyait d&rsquo;aborder la question avec les dirigeants sud-africains la semaine prochaine.<\/p>\n<p>Cette affirmation a \u00e9t\u00e9 vivement contest\u00e9e par le gouvernement sud-africain, des experts et m\u00eame le groupe afrikaner AfriForum, qui affirme que les attaques contre les fermes ne sont pas prises au s\u00e9rieux par le gouvernement.<\/p>\n<p>Le gouvernement sud-africain affirme que les all\u00e9gations am\u00e9ricaines selon lesquelles la minorit\u00e9 blanche afrikaner serait pers\u00e9cut\u00e9e sont \u00ab\u00a0totalement fausses\u00a0\u00bb, fruit d&rsquo;une d\u00e9sinformation et d&rsquo;une vision erron\u00e9e du pays. Il a rappel\u00e9 que les Afrikaners comptent parmi les personnes les plus riches et les plus prosp\u00e8res du pays.<\/p>\n<p>Malema, quant \u00e0 lui, a d\u00e9menti les informations des m\u00e9dias selon lesquelles les agriculteurs \u00e9taient attaqu\u00e9s et a ajout\u00e9 que, s&rsquo;ils avaient effectivement d\u00e9m\u00e9nag\u00e9 aux \u00c9tats-Unis, leurs terres devraient \u00eatre expropri\u00e9es.<\/p>\n<p>\u00ab Si ces personnes \u00e9taient des agriculteurs, cela signifierait qu&rsquo;il y aurait 49 fermes disponibles \u00bb, a argument\u00e9 Malema. \u00ab Pourquoi ne les exproprions-nous pas parce qu&rsquo;ils les ont abandonn\u00e9es ? Mais pourquoi les m\u00e9dias ne nous le disent-ils pas ? Pourquoi les m\u00e9dias, gr\u00e2ce \u00e0 leurs propres enqu\u00eates, ne nous r\u00e9v\u00e8lent-ils pas qui sont les v\u00e9ritables agriculteurs ? \u00bb<\/p>\n<p>Le leader de l&rsquo;EFF a \u00e9galement appel\u00e9 les organismes internationaux, dont les \u00c9tats-Unis, \u00e0 les mettre en garde contre l&rsquo;utilisation des questions fonci\u00e8res pour faire taire les Sud-Africains qui militent pour la justice et l&rsquo;\u00e9galit\u00e9.<\/p>\n<p>\u00ab Si ces personnes \u00e9taient des agriculteurs, cela signifierait qu&rsquo;il y aurait 49 fermes disponibles \u00bb, a argument\u00e9 Malema. \u00ab Pourquoi ne les exproprions-nous pas parce qu&rsquo;ils les ont abandonn\u00e9es ? Mais pourquoi les m\u00e9dias ne nous le disent-ils pas ? Pourquoi les m\u00e9dias, gr\u00e2ce \u00e0 leurs propres enqu\u00eates, ne nous r\u00e9v\u00e8lent-ils pas qui sont les v\u00e9ritables agriculteurs ? \u00bb<\/p>\n<p>L&rsquo;homme politique incendiaire, expuls\u00e9 du Congr\u00e8s national africain (ANC) alors au pouvoir en Afrique du Sud en 2012, appelle \u00e0 des r\u00e9formes agraires, une initiative qui a suscit\u00e9 de vives critiques de la part de divers organismes et de pays \u00e9trangers.<\/p>\n","protected":false},"excerpt":{"rendered":"<p>Malema d\u00e9nonce le \u00abdramatisme\u00bb entourant la migration des Afrikaners aux \u00c9tats-Unis\u00a0: c&rsquo;est de la fiction<\/p>\n","protected":false},"author":1,"featured_media":15313,"comment_status":"closed","ping_status":"closed","sticky":false,"template":"","format":"standard","meta":{"iawp_total_views":6,"jnews-multi-image_gallery":[],"jnews_single_post":{"subtitle":"","format":"standard","override":[{"template":"1","parallax":"1","fullscreen":"1","layout":"right-sidebar","sidebar":"default-sidebar","second_sidebar":"default-sidebar","sticky_sidebar":"1","share_position":"topbottom","share_float_style":"share-monocrhome","show_share_counter":"1","show_featured":"1","show_post_meta":"1","show_post_author_image":"1","show_post_date":"1","post_date_format":"default","post_date_format_custom":"Y\/m\/d","show_post_category":"1","show_post_reading_time":"0","post_reading_time_wpm":"300","post_calculate_word_method":"str_word_count","show_zoom_button":"0","zoom_button_out_step":"2","zoom_button_in_step":"3","show_post_tag":"1","number_popup_post":"1","show_post_related":"1","show_inline_post_related":"1"}],"image_override":[{"single_post_thumbnail_size":"crop-500","single_post_gallery_size":"crop-500"}],"trending_post_position":"meta","trending_post_label":"Trending","sponsored_post_label":"Sponsored by","disable_ad":"0"},"jnews_primary_category":[],"jnews_social_meta":[],"jnews_override_counter":{"view_counter_number":"0","share_counter_number":"0","like_counter_number":"0","dislike_counter_number":"0"},"footnotes":""},"categories":[47],"tags":[3336,3335],"class_list":["post-15312","post","type-post","status-publish","format-standard","has-post-thumbnail","hentry","category-politique","tag-malema","tag-migration-des-afrikaners-aux-etats-unis"],"_links":{"self":[{"href":"https:\/\/qiraatafrican.com\/fr\/wp-json\/wp\/v2\/posts\/15312","targetHints":{"allow":["GET"]}}],"collection":[{"href":"https:\/\/qiraatafrican.com\/fr\/wp-json\/wp\/v2\/posts"}],"about":[{"href":"https:\/\/qiraatafrican.com\/fr\/wp-json\/wp\/v2\/types\/post"}],"author":[{"embeddable":true,"href":"https:\/\/qiraatafrican.com\/fr\/wp-json\/wp\/v2\/users\/1"}],"replies":[{"embeddable":true,"href":"https:\/\/qiraatafrican.com\/fr\/wp-json\/wp\/v2\/comments?post=15312"}],"version-history":[{"count":0,"href":"https:\/\/qiraatafrican.com\/fr\/wp-json\/wp\/v2\/posts\/15312\/revisions"}],"wp:featuredmedia":[{"embeddable":true,"href":"https:\/\/qiraatafrican.com\/fr\/wp-json\/wp\/v2\/media\/15313"}],"wp:attachment":[{"href":"https:\/\/qiraatafrican.com\/fr\/wp-json\/wp\/v2\/media?parent=15312"}],"wp:term":[{"taxonomy":"category","embeddable":true,"href":"https:\/\/qiraatafrican.com\/fr\/wp-json\/wp\/v2\/categories?post=15312"},{"taxonomy":"post_tag","embeddable":true,"href":"https:\/\/qiraatafrican.com\/fr\/wp-json\/wp\/v2\/tags?post=15312"}],"curies":[{"name":"wp","href":"https:\/\/api.w.org\/{rel}","templated":true}]}}