{"id":15285,"date":"2025-05-18T09:11:45","date_gmt":"2025-05-18T09:11:45","guid":{"rendered":"https:\/\/qiraatafrican.com\/fr\/?p=15285"},"modified":"2025-05-18T09:11:45","modified_gmt":"2025-05-18T09:11:45","slug":"lancien-premier-ministre-et-chef-de-lopposition-tchadienne-arrete-pour-incitation-a-la-haine","status":"publish","type":"post","link":"https:\/\/qiraatafrican.com\/fr\/15285\/lancien-premier-ministre-et-chef-de-lopposition-tchadienne-arrete-pour-incitation-a-la-haine\/","title":{"rendered":"L&rsquo;ancien Premier ministre et chef de l&rsquo;opposition tchadienne arr\u00eat\u00e9 pour \u00ab incitation \u00e0 la haine \u00bb"},"content":{"rendered":"<p>L&rsquo;ancien Premier ministre et chef de l&rsquo;opposition tchadienne, Succ\u00e8s Masra, a \u00e9t\u00e9 arr\u00eat\u00e9 t\u00f4t vendredi matin \u00e0 son domicile de Gassi, un quartier de la capitale, N&rsquo;Djamena.<\/p>\n<p>Des images de vid\u00e9osurveillance montrent le chef du parti politique Transformateurs emmen\u00e9 par un groupe d&rsquo;hommes arm\u00e9s.<\/p>\n<p>Il est accus\u00e9 d&rsquo;incitation \u00e0 la haine suite aux affrontements meurtriers dans le sud-ouest du pays.<\/p>\n<p>Lors d&rsquo;une conf\u00e9rence de presse, son parti a d\u00e9clar\u00e9 qu&rsquo;il avait \u00e9t\u00e9 enlev\u00e9 et a exig\u00e9 sa lib\u00e9ration sans condition.<\/p>\n<p>\u00ab\u00a0Les Transformateurs, parti qui a toujours pr\u00f4n\u00e9 l&rsquo;engagement civique pacifique, souhaitent exprimer leur profonde pr\u00e9occupation face \u00e0 cet acte brutal\u00a0\u00bb, a d\u00e9clar\u00e9 son secr\u00e9taire g\u00e9n\u00e9ral, le Dr Tog-Yeum Nagorngar.<\/p>\n<p>\u00ab\u00a0Cet acte a \u00e9t\u00e9 perp\u00e9tr\u00e9 en dehors de toute proc\u00e9dure l\u00e9gale connue et en violation flagrante des droits civils et politiques garantis par la Constitution.\u00a0\u00bb<\/p>\n<p>Le procureur Oumar Mahamat Kedelaye a ensuite d\u00e9clar\u00e9 que Masra avait \u00e9t\u00e9 arr\u00eat\u00e9 suite \u00e0 un affrontement survenu mercredi dans la r\u00e9gion du Logone-Occidental, dans le sud-ouest du pays.<\/p>\n<p>Il a ajout\u00e9 que les enqu\u00eates men\u00e9es par la police judiciaire avaient r\u00e9v\u00e9l\u00e9 l&rsquo;implication pr\u00e9sum\u00e9e de Masra dans cet incident.<\/p>\n<p>\u00ab\u00a0Des messages ont circul\u00e9, notamment sur les r\u00e9seaux sociaux, appelant \u00e0 s&rsquo;armer contre ses concitoyens\u00a0\u00bb, a-t-il d\u00e9clar\u00e9.<\/p>\n<p>Le procureur n&rsquo;a fourni aucune pr\u00e9cision sur le contenu de ces messages ni sur leur implication \u00e9ventuelle.<\/p>\n<p>Les violents affrontements de mercredi auraient \u00e9t\u00e9 d\u00e9clench\u00e9s par un conflit foncier entre \u00e9leveurs et communaut\u00e9s locales.<\/p>\n<p>Au moins 41 personnes ont \u00e9t\u00e9 tu\u00e9es et plus de 80 autres ont \u00e9t\u00e9 arr\u00eat\u00e9es.<\/p>\n<p>Masra, farouche critique du pr\u00e9sident Mahamat D\u00e9by, arriv\u00e9 deuxi\u00e8me aux \u00e9lections de l&rsquo;ann\u00e9e derni\u00e8re, a appel\u00e9 ses partisans au calme.<\/p>\n","protected":false},"excerpt":{"rendered":"<p>L&rsquo;ancien Premier ministre et chef de l&rsquo;opposition tchadienne arr\u00eat\u00e9 pour \u00ab incitation \u00e0 la haine \u00bb<\/p>\n","protected":false},"author":1,"featured_media":15286,"comment_status":"closed","ping_status":"closed","sticky":false,"template":"","format":"standard","meta":{"iawp_total_views":1,"jnews-multi-image_gallery":[],"jnews_single_post":{"subtitle":"","format":"standard","override":[{"template":"1","parallax":"1","fullscreen":"1","layout":"right-sidebar","sidebar":"default-sidebar","second_sidebar":"default-sidebar","sticky_sidebar":"1","share_position":"topbottom","share_float_style":"share-monocrhome","show_share_counter":"1","show_featured":"1","show_post_meta":"1","show_post_author_image":"1","show_post_date":"1","post_date_format":"default","post_date_format_custom":"Y\/m\/d","show_post_category":"1","show_post_reading_time":"0","post_reading_time_wpm":"300","post_calculate_word_method":"str_word_count","show_zoom_button":"0","zoom_button_out_step":"2","zoom_button_in_step":"3","show_post_tag":"1","number_popup_post":"1","show_post_related":"1","show_inline_post_related":"1"}],"image_override":[{"single_post_thumbnail_size":"crop-500","single_post_gallery_size":"crop-500"}],"trending_post_position":"meta","trending_post_label":"Trending","sponsored_post_label":"Sponsored by","disable_ad":"0"},"jnews_primary_category":[],"jnews_social_meta":[],"jnews_override_counter":{"view_counter_number":"0","share_counter_number":"0","like_counter_number":"0","dislike_counter_number":"0"},"footnotes":""},"categories":[41,47],"tags":[3323,3324],"class_list":["post-15285","post","type-post","status-publish","format-standard","has-post-thumbnail","hentry","category-afrique-centrale","category-politique","tag-ancien-premier-ministre-et-chef-de-lopposition-tchadienne","tag-ncitation-a-la-haine"],"_links":{"self":[{"href":"https:\/\/qiraatafrican.com\/fr\/wp-json\/wp\/v2\/posts\/15285","targetHints":{"allow":["GET"]}}],"collection":[{"href":"https:\/\/qiraatafrican.com\/fr\/wp-json\/wp\/v2\/posts"}],"about":[{"href":"https:\/\/qiraatafrican.com\/fr\/wp-json\/wp\/v2\/types\/post"}],"author":[{"embeddable":true,"href":"https:\/\/qiraatafrican.com\/fr\/wp-json\/wp\/v2\/users\/1"}],"replies":[{"embeddable":true,"href":"https:\/\/qiraatafrican.com\/fr\/wp-json\/wp\/v2\/comments?post=15285"}],"version-history":[{"count":0,"href":"https:\/\/qiraatafrican.com\/fr\/wp-json\/wp\/v2\/posts\/15285\/revisions"}],"wp:featuredmedia":[{"embeddable":true,"href":"https:\/\/qiraatafrican.com\/fr\/wp-json\/wp\/v2\/media\/15286"}],"wp:attachment":[{"href":"https:\/\/qiraatafrican.com\/fr\/wp-json\/wp\/v2\/media?parent=15285"}],"wp:term":[{"taxonomy":"category","embeddable":true,"href":"https:\/\/qiraatafrican.com\/fr\/wp-json\/wp\/v2\/categories?post=15285"},{"taxonomy":"post_tag","embeddable":true,"href":"https:\/\/qiraatafrican.com\/fr\/wp-json\/wp\/v2\/tags?post=15285"}],"curies":[{"name":"wp","href":"https:\/\/api.w.org\/{rel}","templated":true}]}}