{"id":14990,"date":"2025-04-20T11:46:13","date_gmt":"2025-04-20T11:46:13","guid":{"rendered":"https:\/\/qiraatafrican.com\/fr\/?p=14990"},"modified":"2025-04-20T19:12:19","modified_gmt":"2025-04-20T19:12:19","slug":"goma-reagit-au-retour-dexil-de-kabila","status":"publish","type":"post","link":"https:\/\/qiraatafrican.com\/fr\/14990\/goma-reagit-au-retour-dexil-de-kabila\/","title":{"rendered":"Goma r\u00e9agit au retour d&rsquo;exil de Kabila"},"content":{"rendered":"<p>L&rsquo;ancien pr\u00e9sident congolais Joseph Kabila a fait une entr\u00e9e discr\u00e8te \u00e0 Goma vendredi, apr\u00e8s un exil volontaire.<\/p>\n<p>Le choix de Goma, ville tenue par les rebelles du M23 depuis janvier, a suscit\u00e9 des opinions divergentes parmi les habitants.<\/p>\n<p>Kabila, accus\u00e9 par le gouvernement de soutenir des groupes rebelles dans l&rsquo;est du pays, a d\u00e9clar\u00e9 vouloir contribuer \u00e0 la paix.<\/p>\n<p>Il n&rsquo;a pas r\u00e9v\u00e9l\u00e9 comment.<\/p>\n<p>Kabila a c\u00e9d\u00e9 le pouvoir \u00e0 l&rsquo;actuel pr\u00e9sident F\u00e9lix Tshisekedi en 2019. Mais les deux hommes se sont brouill\u00e9s peu apr\u00e8s.<\/p>\n","protected":false},"excerpt":{"rendered":"<p>Goma r\u00e9agit au retour d&rsquo;exil de Kabila<\/p>\n","protected":false},"author":1,"featured_media":14991,"comment_status":"closed","ping_status":"closed","sticky":false,"template":"","format":"standard","meta":{"iawp_total_views":8,"jnews-multi-image_gallery":[],"jnews_single_post":{"subtitle":"","format":"standard","override":[{"template":"1","parallax":"1","fullscreen":"1","layout":"right-sidebar","sidebar":"default-sidebar","second_sidebar":"default-sidebar","sticky_sidebar":"1","share_position":"topbottom","share_float_style":"share-monocrhome","show_share_counter":"1","show_featured":"1","show_post_meta":"1","show_post_author_image":"1","show_post_date":"1","post_date_format":"default","post_date_format_custom":"Y\/m\/d","show_post_category":"1","show_post_reading_time":"0","post_reading_time_wpm":"300","post_calculate_word_method":"str_word_count","show_zoom_button":"0","zoom_button_out_step":"2","zoom_button_in_step":"3","show_post_tag":"1","number_popup_post":"1","show_post_related":"1","show_inline_post_related":"1"}],"image_override":[{"single_post_thumbnail_size":"crop-500","single_post_gallery_size":"crop-500"}],"trending_post_position":"meta","trending_post_label":"Trending","sponsored_post_label":"Sponsored by","disable_ad":"0"},"jnews_primary_category":[],"jnews_social_meta":[],"jnews_override_counter":{"view_counter_number":"0","share_counter_number":"0","like_counter_number":"0","dislike_counter_number":"0"},"footnotes":""},"categories":[5],"tags":[4,2952],"class_list":["post-14990","post","type-post","status-publish","format-standard","has-post-thumbnail","hentry","category-politique-africaine","tag-goma","tag-kabila"],"_links":{"self":[{"href":"https:\/\/qiraatafrican.com\/fr\/wp-json\/wp\/v2\/posts\/14990","targetHints":{"allow":["GET"]}}],"collection":[{"href":"https:\/\/qiraatafrican.com\/fr\/wp-json\/wp\/v2\/posts"}],"about":[{"href":"https:\/\/qiraatafrican.com\/fr\/wp-json\/wp\/v2\/types\/post"}],"author":[{"embeddable":true,"href":"https:\/\/qiraatafrican.com\/fr\/wp-json\/wp\/v2\/users\/1"}],"replies":[{"embeddable":true,"href":"https:\/\/qiraatafrican.com\/fr\/wp-json\/wp\/v2\/comments?post=14990"}],"version-history":[{"count":0,"href":"https:\/\/qiraatafrican.com\/fr\/wp-json\/wp\/v2\/posts\/14990\/revisions"}],"wp:featuredmedia":[{"embeddable":true,"href":"https:\/\/qiraatafrican.com\/fr\/wp-json\/wp\/v2\/media\/14991"}],"wp:attachment":[{"href":"https:\/\/qiraatafrican.com\/fr\/wp-json\/wp\/v2\/media?parent=14990"}],"wp:term":[{"taxonomy":"category","embeddable":true,"href":"https:\/\/qiraatafrican.com\/fr\/wp-json\/wp\/v2\/categories?post=14990"},{"taxonomy":"post_tag","embeddable":true,"href":"https:\/\/qiraatafrican.com\/fr\/wp-json\/wp\/v2\/tags?post=14990"}],"curies":[{"name":"wp","href":"https:\/\/api.w.org\/{rel}","templated":true}]}}