{"id":14967,"date":"2025-04-16T04:10:55","date_gmt":"2025-04-16T04:10:55","guid":{"rendered":"https:\/\/qiraatafrican.com\/fr\/?p=14967"},"modified":"2025-04-16T04:10:55","modified_gmt":"2025-04-16T04:10:55","slug":"lafrique-du-sud-nomme-mcebisi-jonas-envoye-special-des-etats-unis-pour-apaiser-les-tensions","status":"publish","type":"post","link":"https:\/\/qiraatafrican.com\/fr\/14967\/lafrique-du-sud-nomme-mcebisi-jonas-envoye-special-des-etats-unis-pour-apaiser-les-tensions\/","title":{"rendered":"L&rsquo;Afrique du Sud nomme Mcebisi Jonas envoy\u00e9 sp\u00e9cial des \u00c9tats-Unis pour apaiser les tensions"},"content":{"rendered":"<p>La pr\u00e9sidence sud-africaine a annonc\u00e9 lundi la nomination de Mcebisi Jonas au poste d&rsquo;\u00ab\u00a0envoy\u00e9 sp\u00e9cial aux \u00c9tats-Unis d&rsquo;Am\u00e9rique, repr\u00e9sentant officiel du pr\u00e9sident et du gouvernement de la R\u00e9publique d&rsquo;Afrique du Sud\u00a0\u00bb.<\/p>\n<p>Mcebisi Jonas est un ancien vice-ministre des Finances et a \u00e9galement \u00e9t\u00e9 envoy\u00e9 sp\u00e9cial pour l&rsquo;investissement en 2018.<\/p>\n<p>En 2016, il a accus\u00e9 le gouvernement de Jacob Zuma, alors pr\u00e9sident de l&rsquo;Afrique du Sud, de corruption, affirmant que la famille Gupta lui avait propos\u00e9 de le corrompre pour le poste de ministre des Finances.<\/p>\n<p>Cette nomination intervient alors que les relations entre Washington et Pretoria sont au plus bas depuis des ann\u00e9es.<\/p>\n<p>La situation s&rsquo;est rapidement d\u00e9t\u00e9rior\u00e9e en d\u00e9but d&rsquo;ann\u00e9e lorsque le pr\u00e9sident am\u00e9ricain Donald Trump a suspendu l&rsquo;aide \u00e9trang\u00e8re am\u00e9ricaine \u00e0 l&rsquo;Afrique du Sud.<\/p>\n<p>Fin mars, l&rsquo;ambassadeur d&rsquo;Afrique du Sud aux \u00c9tats-Unis, Ebrahim Rasool, a \u00e9t\u00e9 d\u00e9clar\u00e9 persona non grata et expuls\u00e9 du territoire am\u00e9ricain en raison de ses propos critiques \u00e0 l&rsquo;\u00e9gard de l&rsquo;administration Trump.<\/p>\n<p>Dans sa d\u00e9claration annon\u00e7ant la nomination de l&rsquo;envoy\u00e9 sp\u00e9cial am\u00e9ricain, le pr\u00e9sident Ramaphosa a toutefois indiqu\u00e9 qu&rsquo;il restait \u00ab d\u00e9termin\u00e9 \u00e0 reconstruire et \u00e0 maintenir \u00bb les relations avec Washington.<\/p>\n<p>\u00ab M. Jonas est charg\u00e9 de faire progresser les priorit\u00e9s diplomatiques, commerciales et bilat\u00e9rales de l&rsquo;Afrique du Sud \u00bb, a indiqu\u00e9 la pr\u00e9sidence.<\/p>\n","protected":false},"excerpt":{"rendered":"<p>L&rsquo;Afrique du Sud nomme Mcebisi Jonas envoy\u00e9 sp\u00e9cial des \u00c9tats-Unis pour apaiser les tensions<\/p>\n","protected":false},"author":1,"featured_media":14968,"comment_status":"closed","ping_status":"closed","sticky":false,"template":"","format":"standard","meta":{"iawp_total_views":6,"jnews-multi-image_gallery":[],"jnews_single_post":{"subtitle":"","format":"standard","override":[{"template":"1","parallax":"1","fullscreen":"1","layout":"right-sidebar","sidebar":"default-sidebar","second_sidebar":"default-sidebar","sticky_sidebar":"1","share_position":"topbottom","share_float_style":"share-monocrhome","show_share_counter":"1","show_featured":"1","show_post_meta":"1","show_post_author_image":"1","show_post_date":"1","post_date_format":"default","post_date_format_custom":"Y\/m\/d","show_post_category":"1","show_post_reading_time":"0","post_reading_time_wpm":"300","post_calculate_word_method":"str_word_count","show_zoom_button":"0","zoom_button_out_step":"2","zoom_button_in_step":"3","show_post_tag":"1","number_popup_post":"1","show_post_related":"1","show_inline_post_related":"1"}],"image_override":[{"single_post_thumbnail_size":"crop-500","single_post_gallery_size":"crop-500"}],"trending_post_position":"meta","trending_post_label":"Trending","sponsored_post_label":"Sponsored by","disable_ad":"0"},"jnews_primary_category":[],"jnews_social_meta":[],"jnews_override_counter":{"view_counter_number":"0","share_counter_number":"0","like_counter_number":"0","dislike_counter_number":"0"},"footnotes":""},"categories":[43,47],"tags":[55,3175,3174],"class_list":["post-14967","post","type-post","status-publish","format-standard","has-post-thumbnail","hentry","category-afrique-australe","category-politique","tag-afrique-du-sud","tag-envoye-special-des-etats-unis","tag-mcebisi-jonas"],"_links":{"self":[{"href":"https:\/\/qiraatafrican.com\/fr\/wp-json\/wp\/v2\/posts\/14967","targetHints":{"allow":["GET"]}}],"collection":[{"href":"https:\/\/qiraatafrican.com\/fr\/wp-json\/wp\/v2\/posts"}],"about":[{"href":"https:\/\/qiraatafrican.com\/fr\/wp-json\/wp\/v2\/types\/post"}],"author":[{"embeddable":true,"href":"https:\/\/qiraatafrican.com\/fr\/wp-json\/wp\/v2\/users\/1"}],"replies":[{"embeddable":true,"href":"https:\/\/qiraatafrican.com\/fr\/wp-json\/wp\/v2\/comments?post=14967"}],"version-history":[{"count":0,"href":"https:\/\/qiraatafrican.com\/fr\/wp-json\/wp\/v2\/posts\/14967\/revisions"}],"wp:featuredmedia":[{"embeddable":true,"href":"https:\/\/qiraatafrican.com\/fr\/wp-json\/wp\/v2\/media\/14968"}],"wp:attachment":[{"href":"https:\/\/qiraatafrican.com\/fr\/wp-json\/wp\/v2\/media?parent=14967"}],"wp:term":[{"taxonomy":"category","embeddable":true,"href":"https:\/\/qiraatafrican.com\/fr\/wp-json\/wp\/v2\/categories?post=14967"},{"taxonomy":"post_tag","embeddable":true,"href":"https:\/\/qiraatafrican.com\/fr\/wp-json\/wp\/v2\/tags?post=14967"}],"curies":[{"name":"wp","href":"https:\/\/api.w.org\/{rel}","templated":true}]}}