{"id":1485,"date":"2022-04-24T09:00:00","date_gmt":"2022-04-24T09:00:00","guid":{"rendered":"https:\/\/qiraatafrican.com\/fr\/?p=1485"},"modified":"2022-04-24T09:08:21","modified_gmt":"2022-04-24T09:08:21","slug":"la-junte-militaire-libere-lancien-dirigeant-guineen-alpha-conde","status":"publish","type":"post","link":"https:\/\/qiraatafrican.com\/fr\/1485\/la-junte-militaire-libere-lancien-dirigeant-guineen-alpha-conde\/","title":{"rendered":"La junte militaire lib\u00e8re l&rsquo;ancien dirigeant guin\u00e9en Alpha Cond\u00e9"},"content":{"rendered":"<div class=\"intro-text\">\n<p><strong>Le pr\u00e9sident d\u00e9chu de la Guin\u00e9e, Alpha Cond\u00e9, est \u00ab\u00a0enfin libre\u00a0\u00bb et peut recevoir des visiteurs, a d\u00e9clar\u00e9 la junte qui l&rsquo;a renvers\u00e9.<\/strong><\/p>\n<\/div>\n<p>Cond\u00e9 est devenu le premier pr\u00e9sident d\u00e9mocratiquement \u00e9lu de la Guin\u00e9e en 2010, mais cet homme de 84 ans a \u00e9t\u00e9 renvers\u00e9 par des officiers de l&rsquo;arm\u00e9e l&rsquo;ann\u00e9e derni\u00e8re et remplac\u00e9 par le colonel Mamady Doumbouya.<\/p>\n<p>Il a \u00e9t\u00e9 autoris\u00e9 \u00e0 se rendre aux \u00c9mirats arabes unis pour des soins m\u00e9dicaux en janvier, revenant en Guin\u00e9e le 10 avril.<\/p>\n<p>Son parti, le Rassemblement du peuple guin\u00e9en (RPG) a d\u00e9clar\u00e9 qu&rsquo;il n&rsquo;\u00e9tait pas vraiment libre avant ou apr\u00e8s son voyage, et a r\u00e9clam\u00e9 sa \u00ab\u00a0libert\u00e9 totale et inconditionnelle\u00a0\u00bb.<\/p>\n<p>Pour appuyer son appel, le RPG a suspendu sa participation \u00e0 une conf\u00e9rence de r\u00e9conciliation nationale organis\u00e9e par la junte pour protester contre sa d\u00e9tention.<\/p>\n<p>Un communiqu\u00e9 de la junte publi\u00e9 vendredi soir indique que Doumbouya \u00ab\u00a0informe l&rsquo;opinion nationale et internationale que l&rsquo;ancien pr\u00e9sident de la r\u00e9publique est enfin libre\u00a0\u00bb.<\/p>\n<p>\u00ab\u00a0Tout en continuant \u00e0 b\u00e9n\u00e9ficier d&rsquo;une protection ad\u00e9quate, il peut recevoir \u00e0 sa demande les membres de sa famille biologique et politique, ses amis et ses proches\u00a0\u00bb, pr\u00e9cise-t-il.<\/p>\n<p>Le communiqu\u00e9 indique que Cond\u00e9 restera dans la maison de sa femme \u00e0 Conakry, la capitale, jusqu&rsquo;\u00e0 ce que sa propre maison priv\u00e9e soit construite dans la banlieue de Kipe.<\/p>\n<p>\u00ab\u00a0La dignit\u00e9 et l&rsquo;int\u00e9gralit\u00e9 du professeur Alpha Cond\u00e9 seront toujours pr\u00e9serv\u00e9es\u00a0\u00bb, indique le communiqu\u00e9.<\/p>\n<p>Le coup d&rsquo;\u00c9tat a fait suite \u00e0 de vives protestations contre la candidature r\u00e9ussie de Cond\u00e9 pour un troisi\u00e8me mandat, ce qui, selon les critiques, a enfreint la constitution.<\/p>\n<p>Doumbouya, qui a pr\u00eat\u00e9 serment en tant que pr\u00e9sident par int\u00e9rim, a promis de r\u00e9tablir le r\u00e9gime civil, mais a r\u00e9sist\u00e9 \u00e0 la pression internationale pour s&rsquo;engager \u00e0 une date.<\/p>\n","protected":false},"excerpt":{"rendered":"<p>Le pr\u00e9sident d\u00e9chu de la Guin\u00e9e, Alpha Cond\u00e9, est \u00ab\u00a0enfin libre\u00a0\u00bb et peut recevoir des visiteurs, a d\u00e9clar\u00e9 la junte qui l&rsquo;a renvers\u00e9. Cond\u00e9 est devenu le premier pr\u00e9sident d\u00e9mocratiquement \u00e9lu de la Guin\u00e9e en 2010, mais cet homme de 84 ans a \u00e9t\u00e9 renvers\u00e9 par des officiers de l&rsquo;arm\u00e9e l&rsquo;ann\u00e9e derni\u00e8re et remplac\u00e9 par [&hellip;]<\/p>\n","protected":false},"author":1,"featured_media":0,"comment_status":"open","ping_status":"open","sticky":false,"template":"","format":"standard","meta":{"iawp_total_views":3,"jnews-multi-image_gallery":[],"jnews_single_post":{"source_name":"Africanews","source_url":"","via_name":"","via_url":"","override_template":"0","override":[{"template":"2","single_blog_custom":"","parallax":"1","fullscreen":"1","layout":"right-sidebar","sidebar":"default-sidebar","second_sidebar":"default-sidebar","sticky_sidebar":"1","share_position":"topbottom","share_float_style":"share-monocrhome","show_share_counter":"1","show_view_counter":"0","show_featured":"1","show_post_meta":"1","show_post_author":"0","show_post_author_image":"1","show_post_date":"1","post_date_format":"default","post_date_format_custom":"Y\/m\/d","show_post_category":"1","show_post_reading_time":"0","post_reading_time_wpm":"300","show_zoom_button":"0","zoom_button_out_step":"2","zoom_button_in_step":"3","show_post_tag":"1","show_prev_next_post":"0","show_popup_post":"0","number_popup_post":"1","show_author_box":"0","show_post_related":"1","show_inline_post_related":"1"}],"override_image_size":"0","image_override":[{"single_post_thumbnail_size":"crop-500","single_post_gallery_size":"crop-500"}],"trending_post":"0","trending_post_position":"meta","trending_post_label":"Trending","sponsored_post":"0","sponsored_post_label":"Sponsored by","sponsored_post_name":"","sponsored_post_url":"","sponsored_post_logo_enable":"0","sponsored_post_logo":"","sponsored_post_desc":"","disable_ad":"0"},"jnews_primary_category":{"id":"44"},"jnews_social_meta":{"fb_title":"","fb_description":"","fb_image":"","twitter_title":"","twitter_description":"","twitter_image":""},"jnews_override_counter":{"override_view_counter":"0","view_counter_number":"0","override_share_counter":"0","share_counter_number":"0","override_like_counter":"0","like_counter_number":"0","override_dislike_counter":"0","dislike_counter_number":"0"},"footnotes":""},"categories":[5,44],"tags":[357,574],"class_list":["post-1485","post","type-post","status-publish","format-standard","hentry","category-politique-africaine","category-afrique-de-louest","tag-alpha-conde","tag-la-junte-militaire"],"_links":{"self":[{"href":"https:\/\/qiraatafrican.com\/fr\/wp-json\/wp\/v2\/posts\/1485","targetHints":{"allow":["GET"]}}],"collection":[{"href":"https:\/\/qiraatafrican.com\/fr\/wp-json\/wp\/v2\/posts"}],"about":[{"href":"https:\/\/qiraatafrican.com\/fr\/wp-json\/wp\/v2\/types\/post"}],"author":[{"embeddable":true,"href":"https:\/\/qiraatafrican.com\/fr\/wp-json\/wp\/v2\/users\/1"}],"replies":[{"embeddable":true,"href":"https:\/\/qiraatafrican.com\/fr\/wp-json\/wp\/v2\/comments?post=1485"}],"version-history":[{"count":0,"href":"https:\/\/qiraatafrican.com\/fr\/wp-json\/wp\/v2\/posts\/1485\/revisions"}],"wp:attachment":[{"href":"https:\/\/qiraatafrican.com\/fr\/wp-json\/wp\/v2\/media?parent=1485"}],"wp:term":[{"taxonomy":"category","embeddable":true,"href":"https:\/\/qiraatafrican.com\/fr\/wp-json\/wp\/v2\/categories?post=1485"},{"taxonomy":"post_tag","embeddable":true,"href":"https:\/\/qiraatafrican.com\/fr\/wp-json\/wp\/v2\/tags?post=1485"}],"curies":[{"name":"wp","href":"https:\/\/api.w.org\/{rel}","templated":true}]}}