{"id":14828,"date":"2025-03-27T05:27:56","date_gmt":"2025-03-27T05:27:56","guid":{"rendered":"https:\/\/qiraatafrican.com\/fr\/?p=14828"},"modified":"2025-04-06T05:30:17","modified_gmt":"2025-04-06T05:30:17","slug":"des-militants-islamistes-tuent-12-soldats-camerounais-lors-dune-attaque-pres-du-lac-tchad","status":"publish","type":"post","link":"https:\/\/qiraatafrican.com\/fr\/14828\/des-militants-islamistes-tuent-12-soldats-camerounais-lors-dune-attaque-pres-du-lac-tchad\/","title":{"rendered":"Des militants islamistes tuent 12 soldats camerounais lors d&rsquo;une attaque pr\u00e8s du lac Tchad"},"content":{"rendered":"<p>Au moins 12 soldats camerounais ont \u00e9t\u00e9 tu\u00e9s lundi soir lors d&rsquo;une attaque men\u00e9e par des militants islamistes \u00e0 la fronti\u00e8re avec le Nig\u00e9ria, selon un communiqu\u00e9 du minist\u00e8re camerounais de la D\u00e9fense.<\/p>\n<p>L&rsquo;attaque a \u00e9galement fait plus d&rsquo;une douzaine de bless\u00e9s parmi les soldats et s&rsquo;est produite dans la r\u00e9gion du lac Tchad, pr\u00e8s de la ville de Wulgo, a indiqu\u00e9 jeudi le minist\u00e8re. Si aucun groupe n&rsquo;a \u00e9t\u00e9 initialement accus\u00e9 d&rsquo;\u00eatre \u00e0 l&rsquo;origine de l&rsquo;attaque, des responsables ont ensuite d\u00e9clar\u00e9 qu&rsquo;elle \u00e9tait soup\u00e7onn\u00e9e d&rsquo;avoir \u00e9t\u00e9 men\u00e9e par des extr\u00e9mistes du groupe Boko Haram ou de sa faction dissidente, fid\u00e8le \u00e0 l&rsquo;\u00c9tat islamique.<\/p>\n<p>Pointant du doigt les militants de Boko Haram, le minist\u00e8re a cit\u00e9 \u00ab\u00a0l&rsquo;armement de pointe dont ils disposent de plus en plus\u00a0\u00bb et \u00ab\u00a0l&rsquo;alliance apparente avec de puissantes entit\u00e9s criminelles transnationales\u00a0\u00bb comme facteurs contributifs \u00e0 l&rsquo;attaque de lundi.<\/p>\n<p>Boko Haram, initialement bas\u00e9 au Nig\u00e9ria, a pris les armes en 2009 pour lutter contre l&rsquo;\u00e9ducation occidentale et imposer sa version radicale de la loi islamique. Le conflit, d\u00e9sormais le plus long conflit arm\u00e9 d&rsquo;Afrique, s&rsquo;est \u00e9tendu aux voisins du Nig\u00e9ria, le Tchad, le Niger et le Cameroun.<\/p>\n<p>Selon l&rsquo;ONU, quelque 35\u00a0000 civils ont \u00e9t\u00e9 tu\u00e9s et plus de 2 millions de personnes ont \u00e9t\u00e9 d\u00e9plac\u00e9es dans le seul nord-est du Nig\u00e9ria. L&rsquo;enl\u00e8vement de 276 \u00e9coli\u00e8res par Boko Haram en 2014 dans le village de Chibok, dans l&rsquo;\u00c9tat de Borno \u2013 l&rsquo;\u00e9picentre du conflit \u2013 a retenu l&rsquo;attention du monde entier.<\/p>\n<p>En janvier, au moins 40 personnes ont \u00e9t\u00e9 tu\u00e9es lors d&rsquo;une attaque de Boko Haram de l&rsquo;autre c\u00f4t\u00e9 de la fronti\u00e8re, au Nig\u00e9ria.<\/p>\n<div id=\"gtx-trans\" style=\"position: absolute; left: -11px; top: -0.333332px;\">\n<div class=\"gtx-trans-icon\"><\/div>\n<\/div>\n","protected":false},"excerpt":{"rendered":"<p>Des militants islamistes tuent 12 soldats camerounais lors d&rsquo;une attaque pr\u00e8s du lac Tchad<\/p>\n","protected":false},"author":1,"featured_media":14829,"comment_status":"closed","ping_status":"closed","sticky":false,"template":"","format":"standard","meta":{"iawp_total_views":0,"jnews-multi-image_gallery":[],"jnews_single_post":{"format":"standard","override":[{"template":"1","parallax":"1","fullscreen":"1","layout":"right-sidebar","sidebar":"default-sidebar","second_sidebar":"default-sidebar","sticky_sidebar":"1","share_position":"topbottom","share_float_style":"share-monocrhome","show_share_counter":"1","show_featured":"1","show_post_meta":"1","show_post_author_image":"1","show_post_date":"1","post_date_format":"default","post_date_format_custom":"Y\/m\/d","show_post_category":"1","show_post_reading_time":"0","post_reading_time_wpm":"300","post_calculate_word_method":"str_word_count","show_zoom_button":"0","zoom_button_out_step":"2","zoom_button_in_step":"3","show_post_tag":"1","number_popup_post":"1","show_post_related":"1","show_inline_post_related":"1"}],"image_override":[{"single_post_thumbnail_size":"crop-500","single_post_gallery_size":"crop-500"}],"trending_post_position":"meta","trending_post_label":"Trending","sponsored_post_label":"Sponsored by","disable_ad":"0","source_name":"Africa News","subtitle":""},"jnews_primary_category":[],"jnews_social_meta":[],"jnews_override_counter":{"view_counter_number":"0","share_counter_number":"0","like_counter_number":"0","dislike_counter_number":"0"},"footnotes":""},"categories":[8],"tags":[3109,512,3108],"class_list":["post-14828","post","type-post","status-publish","format-standard","has-post-thumbnail","hentry","category-societe-africaine","tag-lac-tchad","tag-militants-islamistes","tag-soldats-camerounais"],"_links":{"self":[{"href":"https:\/\/qiraatafrican.com\/fr\/wp-json\/wp\/v2\/posts\/14828","targetHints":{"allow":["GET"]}}],"collection":[{"href":"https:\/\/qiraatafrican.com\/fr\/wp-json\/wp\/v2\/posts"}],"about":[{"href":"https:\/\/qiraatafrican.com\/fr\/wp-json\/wp\/v2\/types\/post"}],"author":[{"embeddable":true,"href":"https:\/\/qiraatafrican.com\/fr\/wp-json\/wp\/v2\/users\/1"}],"replies":[{"embeddable":true,"href":"https:\/\/qiraatafrican.com\/fr\/wp-json\/wp\/v2\/comments?post=14828"}],"version-history":[{"count":0,"href":"https:\/\/qiraatafrican.com\/fr\/wp-json\/wp\/v2\/posts\/14828\/revisions"}],"wp:featuredmedia":[{"embeddable":true,"href":"https:\/\/qiraatafrican.com\/fr\/wp-json\/wp\/v2\/media\/14829"}],"wp:attachment":[{"href":"https:\/\/qiraatafrican.com\/fr\/wp-json\/wp\/v2\/media?parent=14828"}],"wp:term":[{"taxonomy":"category","embeddable":true,"href":"https:\/\/qiraatafrican.com\/fr\/wp-json\/wp\/v2\/categories?post=14828"},{"taxonomy":"post_tag","embeddable":true,"href":"https:\/\/qiraatafrican.com\/fr\/wp-json\/wp\/v2\/tags?post=14828"}],"curies":[{"name":"wp","href":"https:\/\/api.w.org\/{rel}","templated":true}]}}