{"id":14804,"date":"2025-03-25T17:04:42","date_gmt":"2025-03-25T17:04:42","guid":{"rendered":"https:\/\/qiraatafrican.com\/fr\/?p=14804"},"modified":"2025-03-25T17:04:42","modified_gmt":"2025-03-25T17:04:42","slug":"la-cae-et-la-sadc-elargissent-leur-equipe-de-mediateurs-pour-le-conflit-congolais","status":"publish","type":"post","link":"https:\/\/qiraatafrican.com\/fr\/14804\/la-cae-et-la-sadc-elargissent-leur-equipe-de-mediateurs-pour-le-conflit-congolais\/","title":{"rendered":"La CAE et la SADC \u00e9largissent leur \u00e9quipe de m\u00e9diateurs pour le conflit congolais"},"content":{"rendered":"<p>La Communaut\u00e9 de l&rsquo;Afrique de l&rsquo;Est (CAE) et la Communaut\u00e9 de d\u00e9veloppement de l&rsquo;Afrique australe (SADC) ont \u00e9largi leur \u00e9quipe de m\u00e9diateurs pour le conflit congolais \u00e0 l&rsquo;issue d&rsquo;une r\u00e9union virtuelle lundi.<\/p>\n<p>Les deux groupes ont redoubl\u00e9 d&rsquo;efforts pour r\u00e9tablir la paix entre la RDC, les rebelles du M23 et le Rwanda en nommant d&rsquo;anciens chefs d&rsquo;\u00c9tat suppl\u00e9mentaires pour piloter les m\u00e9diations.<\/p>\n<p>L&rsquo;ancien pr\u00e9sident kenyan Uhuru Kenyatta et l&rsquo;ancien pr\u00e9sident nig\u00e9rian Olusegun Obasanjo restent au sein de l&rsquo;\u00e9quipe, tandis que l&rsquo;ancienne pr\u00e9sidente \u00e9thiopienne Sahle-Work Zewde remplace un autre ancien dirigeant \u00e9thiopien, Hailemariam Desalegn.<\/p>\n<p>L&rsquo;ancien pr\u00e9sident sud-africain Kgalema Motlanthe et l&rsquo;ancienne pr\u00e9sidente centrafricaine Catherine Samba-Panza ont \u00e9t\u00e9 ajout\u00e9s, portant le groupe de trois \u00e0 cinq afin d&rsquo;am\u00e9liorer \u00ab l&rsquo;inclusion des femmes, des r\u00e9gions et des langues \u00bb, selon un communiqu\u00e9 publi\u00e9 \u00e0 l&rsquo;issue du sommet.<\/p>\n<p>Ces mesures font suite au retrait de l&rsquo;Angola, par l&rsquo;interm\u00e9diaire de sa pr\u00e9sidence, des n\u00e9gociations lundi, invoquant d&rsquo;autres engagements dans le cadre de son mandat \u00e0 la t\u00eate de l&rsquo;Union africaine.<\/p>\n<p>Dans un communiqu\u00e9, l&rsquo;Angola a d\u00e9clar\u00e9 avoir reconnu la n\u00e9cessit\u00e9 de se concentrer sur des priorit\u00e9s continentales plus larges, notamment la paix, les infrastructures, le d\u00e9veloppement \u00e9conomique et la justice pour les Africains.<\/p>\n<p>L&rsquo;Angola avait \u00e9galement \u00e9voqu\u00e9 une s\u00e9rie d&rsquo;\u00e9checs dans les n\u00e9gociations et d&rsquo;ing\u00e9rences ext\u00e9rieures.<\/p>\n<p>Les n\u00e9gociations ont \u00e9galement connu un revers lundi, le M23 \u00e9tant revenu sur sa promesse de se retirer de Walikale, une autre ville qu&rsquo;il avait conquise dans l&rsquo;est de la RDC, affirmant que l&rsquo;arm\u00e9e congolaise \u00e9tait toujours \u00e0 ses trousses et poursuivait son offensive dans la m\u00eame r\u00e9gion.<\/p>\n<div id=\"gtx-trans\" style=\"position: absolute; left: -8px; top: -0.333332px;\">\n<div class=\"gtx-trans-icon\"><\/div>\n<\/div>\n","protected":false},"excerpt":{"rendered":"<p>La CAE et la SADC \u00e9largissent leur \u00e9quipe de m\u00e9diateurs pour le conflit congolais<\/p>\n","protected":false},"author":1,"featured_media":14805,"comment_status":"closed","ping_status":"closed","sticky":false,"template":"","format":"standard","meta":{"iawp_total_views":3,"jnews-multi-image_gallery":[],"jnews_single_post":{"subtitle":"","format":"standard","override":[{"template":"1","parallax":"1","fullscreen":"1","layout":"right-sidebar","sidebar":"default-sidebar","second_sidebar":"default-sidebar","sticky_sidebar":"1","share_position":"topbottom","share_float_style":"share-monocrhome","show_share_counter":"1","show_featured":"1","show_post_meta":"1","show_post_author_image":"1","show_post_date":"1","post_date_format":"default","post_date_format_custom":"Y\/m\/d","show_post_category":"1","show_post_reading_time":"0","post_reading_time_wpm":"300","post_calculate_word_method":"str_word_count","show_zoom_button":"0","zoom_button_out_step":"2","zoom_button_in_step":"3","show_post_tag":"1","number_popup_post":"1","show_post_related":"1","show_inline_post_related":"1"}],"image_override":[{"single_post_thumbnail_size":"crop-500","single_post_gallery_size":"crop-500"}],"trending_post_position":"meta","trending_post_label":"Trending","sponsored_post_label":"Sponsored by","disable_ad":"0"},"jnews_primary_category":[],"jnews_social_meta":[],"jnews_override_counter":{"view_counter_number":"0","share_counter_number":"0","like_counter_number":"0","dislike_counter_number":"0"},"footnotes":""},"categories":[5],"tags":[445,3100,3101,2082],"class_list":["post-14804","post","type-post","status-publish","format-standard","has-post-thumbnail","hentry","category-politique-africaine","tag-cae","tag-equipe-de-mediateurs","tag-le-conflit-congolais","tag-sadc"],"_links":{"self":[{"href":"https:\/\/qiraatafrican.com\/fr\/wp-json\/wp\/v2\/posts\/14804","targetHints":{"allow":["GET"]}}],"collection":[{"href":"https:\/\/qiraatafrican.com\/fr\/wp-json\/wp\/v2\/posts"}],"about":[{"href":"https:\/\/qiraatafrican.com\/fr\/wp-json\/wp\/v2\/types\/post"}],"author":[{"embeddable":true,"href":"https:\/\/qiraatafrican.com\/fr\/wp-json\/wp\/v2\/users\/1"}],"replies":[{"embeddable":true,"href":"https:\/\/qiraatafrican.com\/fr\/wp-json\/wp\/v2\/comments?post=14804"}],"version-history":[{"count":0,"href":"https:\/\/qiraatafrican.com\/fr\/wp-json\/wp\/v2\/posts\/14804\/revisions"}],"wp:featuredmedia":[{"embeddable":true,"href":"https:\/\/qiraatafrican.com\/fr\/wp-json\/wp\/v2\/media\/14805"}],"wp:attachment":[{"href":"https:\/\/qiraatafrican.com\/fr\/wp-json\/wp\/v2\/media?parent=14804"}],"wp:term":[{"taxonomy":"category","embeddable":true,"href":"https:\/\/qiraatafrican.com\/fr\/wp-json\/wp\/v2\/categories?post=14804"},{"taxonomy":"post_tag","embeddable":true,"href":"https:\/\/qiraatafrican.com\/fr\/wp-json\/wp\/v2\/tags?post=14804"}],"curies":[{"name":"wp","href":"https:\/\/api.w.org\/{rel}","templated":true}]}}