{"id":1477,"date":"2022-04-22T03:00:43","date_gmt":"2022-04-22T03:00:43","guid":{"rendered":"https:\/\/qiraatafrican.com\/fr\/?p=1477"},"modified":"2022-04-22T03:03:10","modified_gmt":"2022-04-22T03:03:10","slug":"kone-tiemoko-meyliet-investi-comme-nouveau-vice-president-de-la-cote-divoire","status":"publish","type":"post","link":"https:\/\/qiraatafrican.com\/fr\/1477\/kone-tiemoko-meyliet-investi-comme-nouveau-vice-president-de-la-cote-divoire\/","title":{"rendered":"Kon\u00e9 Ti\u00e9moko Meyliet Investi Comme Nouveau Vice-Pr\u00e9sident De La C\u00f4te d&rsquo;Ivoire"},"content":{"rendered":"<div class=\"intro-text\">\n<p><strong>La C\u00f4te d&rsquo;Ivoire a un nouveau vice-pr\u00e9sident en la personne de Kon\u00e9 Ti\u00e9moko Meyliet, qui a pr\u00eat\u00e9 serment le 20 avril 2022, au palais pr\u00e9sidentiel d&rsquo;Abidjan-Plateau, devant le Conseil constitutionnel.<\/strong><\/p>\n<\/div>\n<p>Meyliet a exprim\u00e9 sa gratitude envers le Pr\u00e9sident Alassane Ouattara, pour lui avoir confi\u00e9 ce poste, en disant : \u00ab Je tiens \u00e0 vous exprimer ma profonde gratitude et mon infinie gratitude pour la grande confiance ainsi plac\u00e9e en ma personne \u00bb.<\/p>\n<p>Le vice-pr\u00e9sident a dit qu&rsquo;il conna\u00eet les responsabilit\u00e9s qui lui incombent. \u00ab\u00a0Je connais le d\u00e9fi auquel je serai confront\u00e9 dans l&rsquo;exercice de mes fonctions de vice-pr\u00e9sident\u00a0\u00bb, a-t-il indiqu\u00e9. Aussi, il a rendu hommage aux anciens premiers ministres Amadou Gon Coulibaly et Hamed Bakayoko.<\/p>\n<p>L&rsquo;ancien Premier ministre Patrick Achi et son cabinet ont pr\u00e9sent\u00e9 leur d\u00e9mission de mani\u00e8re inattendue le 13 avril 2022 apr\u00e8s seulement un an de mandat. Achi est devenu Premier ministre en avril 2021, alors que la nation ouest-africaine \u00e9tait au milieu de la pand\u00e9mie de Covid-19.<\/p>\n<p>Il a \u00e9t\u00e9 nomm\u00e9 chef du gouvernement apr\u00e8s la mort de son pr\u00e9d\u00e9cesseur Hamed Bakayoko d&rsquo;un cancer le 10 mars 2021. Bakayoko est \u00e9galement devenu Premier ministre apr\u00e8s la mort subite d&rsquo;Amadou Gon Coulibaly en juillet 2020.<\/p>\n<p><strong>Voici les ministres et secr\u00e9taires d&rsquo;\u00c9tat qui ont quitt\u00e9 le gouvernement<\/strong><\/p>\n<ol>\n<li>Alain-Richard Donwahi : Ministre des Eaux et For\u00eats<\/li>\n<li>Emmanuel Esmel Essis : Ministre de la Promotion, de l&rsquo;Investissement et du D\u00e9veloppement du Secteur Priv\u00e9<\/li>\n<li>F\u00e9lix Anobl\u00e9 : Ministre de la Promotion des PME, de l&rsquo;Artisanat et de la Transformation du Secteur Informel<\/li>\n<li>Roger F\u00e9lix Adom : Ministre de l&rsquo;Economie Num\u00e9rique, des T\u00e9l\u00e9communications et de l&rsquo;Innovation<\/li>\n<li>Arlette N&rsquo;Guessan Touam\u00e9 : Ministre de la Culture et des Arts et Spectacles<\/li>\n<li>Alcide Dj\u00e9dj\u00e9 : Ministre D\u00e9l\u00e9gu\u00e9, charg\u00e9 de l&rsquo;Int\u00e9gration Africaine<\/li>\n<li>N&rsquo;Guessan Lataille Koffi : Secr\u00e9taire d&rsquo;Etat au Logement Social<\/li>\n<li>Brice Kouam\u00e9 Kouassi : Secr\u00e9taire d&rsquo;\u00c9tat charg\u00e9 de la Modernisation de l&rsquo;administration<\/li>\n<li>C\u00e9lestin Serey Doh : Secr\u00e9taire d&rsquo;Etat aux Affaires Maritimes<\/li>\n<\/ol>\n<p>Compil\u00e9 pour <em><a href=\"https:\/\/allafrica.com\/\" target=\"_blank\" rel=\"noopener\">Allafrica<\/a><\/em> par <strong>Michael Tantoh<\/strong><\/p>\n","protected":false},"excerpt":{"rendered":"<p>La C\u00f4te d&rsquo;Ivoire a un nouveau vice-pr\u00e9sident en la personne de Kon\u00e9 Ti\u00e9moko Meyliet, qui a pr\u00eat\u00e9 serment le 20 avril 2022, au palais pr\u00e9sidentiel d&rsquo;Abidjan-Plateau, devant le Conseil constitutionnel. Meyliet a exprim\u00e9 sa gratitude envers le Pr\u00e9sident Alassane Ouattara, pour lui avoir confi\u00e9 ce poste, en disant : \u00ab Je tiens \u00e0 vous exprimer [&hellip;]<\/p>\n","protected":false},"author":1,"featured_media":0,"comment_status":"open","ping_status":"open","sticky":false,"template":"","format":"standard","meta":{"iawp_total_views":1,"jnews-multi-image_gallery":[],"jnews_single_post":{"source_name":"AllAfrica","source_url":"","via_name":"","via_url":"","override_template":"0","override":[{"template":"2","single_blog_custom":"","parallax":"1","fullscreen":"1","layout":"right-sidebar","sidebar":"default-sidebar","second_sidebar":"default-sidebar","sticky_sidebar":"1","share_position":"topbottom","share_float_style":"share-monocrhome","show_share_counter":"1","show_view_counter":"0","show_featured":"1","show_post_meta":"1","show_post_author":"0","show_post_author_image":"1","show_post_date":"1","post_date_format":"default","post_date_format_custom":"Y\/m\/d","show_post_category":"1","show_post_reading_time":"0","post_reading_time_wpm":"300","show_zoom_button":"0","zoom_button_out_step":"2","zoom_button_in_step":"3","show_post_tag":"1","show_prev_next_post":"0","show_popup_post":"0","number_popup_post":"1","show_author_box":"0","show_post_related":"1","show_inline_post_related":"1"}],"override_image_size":"0","image_override":[{"single_post_thumbnail_size":"crop-500","single_post_gallery_size":"crop-500"}],"trending_post":"0","trending_post_position":"meta","trending_post_label":"Trending","sponsored_post":"0","sponsored_post_label":"Sponsored by","sponsored_post_name":"","sponsored_post_url":"","sponsored_post_logo_enable":"0","sponsored_post_logo":"","sponsored_post_desc":"","disable_ad":"0"},"jnews_primary_category":{"id":"44"},"jnews_social_meta":{"fb_title":"","fb_description":"","fb_image":"","twitter_title":"","twitter_description":"","twitter_image":""},"jnews_override_counter":{"override_view_counter":"0","view_counter_number":"0","override_share_counter":"0","share_counter_number":"0","override_like_counter":"0","like_counter_number":"0","override_dislike_counter":"0","dislike_counter_number":"0"},"footnotes":""},"categories":[5,44],"tags":[32,605,606,607],"class_list":["post-1477","post","type-post","status-publish","format-standard","hentry","category-politique-africaine","category-afrique-de-louest","tag-cote-divoire","tag-kone-tiemoko-meyliet","tag-nouveau-vice-president-de-la-cote-divoire","tag-president-alassane-ouattara"],"_links":{"self":[{"href":"https:\/\/qiraatafrican.com\/fr\/wp-json\/wp\/v2\/posts\/1477","targetHints":{"allow":["GET"]}}],"collection":[{"href":"https:\/\/qiraatafrican.com\/fr\/wp-json\/wp\/v2\/posts"}],"about":[{"href":"https:\/\/qiraatafrican.com\/fr\/wp-json\/wp\/v2\/types\/post"}],"author":[{"embeddable":true,"href":"https:\/\/qiraatafrican.com\/fr\/wp-json\/wp\/v2\/users\/1"}],"replies":[{"embeddable":true,"href":"https:\/\/qiraatafrican.com\/fr\/wp-json\/wp\/v2\/comments?post=1477"}],"version-history":[{"count":0,"href":"https:\/\/qiraatafrican.com\/fr\/wp-json\/wp\/v2\/posts\/1477\/revisions"}],"wp:attachment":[{"href":"https:\/\/qiraatafrican.com\/fr\/wp-json\/wp\/v2\/media?parent=1477"}],"wp:term":[{"taxonomy":"category","embeddable":true,"href":"https:\/\/qiraatafrican.com\/fr\/wp-json\/wp\/v2\/categories?post=1477"},{"taxonomy":"post_tag","embeddable":true,"href":"https:\/\/qiraatafrican.com\/fr\/wp-json\/wp\/v2\/tags?post=1477"}],"curies":[{"name":"wp","href":"https:\/\/api.w.org\/{rel}","templated":true}]}}