{"id":14736,"date":"2025-03-18T09:14:45","date_gmt":"2025-03-18T09:14:45","guid":{"rendered":"https:\/\/qiraatafrican.com\/fr\/?p=14736"},"modified":"2025-03-18T09:36:48","modified_gmt":"2025-03-18T09:36:48","slug":"lexpulsion-de-lambassadeur-sud-africain-un-exemple-de-harcelement-diplomatique-americain","status":"publish","type":"post","link":"https:\/\/qiraatafrican.com\/fr\/14736\/lexpulsion-de-lambassadeur-sud-africain-un-exemple-de-harcelement-diplomatique-americain\/","title":{"rendered":"L\u2019expulsion de l\u2019ambassadeur sud-africain : un exemple de harc\u00e8lement diplomatique\u2019 am\u00e9ricain"},"content":{"rendered":"<p>L\u2019expulsion soudaine de l\u2019ambassadeur d&rsquo;Afrique du Sud aux \u00c9tats-Unis illustre ce que des experts qualifient de \u00ab\u00a0harc\u00e8lement diplomatique\u00a0\u00bb de la part de la nouvelle administration am\u00e9ricaine. Selon Patrick Bond, politologue et \u00e9conomiste \u00e0 l&rsquo;Universit\u00e9 de Johannesburg, cette d\u00e9cision refl\u00e8te les tensions croissantes entre Washington et Pretoria, notamment sur la question du conflit isra\u00e9lo-palestinien.<\/p>\n<p>Vendredi, le secr\u00e9taire d&rsquo;\u00c9tat am\u00e9ricain Marco Rubio a d\u00e9clar\u00e9 l&rsquo;ambassadeur sud-africain Ebrahim Rasool persona non grata via un message sur la plateforme sociale X, lui donnant 72 heures pour quitter le territoire am\u00e9ricain. Cette d\u00e9cision fait suite \u00e0 un discours o\u00f9 Rasool avait critiqu\u00e9 ouvertement le pr\u00e9sident am\u00e9ricain Donald Trump, provoquant une r\u00e9action imm\u00e9diate de Washington.<\/p>\n<p>Le lendemain, la pr\u00e9sidence sud-africaine a r\u00e9agi, qualifiant cette expulsion de \u00ab\u00a0regrettable\u00a0\u00bb et appelant \u00e0 un retour \u00e0 un \u00ab\u00a0d\u00e9corum diplomatique\u00a0\u00bb entre les deux nations. Pretoria souligne l\u2019importance du respect mutuel dans les relations internationales et d\u00e9nonce ce qu&rsquo;elle per\u00e7oit comme une tentative de Washington d&rsquo;intimider les diplomates qui expriment des opinions divergentes.<\/p>\n<h2>Un contexte de tensions croissantes<\/h2>\n<p>Patrick Bond estime que la v\u00e9ritable raison de cette sanction diplomatique r\u00e9side dans le r\u00f4le actif de l&rsquo;Afrique du Sud sur la sc\u00e8ne internationale, en particulier dans son opposition aux actions d\u2019Isra\u00ebl \u00e0 Gaza. En janvier 2024, Pretoria a d\u00e9pos\u00e9 une plainte historique contre Isra\u00ebl devant la Cour internationale de justice (CIJ), l\u2019accusant de g\u00e9nocide contre les Palestiniens. Cette initiative a suscit\u00e9 de vives tensions avec les \u00c9tats-Unis, principal alli\u00e9 d\u2019Isra\u00ebl.<\/p>\n<p>\u00ab\u00a0Les \u00c9tats-Unis veulent que l&rsquo;Afrique du Sud retire cette plainte, car elle implique indirectement leur propre complicit\u00e9 dans le g\u00e9nocide. Mais la majorit\u00e9 des pays du monde soutiennent Pretoria dans cette d\u00e9marche et consid\u00e8rent que l&rsquo;Afrique du Sud doit maintenir son leadership sur cette question,\u00a0\u00bb explique Bond.<\/p>\n<p>Par ailleurs, les d\u00e9clarations d\u2019Ebrahim Rasool sur Donald Trump auraient \u00e9galement jou\u00e9 un r\u00f4le d\u00e9terminant dans cette expulsion. \u00ab\u00a0L&rsquo;ambassadeur Rasool a accus\u00e9 Trump d\u2019inspirer un mouvement mondial de supr\u00e9matie blanche, ce qui a \u00e9t\u00e9 per\u00e7u comme un affront inacceptable par l\u2019administration am\u00e9ricaine,\u00a0\u00bb ajoute Bond.<\/p>\n<h2>Un signal d\u2019intimidation pour l\u2019Afrique<\/h2>\n<p>Pour l\u2019expert, cette expulsion envoie un message clair aux autres nations du continent africain. \u00ab\u00a0C\u2019est un avertissement : les \u00c9tats-Unis veulent imposer leur h\u00e9g\u00e9monie et ne tol\u00e9reront pas la dissidence. Ils n\u2019h\u00e9siteront pas \u00e0 expulser un diplomate simplement pour avoir dit la v\u00e9rit\u00e9,\u00a0\u00bb affirme-t-il.<\/p>\n<p>Il appelle ainsi les pays africains \u00e0 ne pas c\u00e9der face \u00e0 ces pressions et \u00e0 d\u00e9fendre leur souverainet\u00e9 diplomatique. \u00ab\u00a0Tout le continent africain devrait s\u2019\u00e9lever contre cette intimidation. Il est imp\u00e9ratif de rejeter ces m\u00e9thodes de coercition et d\u2019affirmer l\u2019ind\u00e9pendance de la politique \u00e9trang\u00e8re africaine,\u00a0\u00bb conclut-il.<\/p>\n<p>L&rsquo;affaire met en lumi\u00e8re la fragilit\u00e9 des relations entre l\u2019Afrique du Sud et les \u00c9tats-Unis et soul\u00e8ve des questions sur la capacit\u00e9 des nations africaines \u00e0 s\u2019opposer aux ing\u00e9rences diplomatiques des grandes puissances.<\/p>\n","protected":false},"excerpt":{"rendered":"<p>L\u2019expulsion soudaine de l\u2019ambassadeur d&rsquo;Afrique du Sud aux \u00c9tats-Unis illustre ce que des experts qualifient de \u00ab\u00a0harc\u00e8lement diplomatique\u00a0\u00bb de la part de la nouvelle administration am\u00e9ricaine. Selon Patrick Bond, politologue et \u00e9conomiste \u00e0 l&rsquo;Universit\u00e9 de Johannesburg, cette d\u00e9cision refl\u00e8te les tensions croissantes entre Washington et Pretoria, notamment sur la question du conflit isra\u00e9lo-palestinien. Vendredi, le [&hellip;]<\/p>\n","protected":false},"author":1,"featured_media":14737,"comment_status":"closed","ping_status":"closed","sticky":false,"template":"","format":"standard","meta":{"iawp_total_views":29,"jnews-multi-image_gallery":[],"jnews_single_post":{"format":"standard","override":[{"template":"1","parallax":"1","fullscreen":"1","layout":"right-sidebar","sidebar":"default-sidebar","second_sidebar":"default-sidebar","sticky_sidebar":"1","share_position":"topbottom","share_float_style":"share-monocrhome","show_share_counter":"1","show_featured":"1","show_post_meta":"1","show_post_author_image":"1","show_post_date":"1","post_date_format":"default","post_date_format_custom":"Y\/m\/d","show_post_category":"1","show_post_reading_time":"0","post_reading_time_wpm":"300","post_calculate_word_method":"str_word_count","show_zoom_button":"0","zoom_button_out_step":"2","zoom_button_in_step":"3","show_post_tag":"1","number_popup_post":"3","show_post_related":"1","show_inline_post_related":"1","show_view_counter":"1","show_post_author":"1","show_popup_post":"1","show_author_box":"1"}],"image_override":[{"single_post_thumbnail_size":"crop-500","single_post_gallery_size":"crop-500"}],"trending_post_position":"meta","trending_post_label":"Trending","sponsored_post_label":"Sponsored by","disable_ad":"0","source_name":"Qiraat Africa","override_template":"0","subtitle":""},"jnews_primary_category":[],"jnews_social_meta":[],"jnews_override_counter":{"view_counter_number":"0","share_counter_number":"0","like_counter_number":"0","dislike_counter_number":"0"},"footnotes":""},"categories":[43,5],"tags":[2650,3057,3059,3060,3058,3056],"class_list":["post-14736","post","type-post","status-publish","format-standard","has-post-thumbnail","hentry","category-afrique-australe","category-politique-africaine","tag-diplomatie-internationale","tag-expulsion-diplomatique","tag-harcelement-diplomatique","tag-justice-internationale","tag-relations-americano-sud-africaines","tag-tensions-usa-afrique"],"_links":{"self":[{"href":"https:\/\/qiraatafrican.com\/fr\/wp-json\/wp\/v2\/posts\/14736","targetHints":{"allow":["GET"]}}],"collection":[{"href":"https:\/\/qiraatafrican.com\/fr\/wp-json\/wp\/v2\/posts"}],"about":[{"href":"https:\/\/qiraatafrican.com\/fr\/wp-json\/wp\/v2\/types\/post"}],"author":[{"embeddable":true,"href":"https:\/\/qiraatafrican.com\/fr\/wp-json\/wp\/v2\/users\/1"}],"replies":[{"embeddable":true,"href":"https:\/\/qiraatafrican.com\/fr\/wp-json\/wp\/v2\/comments?post=14736"}],"version-history":[{"count":0,"href":"https:\/\/qiraatafrican.com\/fr\/wp-json\/wp\/v2\/posts\/14736\/revisions"}],"wp:featuredmedia":[{"embeddable":true,"href":"https:\/\/qiraatafrican.com\/fr\/wp-json\/wp\/v2\/media\/14737"}],"wp:attachment":[{"href":"https:\/\/qiraatafrican.com\/fr\/wp-json\/wp\/v2\/media?parent=14736"}],"wp:term":[{"taxonomy":"category","embeddable":true,"href":"https:\/\/qiraatafrican.com\/fr\/wp-json\/wp\/v2\/categories?post=14736"},{"taxonomy":"post_tag","embeddable":true,"href":"https:\/\/qiraatafrican.com\/fr\/wp-json\/wp\/v2\/tags?post=14736"}],"curies":[{"name":"wp","href":"https:\/\/api.w.org\/{rel}","templated":true}]}}