{"id":14727,"date":"2025-03-18T08:58:05","date_gmt":"2025-03-18T08:58:05","guid":{"rendered":"https:\/\/qiraatafrican.com\/fr\/?p=14727"},"modified":"2025-03-18T08:58:22","modified_gmt":"2025-03-18T08:58:22","slug":"le-rwanda-rompt-ses-relations-avec-la-belgique-et-ordonne-a-ses-diplomates-de-quitter-le-pays","status":"publish","type":"post","link":"https:\/\/qiraatafrican.com\/fr\/14727\/le-rwanda-rompt-ses-relations-avec-la-belgique-et-ordonne-a-ses-diplomates-de-quitter-le-pays\/","title":{"rendered":"Le Rwanda rompt ses relations avec la Belgique et ordonne \u00e0 ses diplomates de quitter le pays"},"content":{"rendered":"<p>Le Rwanda a annonc\u00e9 lundi avoir accord\u00e9 48 heures aux diplomates belges pour quitter le pays apr\u00e8s avoir rompu ses relations avec Bruxelles.<\/p>\n<p>Dans un communiqu\u00e9, le minist\u00e8re des Affaires \u00e9trang\u00e8res de Kigali a accus\u00e9 la Belgique d&rsquo;ing\u00e9rence.<\/p>\n<p>\u00ab\u00a0La Belgique a constamment port\u00e9 atteinte au Rwanda, tant avant que pendant le conflit en cours en R\u00e9publique d\u00e9mocratique du Congo (RDC), dans lequel la Belgique a jou\u00e9 un r\u00f4le historique profond et violent, notamment en agissant contre le Rwanda\u00a0\u00bb, peut-on lire dans le communiqu\u00e9.<\/p>\n<p>La Belgique a r\u00e9cemment gel\u00e9 son aide et suspendu ses accords commerciaux suite \u00e0 l&rsquo;agression de Kigali en R\u00e9publique d\u00e9mocratique du Congo voisine.<\/p>\n<p>Lors d&rsquo;une conf\u00e9rence de presse \u00e0 Kigali dimanche, le pr\u00e9sident rwandais Paul Kagame a adopt\u00e9 un ton provocateur, affirmant que son pays d&rsquo;Afrique de l&rsquo;Est d\u00e9fendrait ses int\u00e9r\u00eats contre toute ing\u00e9rence \u00e9trang\u00e8re.<\/p>\n<p>Kagame a point\u00e9 du doigt la Belgique, qui a dirig\u00e9 le Rwanda comme une colonie jusqu&rsquo;en 1962, affirmant qu&rsquo;elle avait commis des atrocit\u00e9s contre les Rwandais, et s&rsquo;engageant \u00e0 lutter contre son \u00ab\u00a0ing\u00e9rence n\u00e9ocoloniale\u00a0\u00bb. Kigali fait l\u2019objet d\u2019une surveillance internationale accrue en raison de son r\u00f4le dans le conflit dans l\u2019est du Congo, o\u00f9 ses forces rebelles mandat\u00e9es contr\u00f4lent deux provinces riches en ressources.<\/p>\n<div id=\"gtx-trans\" style=\"position: absolute; left: -51px; top: 48.6667px;\">\n<div class=\"gtx-trans-icon\"><\/div>\n<\/div>\n","protected":false},"excerpt":{"rendered":"<p>Le Rwanda rompt ses relations avec la Belgique et ordonne \u00e0 ses diplomates de quitter le pays<\/p>\n","protected":false},"author":1,"featured_media":14728,"comment_status":"closed","ping_status":"closed","sticky":false,"template":"","format":"standard","meta":{"iawp_total_views":5,"jnews-multi-image_gallery":[],"jnews_single_post":{"subtitle":"","format":"standard","override":[{"template":"1","parallax":"1","fullscreen":"1","layout":"right-sidebar","sidebar":"default-sidebar","second_sidebar":"default-sidebar","sticky_sidebar":"1","share_position":"topbottom","share_float_style":"share-monocrhome","show_share_counter":"1","show_featured":"1","show_post_meta":"1","show_post_author_image":"1","show_post_date":"1","post_date_format":"default","post_date_format_custom":"Y\/m\/d","show_post_category":"1","show_post_reading_time":"0","post_reading_time_wpm":"300","post_calculate_word_method":"str_word_count","show_zoom_button":"0","zoom_button_out_step":"2","zoom_button_in_step":"3","show_post_tag":"1","number_popup_post":"1","show_post_related":"1","show_inline_post_related":"1"}],"image_override":[{"single_post_thumbnail_size":"crop-500","single_post_gallery_size":"crop-500"}],"trending_post_position":"meta","trending_post_label":"Trending","sponsored_post_label":"Sponsored by","disable_ad":"0"},"jnews_primary_category":[],"jnews_social_meta":[],"jnews_override_counter":{"view_counter_number":"0","share_counter_number":"0","like_counter_number":"0","dislike_counter_number":"0"},"footnotes":""},"categories":[5],"tags":[2083,20],"class_list":["post-14727","post","type-post","status-publish","format-standard","has-post-thumbnail","hentry","category-politique-africaine","tag-belgique","tag-rwanda"],"_links":{"self":[{"href":"https:\/\/qiraatafrican.com\/fr\/wp-json\/wp\/v2\/posts\/14727","targetHints":{"allow":["GET"]}}],"collection":[{"href":"https:\/\/qiraatafrican.com\/fr\/wp-json\/wp\/v2\/posts"}],"about":[{"href":"https:\/\/qiraatafrican.com\/fr\/wp-json\/wp\/v2\/types\/post"}],"author":[{"embeddable":true,"href":"https:\/\/qiraatafrican.com\/fr\/wp-json\/wp\/v2\/users\/1"}],"replies":[{"embeddable":true,"href":"https:\/\/qiraatafrican.com\/fr\/wp-json\/wp\/v2\/comments?post=14727"}],"version-history":[{"count":0,"href":"https:\/\/qiraatafrican.com\/fr\/wp-json\/wp\/v2\/posts\/14727\/revisions"}],"wp:featuredmedia":[{"embeddable":true,"href":"https:\/\/qiraatafrican.com\/fr\/wp-json\/wp\/v2\/media\/14728"}],"wp:attachment":[{"href":"https:\/\/qiraatafrican.com\/fr\/wp-json\/wp\/v2\/media?parent=14727"}],"wp:term":[{"taxonomy":"category","embeddable":true,"href":"https:\/\/qiraatafrican.com\/fr\/wp-json\/wp\/v2\/categories?post=14727"},{"taxonomy":"post_tag","embeddable":true,"href":"https:\/\/qiraatafrican.com\/fr\/wp-json\/wp\/v2\/tags?post=14727"}],"curies":[{"name":"wp","href":"https:\/\/api.w.org\/{rel}","templated":true}]}}