{"id":14645,"date":"2025-03-10T13:34:13","date_gmt":"2025-03-10T13:34:13","guid":{"rendered":"https:\/\/qiraatafrican.com\/fr\/?p=14645"},"modified":"2025-03-10T13:34:13","modified_gmt":"2025-03-10T13:34:13","slug":"le-president-par-interim-du-gabon-devra-affronter-trois-adversaires-lors-de-lelection-presidentielle","status":"publish","type":"post","link":"https:\/\/qiraatafrican.com\/fr\/14645\/le-president-par-interim-du-gabon-devra-affronter-trois-adversaires-lors-de-lelection-presidentielle\/","title":{"rendered":"Le pr\u00e9sident par int\u00e9rim du Gabon devra affronter trois adversaires lors de l&rsquo;\u00e9lection pr\u00e9sidentielle"},"content":{"rendered":"<p>Le pr\u00e9sident par int\u00e9rim du Gabon, Brice Oligui Nguema, devra affronter trois adversaires lors de l&rsquo;\u00e9lection pr\u00e9sidentielle qui aura lieu le 12 avril.<\/p>\n<p>La liste officielle a \u00e9t\u00e9 publi\u00e9e par le ministre de l&rsquo;Int\u00e9rieur dimanche, un jour apr\u00e8s la date limite de d\u00e9p\u00f4t des candidatures.<\/p>\n<p>Dix-neuf autres candidats ont \u00e9t\u00e9 rejet\u00e9s, mais ils ont eu 72 heures pour d\u00e9poser un recours aupr\u00e8s de la Cour constitutionnelle.<\/p>\n<p>Nguema a pris le pouvoir lors d&rsquo;un coup d&rsquo;\u00c9tat militaire en 2023 qui a mis fin au r\u00e8gne de longue date de son pr\u00e9d\u00e9cesseur Ali Bongo et de sa famille.<\/p>\n<p>De nombreuses sp\u00e9culations ont \u00e9t\u00e9 \u00e9mises sur la question de savoir si Nguema chercherait \u00e0 rester au pouvoir apr\u00e8s qu&rsquo;une nouvelle constitution publi\u00e9e l&rsquo;ann\u00e9e derni\u00e8re ne l&rsquo;a pas emp\u00each\u00e9 de se pr\u00e9senter.<\/p>\n<p>La charte a \u00e9t\u00e9 approuv\u00e9e \u00e0 une \u00e9crasante majorit\u00e9 par le peuple gabonais lors d&rsquo;un r\u00e9f\u00e9rendum, les autorit\u00e9s militaires affirmant qu&rsquo;elle constituerait un tremplin vers un r\u00e9gime d\u00e9mocratique.<\/p>\n<p>Son principal adversaire est consid\u00e9r\u00e9 comme Alain-Claude Bilie By Nze, le dernier Premier ministre d&rsquo;Ali Bongo.<\/p>\n<p>Nguema affrontera \u00e9galement le docteur St\u00e9phane Germain Iloko, ancien cadre du Parti d\u00e9mocratique gabonais (PDG), qui a domin\u00e9 la politique de 1961 \u00e0 2023.<\/p>\n<p>Le dernier candidat est Joseph Lapens\u00e9e Essigone, avocat et inspecteur des imp\u00f4ts.<\/p>\n<p>Tous les quatre se pr\u00e9sentent en tant qu&rsquo;ind\u00e9pendants et la campagne devrait d\u00e9buter le 29 mars.<\/p>\n<div id=\"gtx-trans\" style=\"position: absolute; left: 3px; top: -0.333332px;\">\n<div class=\"gtx-trans-icon\"><\/div>\n<\/div>\n","protected":false},"excerpt":{"rendered":"<p>Le pr\u00e9sident par int\u00e9rim du Gabon devra affronter trois adversaires lors de l&rsquo;\u00e9lection pr\u00e9sidentielle<\/p>\n","protected":false},"author":1,"featured_media":14646,"comment_status":"closed","ping_status":"closed","sticky":false,"template":"","format":"standard","meta":{"iawp_total_views":15,"jnews-multi-image_gallery":[],"jnews_single_post":{"format":"standard","override":[{"template":"1","parallax":"1","fullscreen":"1","layout":"right-sidebar","sidebar":"default-sidebar","second_sidebar":"default-sidebar","sticky_sidebar":"1","share_position":"topbottom","share_float_style":"share-monocrhome","show_share_counter":"1","show_featured":"1","show_post_meta":"1","show_post_author_image":"1","show_post_date":"1","post_date_format":"default","post_date_format_custom":"Y\/m\/d","show_post_category":"1","show_post_reading_time":"0","post_reading_time_wpm":"300","post_calculate_word_method":"str_word_count","show_zoom_button":"0","zoom_button_out_step":"2","zoom_button_in_step":"3","show_post_tag":"1","number_popup_post":"1","show_post_related":"1","show_inline_post_related":"1"}],"image_override":[{"single_post_thumbnail_size":"crop-500","single_post_gallery_size":"crop-500"}],"trending_post_position":"meta","trending_post_label":"Trending","sponsored_post_label":"Sponsored by","disable_ad":"0","source_name":"Africa News","subtitle":""},"jnews_primary_category":[],"jnews_social_meta":[],"jnews_override_counter":{"view_counter_number":"0","share_counter_number":"0","like_counter_number":"0","dislike_counter_number":"0"},"footnotes":""},"categories":[41,47],"tags":[773,3027],"class_list":["post-14645","post","type-post","status-publish","format-standard","has-post-thumbnail","hentry","category-afrique-centrale","category-politique","tag-election-presidentielle","tag-le-president-par-interim-du-gabon"],"_links":{"self":[{"href":"https:\/\/qiraatafrican.com\/fr\/wp-json\/wp\/v2\/posts\/14645","targetHints":{"allow":["GET"]}}],"collection":[{"href":"https:\/\/qiraatafrican.com\/fr\/wp-json\/wp\/v2\/posts"}],"about":[{"href":"https:\/\/qiraatafrican.com\/fr\/wp-json\/wp\/v2\/types\/post"}],"author":[{"embeddable":true,"href":"https:\/\/qiraatafrican.com\/fr\/wp-json\/wp\/v2\/users\/1"}],"replies":[{"embeddable":true,"href":"https:\/\/qiraatafrican.com\/fr\/wp-json\/wp\/v2\/comments?post=14645"}],"version-history":[{"count":0,"href":"https:\/\/qiraatafrican.com\/fr\/wp-json\/wp\/v2\/posts\/14645\/revisions"}],"wp:featuredmedia":[{"embeddable":true,"href":"https:\/\/qiraatafrican.com\/fr\/wp-json\/wp\/v2\/media\/14646"}],"wp:attachment":[{"href":"https:\/\/qiraatafrican.com\/fr\/wp-json\/wp\/v2\/media?parent=14645"}],"wp:term":[{"taxonomy":"category","embeddable":true,"href":"https:\/\/qiraatafrican.com\/fr\/wp-json\/wp\/v2\/categories?post=14645"},{"taxonomy":"post_tag","embeddable":true,"href":"https:\/\/qiraatafrican.com\/fr\/wp-json\/wp\/v2\/tags?post=14645"}],"curies":[{"name":"wp","href":"https:\/\/api.w.org\/{rel}","templated":true}]}}