{"id":14581,"date":"2025-03-04T11:53:06","date_gmt":"2025-03-04T11:53:06","guid":{"rendered":"https:\/\/qiraatafrican.com\/fr\/?p=14581"},"modified":"2025-03-04T11:53:06","modified_gmt":"2025-03-04T11:53:06","slug":"le-chef-militaire-gabonais-annonce-sa-candidature-a-la-presidentielle","status":"publish","type":"post","link":"https:\/\/qiraatafrican.com\/fr\/14581\/le-chef-militaire-gabonais-annonce-sa-candidature-a-la-presidentielle\/","title":{"rendered":"Le chef militaire gabonais annonce sa candidature \u00e0 la pr\u00e9sidentielle"},"content":{"rendered":"<p>Pr\u00e8s de deux ans apr\u00e8s avoir men\u00e9 un coup d&rsquo;\u00c9tat pour mettre fin \u00e0 plus de cinq d\u00e9cennies de r\u00e8gne de la dynastie Bongo, le chef militaire gabonais Brice Oligui Nguema a annonc\u00e9 qu&rsquo;il se pr\u00e9senterait aux \u00e9lections pr\u00e9sidentielles d&rsquo;avril.<\/p>\n<p>Apr\u00e8s l&rsquo;\u00e9viction du pr\u00e9sident Ali Bongo en ao\u00fbt 2023, Nguema avait promis de rendre le pouvoir aux civils apr\u00e8s une p\u00e9riode de transition.<\/p>\n<p>Avec le feu vert donn\u00e9 en janvier par le Parlement de transition, un nouveau code \u00e9lectoral permet aux militaires et aux magistrats de se pr\u00e9senter aux \u00e9lections.<\/p>\n<p>Nguema a fait cette annonce lors d&rsquo;un discours dans la capitale gabonaise. L&rsquo;homme de 50 ans a d\u00e9clar\u00e9 que sa vision de la nation \u00e9tait celle d&rsquo;un \u00ab Gabon renaissant de ses cendres \u00bb, tout en appelant la foule \u00e0 soutenir sa candidature.<\/p>\n<p>Pour se pr\u00e9senter \u00e0 ce poste, l&rsquo;ancien chef de la garde pr\u00e9sidentielle devra abandonner son r\u00f4le actuel au moins temporairement, selon la page Facebook Infos CTRI officiel.<\/p>\n<p>\u00ab\u00a0S&rsquo;il n&rsquo;est pas \u00e9lu, il retournera \u00e0 la caserne\u00a0\u00bb, ajoute le site.<\/p>\n<p>Les \u00e9lections au Gabon sont pr\u00e9vues le 12 avril.<\/p>\n<div id=\"gtx-trans\" style=\"position: absolute; left: 3px; top: -0.333332px;\">\n<div class=\"gtx-trans-icon\"><\/div>\n<\/div>\n","protected":false},"excerpt":{"rendered":"<p>Le chef militaire gabonais annonce sa candidature \u00e0 la pr\u00e9sidentielle<\/p>\n","protected":false},"author":1,"featured_media":14582,"comment_status":"closed","ping_status":"closed","sticky":false,"template":"","format":"standard","meta":{"iawp_total_views":4,"jnews-multi-image_gallery":[],"jnews_single_post":{"subtitle":"","format":"standard","override":[{"template":"1","parallax":"1","fullscreen":"1","layout":"right-sidebar","sidebar":"default-sidebar","second_sidebar":"default-sidebar","sticky_sidebar":"1","share_position":"topbottom","share_float_style":"share-monocrhome","show_share_counter":"1","show_featured":"1","show_post_meta":"1","show_post_author_image":"1","show_post_date":"1","post_date_format":"default","post_date_format_custom":"Y\/m\/d","show_post_category":"1","show_post_reading_time":"0","post_reading_time_wpm":"300","post_calculate_word_method":"str_word_count","show_zoom_button":"0","zoom_button_out_step":"2","zoom_button_in_step":"3","show_post_tag":"1","number_popup_post":"1","show_post_related":"1","show_inline_post_related":"1"}],"image_override":[{"single_post_thumbnail_size":"crop-500","single_post_gallery_size":"crop-500"}],"trending_post_position":"meta","trending_post_label":"Trending","sponsored_post_label":"Sponsored by","disable_ad":"0"},"jnews_primary_category":[],"jnews_social_meta":[],"jnews_override_counter":{"view_counter_number":"0","share_counter_number":"0","like_counter_number":"0","dislike_counter_number":"0"},"footnotes":""},"categories":[41,47],"tags":[3000,148,2999],"class_list":["post-14581","post","type-post","status-publish","format-standard","has-post-thumbnail","hentry","category-afrique-centrale","category-politique","tag-candidature-a-la-presidentielle","tag-gabon","tag-le-chef-militaire-gabonais"],"_links":{"self":[{"href":"https:\/\/qiraatafrican.com\/fr\/wp-json\/wp\/v2\/posts\/14581","targetHints":{"allow":["GET"]}}],"collection":[{"href":"https:\/\/qiraatafrican.com\/fr\/wp-json\/wp\/v2\/posts"}],"about":[{"href":"https:\/\/qiraatafrican.com\/fr\/wp-json\/wp\/v2\/types\/post"}],"author":[{"embeddable":true,"href":"https:\/\/qiraatafrican.com\/fr\/wp-json\/wp\/v2\/users\/1"}],"replies":[{"embeddable":true,"href":"https:\/\/qiraatafrican.com\/fr\/wp-json\/wp\/v2\/comments?post=14581"}],"version-history":[{"count":0,"href":"https:\/\/qiraatafrican.com\/fr\/wp-json\/wp\/v2\/posts\/14581\/revisions"}],"wp:featuredmedia":[{"embeddable":true,"href":"https:\/\/qiraatafrican.com\/fr\/wp-json\/wp\/v2\/media\/14582"}],"wp:attachment":[{"href":"https:\/\/qiraatafrican.com\/fr\/wp-json\/wp\/v2\/media?parent=14581"}],"wp:term":[{"taxonomy":"category","embeddable":true,"href":"https:\/\/qiraatafrican.com\/fr\/wp-json\/wp\/v2\/categories?post=14581"},{"taxonomy":"post_tag","embeddable":true,"href":"https:\/\/qiraatafrican.com\/fr\/wp-json\/wp\/v2\/tags?post=14581"}],"curies":[{"name":"wp","href":"https:\/\/api.w.org\/{rel}","templated":true}]}}