{"id":14562,"date":"2025-03-03T12:11:05","date_gmt":"2025-03-03T12:11:05","guid":{"rendered":"https:\/\/qiraatafrican.com\/fr\/?p=14562"},"modified":"2025-03-03T12:11:05","modified_gmt":"2025-03-03T12:11:05","slug":"le-president-de-la-guinee-bissau-menace-dexpulser-la-mission-de-la-cedeao-selon-le-bloc","status":"publish","type":"post","link":"https:\/\/qiraatafrican.com\/fr\/14562\/le-president-de-la-guinee-bissau-menace-dexpulser-la-mission-de-la-cedeao-selon-le-bloc\/","title":{"rendered":"Le pr\u00e9sident de la Guin\u00e9e-Bissau menace d&rsquo;expulser la mission de la CEDEAO, selon le bloc"},"content":{"rendered":"<p>Le pr\u00e9sident de la Guin\u00e9e-Bissau, Umaro Sissoco Embalo, a menac\u00e9 d&rsquo;expulser une mission politique envoy\u00e9e dans son pays par la Communaut\u00e9 \u00e9conomique des \u00c9tats de l&rsquo;Afrique de l&rsquo;Ouest (CEDEAO), a d\u00e9clar\u00e9 dimanche le bloc politique et \u00e9conomique.<\/p>\n<p>Un diff\u00e9rend sur la date de fin du mandat pr\u00e9sidentiel d&rsquo;Embalo, qui a commenc\u00e9 en 2020, a accru les tensions qui risquent de provoquer des troubles dans un pays ayant une histoire de coups d&rsquo;\u00c9tat militaires.<\/p>\n<p>L&rsquo;opposition politique de ce petit pays d&rsquo;Afrique de l&rsquo;Ouest estime que le mandat d&rsquo;Embalo aurait d\u00fb expirer la semaine derni\u00e8re, tandis que la Cour supr\u00eame de justice a d\u00e9cid\u00e9 qu&rsquo;il se terminerait le 4 septembre.<\/p>\n<p>Embalo, qui a pr\u00e9sid\u00e9 la CEDEAO de mi-2022 \u00e0 mi-2023, a d\u00e9clar\u00e9 le 23 f\u00e9vrier que les \u00e9lections pr\u00e9sidentielles et l\u00e9gislatives n&rsquo;auraient pas lieu avant le 30 novembre.<\/p>\n<p>La CEDEAO a d\u00e9clar\u00e9 dans un communiqu\u00e9 dimanche qu&rsquo;elle avait d\u00e9ploy\u00e9 une mission du 21 au 28 f\u00e9vrier en collaboration avec le Bureau des Nations Unies pour l&rsquo;Afrique de l&rsquo;Ouest et le Sahel (UNOWAS) pour aider \u00e0 parvenir \u00e0 un consensus sur la mani\u00e8re d&rsquo;organiser une \u00e9lection cette ann\u00e9e.<\/p>\n<p>Mais elle a ajout\u00e9 : \u00ab\u00a0La mission a quitt\u00e9 Bissau au petit matin du 1er mars, suite aux menaces de S.E. Umaro Sissoco Embalo de l&rsquo;expulser\u00a0\u00bb.<\/p>\n<p>Mercredi, Embalo s&rsquo;est rendu \u00e0 Moscou pour des entretiens avec le pr\u00e9sident russe Vladimir Poutine. La Guin\u00e9e-Bissau est une ancienne colonie portugaise qui a obtenu son ind\u00e9pendance en 1974.<\/p>\n<div id=\"gtx-trans\" style=\"position: absolute; left: 10px; top: -0.333332px;\">\n<div class=\"gtx-trans-icon\"><\/div>\n<\/div>\n","protected":false},"excerpt":{"rendered":"<p>Le pr\u00e9sident de la Guin\u00e9e-Bissau menace d&rsquo;expulser la mission de la CEDEAO, selon le bloc<\/p>\n","protected":false},"author":1,"featured_media":14563,"comment_status":"closed","ping_status":"closed","sticky":false,"template":"","format":"standard","meta":{"iawp_total_views":6,"jnews-multi-image_gallery":[],"jnews_single_post":{"format":"standard","override":[{"template":"1","parallax":"1","fullscreen":"1","layout":"right-sidebar","sidebar":"default-sidebar","second_sidebar":"default-sidebar","sticky_sidebar":"1","share_position":"topbottom","share_float_style":"share-monocrhome","show_share_counter":"1","show_featured":"1","show_post_meta":"1","show_post_author_image":"1","show_post_date":"1","post_date_format":"default","post_date_format_custom":"Y\/m\/d","show_post_category":"1","show_post_reading_time":"0","post_reading_time_wpm":"300","post_calculate_word_method":"str_word_count","show_zoom_button":"0","zoom_button_out_step":"2","zoom_button_in_step":"3","show_post_tag":"1","number_popup_post":"1","show_post_related":"1","show_inline_post_related":"1"}],"image_override":[{"single_post_thumbnail_size":"crop-500","single_post_gallery_size":"crop-500"}],"trending_post_position":"meta","trending_post_label":"Trending","sponsored_post_label":"Sponsored by","disable_ad":"0","source_name":"Reuters","subtitle":""},"jnews_primary_category":[],"jnews_social_meta":[],"jnews_override_counter":{"view_counter_number":"0","share_counter_number":"0","like_counter_number":"0","dislike_counter_number":"0"},"footnotes":""},"categories":[44,47],"tags":[2986,2972],"class_list":["post-14562","post","type-post","status-publish","format-standard","has-post-thumbnail","hentry","category-afrique-de-louest","category-politique","tag-la-mission-de-la-cedeao","tag-le-president-de-la-guinee-bissau"],"_links":{"self":[{"href":"https:\/\/qiraatafrican.com\/fr\/wp-json\/wp\/v2\/posts\/14562","targetHints":{"allow":["GET"]}}],"collection":[{"href":"https:\/\/qiraatafrican.com\/fr\/wp-json\/wp\/v2\/posts"}],"about":[{"href":"https:\/\/qiraatafrican.com\/fr\/wp-json\/wp\/v2\/types\/post"}],"author":[{"embeddable":true,"href":"https:\/\/qiraatafrican.com\/fr\/wp-json\/wp\/v2\/users\/1"}],"replies":[{"embeddable":true,"href":"https:\/\/qiraatafrican.com\/fr\/wp-json\/wp\/v2\/comments?post=14562"}],"version-history":[{"count":0,"href":"https:\/\/qiraatafrican.com\/fr\/wp-json\/wp\/v2\/posts\/14562\/revisions"}],"wp:featuredmedia":[{"embeddable":true,"href":"https:\/\/qiraatafrican.com\/fr\/wp-json\/wp\/v2\/media\/14563"}],"wp:attachment":[{"href":"https:\/\/qiraatafrican.com\/fr\/wp-json\/wp\/v2\/media?parent=14562"}],"wp:term":[{"taxonomy":"category","embeddable":true,"href":"https:\/\/qiraatafrican.com\/fr\/wp-json\/wp\/v2\/categories?post=14562"},{"taxonomy":"post_tag","embeddable":true,"href":"https:\/\/qiraatafrican.com\/fr\/wp-json\/wp\/v2\/tags?post=14562"}],"curies":[{"name":"wp","href":"https:\/\/api.w.org\/{rel}","templated":true}]}}