{"id":14542,"date":"2025-03-02T13:58:54","date_gmt":"2025-03-02T13:58:54","guid":{"rendered":"https:\/\/qiraatafrican.com\/fr\/?p=14542"},"modified":"2025-03-02T13:59:53","modified_gmt":"2025-03-02T13:59:53","slug":"le-pere-fondateur-de-la-namibie-sam-nujoma-honore-lors-de-funerailles-nationales","status":"publish","type":"post","link":"https:\/\/qiraatafrican.com\/fr\/14542\/le-pere-fondateur-de-la-namibie-sam-nujoma-honore-lors-de-funerailles-nationales\/","title":{"rendered":"Le p\u00e8re fondateur de la Namibie, Sam Nujoma, honor\u00e9 lors de fun\u00e9railles nationales"},"content":{"rendered":"<p>Le pr\u00e9sident fondateur de la Namibie, Sam Nujoma, qui a conduit le pays vers la lib\u00e9ration de l&rsquo;Afrique du Sud de l&rsquo;apartheid, a \u00e9t\u00e9 inhum\u00e9 samedi au cimeti\u00e8re Heroes Acre du pays.<\/p>\n<p>Sa veuve, ses enfants, ses petits-enfants et ses arri\u00e8re-petits-enfants ainsi que des dirigeants africains pass\u00e9s et pr\u00e9sents ont assist\u00e9 \u00e0 la c\u00e9r\u00e9monie.<\/p>\n<p>Ils ont d\u00e9crit Nujoma comme une ic\u00f4ne africaine et un homme de principes qui a d\u00e9fendu le continent africain contre les syst\u00e8mes coloniaux.<\/p>\n<p>\u00ab Sur ces terres sacr\u00e9es se trouvent le lieu de repos final des h\u00e9ros et des h\u00e9ro\u00efnes de la Namibie. Un fils tr\u00e8s distingu\u00e9 du sol. Un g\u00e9ant parmi les dirigeants et une ic\u00f4ne r\u00e9volutionnaire \u00bb, a d\u00e9clar\u00e9 le pr\u00e9sident sortant Nangolo Mbumba.<\/p>\n<p>Des personnes en deuil venues de tous les coins du pays se sont rassembl\u00e9es d\u00e8s le petit matin \u00e0 Heroes Acre, dans la capitale Windhoek, pour rendre hommage \u00e0 Nujoma, d\u00e9c\u00e9d\u00e9 il y a deux semaines \u00e0 l&rsquo;\u00e2ge de 95 ans.<\/p>\n<p>D\u00e9crit comme le \u00ab p\u00e8re fondateur \u00bb de la Namibie, il est pass\u00e9 de l&rsquo;\u00e9levage de b\u00e9tail dans son enfance \u00e0 la lutte pour l&rsquo;ind\u00e9pendance du pays contre l&rsquo;apartheid en Afrique du Sud.<\/p>\n<p>Il \u00e9tait consid\u00e9r\u00e9 comme le dernier d&rsquo;une g\u00e9n\u00e9ration de dirigeants qui ont dirig\u00e9 des mouvements anticoloniaux et se sont battus pour la libert\u00e9 \u00e0 travers le continent.<\/p>\n<p>\u00ab Il est l&rsquo;incarnation de la lutte pour la lib\u00e9ration d&rsquo;un Africain. L&rsquo;Africain dans ce contexte, la Namibie, est l&rsquo;un des rares \u00e0 s&rsquo;\u00eatre lev\u00e9 dans les ann\u00e9es 50 pour lutter contre l&rsquo;apartheid et la discrimination raciale \u00bb, a d\u00e9clar\u00e9 Pendukeni Ithana, vice-pr\u00e9sident de la Fondation Sam Nujoma.<\/p>\n<p>Nujoma, qui a exerc\u00e9 trois mandats en tant que pr\u00e9sident de 1990 \u00e0 2005, est largement reconnu pour avoir apport\u00e9 la paix et la stabilit\u00e9 en Namibie.<\/p>\n<p>La Namibie a observ\u00e9 une p\u00e9riode de deuil de 21 jours, avec les drapeaux en berne. La d\u00e9pouille de Nujoma a \u00e9t\u00e9 honor\u00e9e par un adieu national alors que sa d\u00e9pouille a \u00e9t\u00e9 transport\u00e9e par avion dans sept r\u00e9gions, y compris son village natal d&rsquo;Etunda, \u00e0 Okahao.<\/p>\n<p>Lorsque son cercueil, drap\u00e9 dans le drapeau namibien, a \u00e9t\u00e9 descendu, il y a eu une salve de 21 coups de canon et un survol de l&rsquo;arm\u00e9e de l&rsquo;air namibienne.<\/p>\n<div id=\"gtx-trans\" style=\"position: absolute; left: -13px; top: 48.6667px;\">\n<div class=\"gtx-trans-icon\"><\/div>\n<\/div>\n","protected":false},"excerpt":{"rendered":"<p>Le \u00ab p\u00e8re fondateur \u00bb de la Namibie, Sam Nujoma, honor\u00e9 lors de fun\u00e9railles nationales<\/p>\n","protected":false},"author":1,"featured_media":14543,"comment_status":"closed","ping_status":"closed","sticky":false,"template":"","format":"standard","meta":{"iawp_total_views":11,"jnews-multi-image_gallery":[],"jnews_single_post":{"subtitle":"","format":"standard","override":[{"template":"1","parallax":"1","fullscreen":"1","layout":"right-sidebar","sidebar":"default-sidebar","second_sidebar":"default-sidebar","sticky_sidebar":"1","share_position":"topbottom","share_float_style":"share-monocrhome","show_share_counter":"1","show_featured":"1","show_post_meta":"1","show_post_author_image":"1","show_post_date":"1","post_date_format":"default","post_date_format_custom":"Y\/m\/d","show_post_category":"1","show_post_reading_time":"0","post_reading_time_wpm":"300","post_calculate_word_method":"str_word_count","show_zoom_button":"0","zoom_button_out_step":"2","zoom_button_in_step":"3","show_post_tag":"1","number_popup_post":"1","show_post_related":"1","show_inline_post_related":"1"}],"image_override":[{"single_post_thumbnail_size":"crop-500","single_post_gallery_size":"crop-500"}],"trending_post_position":"meta","trending_post_label":"Trending","sponsored_post_label":"Sponsored by","disable_ad":"0","source_name":"Africa News"},"jnews_primary_category":[],"jnews_social_meta":[],"jnews_override_counter":{"view_counter_number":"0","share_counter_number":"0","like_counter_number":"0","dislike_counter_number":"0"},"footnotes":""},"categories":[43,38],"tags":[2978,1483,2977,2872],"class_list":["post-14542","post","type-post","status-publish","format-standard","has-post-thumbnail","hentry","category-afrique-australe","category-suivis","tag-funerailles-nationales","tag-namibie","tag-pere-fondateur","tag-sam-nujoma"],"_links":{"self":[{"href":"https:\/\/qiraatafrican.com\/fr\/wp-json\/wp\/v2\/posts\/14542","targetHints":{"allow":["GET"]}}],"collection":[{"href":"https:\/\/qiraatafrican.com\/fr\/wp-json\/wp\/v2\/posts"}],"about":[{"href":"https:\/\/qiraatafrican.com\/fr\/wp-json\/wp\/v2\/types\/post"}],"author":[{"embeddable":true,"href":"https:\/\/qiraatafrican.com\/fr\/wp-json\/wp\/v2\/users\/1"}],"replies":[{"embeddable":true,"href":"https:\/\/qiraatafrican.com\/fr\/wp-json\/wp\/v2\/comments?post=14542"}],"version-history":[{"count":0,"href":"https:\/\/qiraatafrican.com\/fr\/wp-json\/wp\/v2\/posts\/14542\/revisions"}],"wp:featuredmedia":[{"embeddable":true,"href":"https:\/\/qiraatafrican.com\/fr\/wp-json\/wp\/v2\/media\/14543"}],"wp:attachment":[{"href":"https:\/\/qiraatafrican.com\/fr\/wp-json\/wp\/v2\/media?parent=14542"}],"wp:term":[{"taxonomy":"category","embeddable":true,"href":"https:\/\/qiraatafrican.com\/fr\/wp-json\/wp\/v2\/categories?post=14542"},{"taxonomy":"post_tag","embeddable":true,"href":"https:\/\/qiraatafrican.com\/fr\/wp-json\/wp\/v2\/tags?post=14542"}],"curies":[{"name":"wp","href":"https:\/\/api.w.org\/{rel}","templated":true}]}}