{"id":14496,"date":"2025-02-24T12:03:20","date_gmt":"2025-02-24T12:03:20","guid":{"rendered":"https:\/\/qiraatafrican.com\/fr\/?p=14496"},"modified":"2025-02-24T12:03:20","modified_gmt":"2025-02-24T12:03:20","slug":"rdc-kabila-accuse-le-leadership-de-tshisekedi-detre-responsable-de-la-montee-des-tensions-dans-lest-de-la-rdc","status":"publish","type":"post","link":"https:\/\/qiraatafrican.com\/fr\/14496\/rdc-kabila-accuse-le-leadership-de-tshisekedi-detre-responsable-de-la-montee-des-tensions-dans-lest-de-la-rdc\/","title":{"rendered":"RDC: Kabila accuse le leadership de Tshisekedi d&rsquo;\u00eatre responsable de la mont\u00e9e des tensions dans l&rsquo;est de la RDC"},"content":{"rendered":"<p>L&rsquo;ancien chef d&rsquo;\u00c9tat estime que F\u00e9lix Tshisekedi vise \u00e0 devenir le \u00ab dirigeant absolu du pays \u00bb en faisant taire l&rsquo;opposition et en recourant \u00e0 \u00ab l&rsquo;intimidation, aux arrestations arbitraires et aux ex\u00e9cutions extrajudiciaires \u00bb.<\/p>\n<p>L&rsquo;ancien dirigeant de la R\u00e9publique d\u00e9mocratique du Congo, Joseph Kabila, a d\u00e9clar\u00e9 dimanche que la mauvaise gouvernance de son successeur, le pr\u00e9sident F\u00e9lix Tshisekedi, a contribu\u00e9 de mani\u00e8re significative \u00e0 l&rsquo;escalade du conflit dans la r\u00e9gion orientale du pays.<\/p>\n<p>Dans un article d&rsquo;opinion publi\u00e9 dans le Sunday Times d&rsquo;Afrique du Sud, Kabila a fait valoir que les troubles ne peuvent pas \u00eatre attribu\u00e9s uniquement aux avanc\u00e9es du groupe arm\u00e9 M23 soutenu par le Rwanda ou aux tensions entre Kinshasa et Kigali.<\/p>\n<p>Les combattants du M23 ont rapidement pris le contr\u00f4le de vastes zones de l&rsquo;est de la RDC, riche en ressources, ces derni\u00e8res semaines, ce qui fait craindre que le conflit ne s&rsquo;\u00e9tende au-del\u00e0 des fronti\u00e8res du pays.<\/p>\n<p>Kabila a not\u00e9 que depuis que Tshisekedi a pris ses fonctions en 2019 apr\u00e8s sa victoire \u00e9lectorale, la situation en RDC s\u2019est aggrav\u00e9e \u00e0 un point o\u00f9 elle est \u00ab proche de l\u2019implosion \u00bb.<\/p>\n<p>Il a d\u00e9crit les \u00e9lections de d\u00e9cembre 2023, qui ont abouti \u00e0 une victoire \u00e9crasante pour le second mandat de Tshisekedi, comme une \u00ab imposture \u00bb, accusant le gouvernement de r\u00e9primer l\u2019opposition politique et de permettre au pr\u00e9sident de devenir le \u00ab ma\u00eetre absolu du pays \u00bb.<\/p>\n<p>Kabila a soulign\u00e9 des probl\u00e8mes tels que l\u2019intimidation, les arrestations arbitraires, les ex\u00e9cutions extrajudiciaires et l\u2019exil forc\u00e9 de politiciens, de journalistes et de chefs religieux comme des caract\u00e9ristiques cl\u00e9s du r\u00e9gime de Tshisekedi.<\/p>\n<p>Il a averti que les nombreuses violations de la constitution et des droits de l\u2019homme, ainsi que les massacres r\u00e9p\u00e9t\u00e9s du peuple congolais par les forces de s\u00e9curit\u00e9 de Tshisekedi, persisteront m\u00eame si les n\u00e9gociations entre la RDC et le Rwanda r\u00e9ussissent ou si le M23 est vaincu militairement.<\/p>\n<p>Kabila a averti que n\u00e9gliger ces probl\u00e8mes sous-jacents en se concentrant uniquement sur le M23 entra\u00eenerait une instabilit\u00e9 politique continue, un conflit arm\u00e9 et potentiellement une guerre civile.<\/p>\n<p>Tout effort visant \u00e0 r\u00e9soudre cette crise qui n\u00e9gligerait ses causes fondamentales \u2013 principalement la gouvernance de la RDC par ses dirigeants actuels \u2013 ne parviendra pas \u00e0 instaurer une paix durable.<\/p>\n<p>Le M23, qui pr\u00e9tend d\u00e9fendre les droits de la population minoritaire tutsie de la RDC, a renouvel\u00e9 ses actions militaires en 2021, deux ans apr\u00e8s l\u2019arriv\u00e9e au pouvoir de Tshisekedi.<\/p>\n<p>L\u2019Afrique du Sud a d\u00e9ploy\u00e9 plus de 1 000 soldats en RDC dans le cadre d\u2019une mission de la Communaut\u00e9 de d\u00e9veloppement de l\u2019Afrique australe (SADC), compos\u00e9e de 16 membres, pour aider le gouvernement et stabiliser la r\u00e9gion.<\/p>\n<p>Le mois dernier, quatorze soldats sud-africains ont perdu la vie dans le conflit.<\/p>\n<div id=\"gtx-trans\" style=\"position: absolute; left: -7px; top: -0.333332px;\">\n<div class=\"gtx-trans-icon\"><\/div>\n<\/div>\n","protected":false},"excerpt":{"rendered":"<p>Kabila accuse le leadership de Tshisekedi d&rsquo;\u00eatre responsable de la mont\u00e9e des tensions dans l&rsquo;est de la RDC<\/p>\n","protected":false},"author":1,"featured_media":14497,"comment_status":"closed","ping_status":"closed","sticky":false,"template":"","format":"standard","meta":{"iawp_total_views":7,"jnews-multi-image_gallery":[],"jnews_single_post":{"subtitle":"","format":"standard","override":[{"template":"1","parallax":"1","fullscreen":"1","layout":"right-sidebar","sidebar":"default-sidebar","second_sidebar":"default-sidebar","sticky_sidebar":"1","share_position":"topbottom","share_float_style":"share-monocrhome","show_share_counter":"1","show_featured":"1","show_post_meta":"1","show_post_author_image":"1","show_post_date":"1","post_date_format":"default","post_date_format_custom":"Y\/m\/d","show_post_category":"1","show_post_reading_time":"0","post_reading_time_wpm":"300","post_calculate_word_method":"str_word_count","show_zoom_button":"0","zoom_button_out_step":"2","zoom_button_in_step":"3","show_post_tag":"1","number_popup_post":"1","show_post_related":"1","show_inline_post_related":"1"}],"image_override":[{"single_post_thumbnail_size":"crop-500","single_post_gallery_size":"crop-500"}],"trending_post_position":"meta","trending_post_label":"Trending","sponsored_post_label":"Sponsored by","disable_ad":"0"},"jnews_primary_category":[],"jnews_social_meta":[],"jnews_override_counter":{"view_counter_number":"0","share_counter_number":"0","like_counter_number":"0","dislike_counter_number":"0"},"footnotes":""},"categories":[41,47],"tags":[2952,2954,143,2953],"class_list":["post-14496","post","type-post","status-publish","format-standard","has-post-thumbnail","hentry","category-afrique-centrale","category-politique","tag-kabila","tag-la-montee-des-tensions","tag-rdc","tag-tshisekedi"],"_links":{"self":[{"href":"https:\/\/qiraatafrican.com\/fr\/wp-json\/wp\/v2\/posts\/14496","targetHints":{"allow":["GET"]}}],"collection":[{"href":"https:\/\/qiraatafrican.com\/fr\/wp-json\/wp\/v2\/posts"}],"about":[{"href":"https:\/\/qiraatafrican.com\/fr\/wp-json\/wp\/v2\/types\/post"}],"author":[{"embeddable":true,"href":"https:\/\/qiraatafrican.com\/fr\/wp-json\/wp\/v2\/users\/1"}],"replies":[{"embeddable":true,"href":"https:\/\/qiraatafrican.com\/fr\/wp-json\/wp\/v2\/comments?post=14496"}],"version-history":[{"count":0,"href":"https:\/\/qiraatafrican.com\/fr\/wp-json\/wp\/v2\/posts\/14496\/revisions"}],"wp:featuredmedia":[{"embeddable":true,"href":"https:\/\/qiraatafrican.com\/fr\/wp-json\/wp\/v2\/media\/14497"}],"wp:attachment":[{"href":"https:\/\/qiraatafrican.com\/fr\/wp-json\/wp\/v2\/media?parent=14496"}],"wp:term":[{"taxonomy":"category","embeddable":true,"href":"https:\/\/qiraatafrican.com\/fr\/wp-json\/wp\/v2\/categories?post=14496"},{"taxonomy":"post_tag","embeddable":true,"href":"https:\/\/qiraatafrican.com\/fr\/wp-json\/wp\/v2\/tags?post=14496"}],"curies":[{"name":"wp","href":"https:\/\/api.w.org\/{rel}","templated":true}]}}