{"id":14481,"date":"2025-02-23T08:37:52","date_gmt":"2025-02-23T08:37:52","guid":{"rendered":"https:\/\/qiraatafrican.com\/fr\/?p=14481"},"modified":"2025-02-23T08:37:52","modified_gmt":"2025-02-23T08:37:52","slug":"le-chef-militaire-du-burkina-faso-mise-sur-lautonomie-economique","status":"publish","type":"post","link":"https:\/\/qiraatafrican.com\/fr\/14481\/le-chef-militaire-du-burkina-faso-mise-sur-lautonomie-economique\/","title":{"rendered":"Le chef militaire du Burkina Faso mise sur l\u2019autonomie \u00e9conomique"},"content":{"rendered":"<p>Le capitaine Ibrahim Traor\u00e9, \u00e0 la t\u00eate du pays depuis le coup d\u2019\u00c9tat de 2022, mise sur l\u2019autonomie \u00e9conomique pour r\u00e9duire la d\u00e9pendance \u00e0 l\u2019aide ext\u00e9rieure et valoriser les ressources internes.<\/p>\n<p>Cette strat\u00e9gie, align\u00e9e sur l\u2019Alliance des \u00c9tats du Sahel aux c\u00f4t\u00e9s du Mali et du Niger, refl\u00e8te une volont\u00e9 de souverainet\u00e9 \u00e9conomique.<\/p>\n<p>\u00ab Ce mod\u00e8le repose sur la valorisation des ressources internes. Il a permis au chef de l\u2019\u00c9tat et \u00e0 son gouvernement de donner la priorit\u00e9 \u00e0 l\u2019agriculture. Mais l\u2019autre aspect cl\u00e9 est l\u2019industrialisation de notre production \u00bb, explique Hamidou Sawadogo, professeur d\u2019\u00e9conomie mon\u00e9taire et financi\u00e8re \u00e0 l\u2019Universit\u00e9 Joseph Ki-Zerbo.<\/p>\n<p>L\u2019agriculture est d\u00e9sormais au c\u0153ur des priorit\u00e9s \u00e9conomiques, avec des financements d\u00e9di\u00e9s et des capacit\u00e9s de production accrues. R\u00e9sultat : pr\u00e8s de six millions de tonnes de c\u00e9r\u00e9ales ont \u00e9t\u00e9 r\u00e9colt\u00e9es en 2024.<\/p>\n<p>Cependant, compte tenu de la d\u00e9cennie de lutte du pays contre les insurg\u00e9s islamistes, la s\u00e9curisation du territoire reste cruciale.<\/p>\n<p>\u00ab Personnellement, je recommanderais d\u2019investir davantage dans la d\u00e9fense du territoire pour assurer notre survie. \u00ab Une fois ces conditions r\u00e9unies, nous pourrons continuer \u00e0 d\u00e9velopper notre mod\u00e8le de croissance interne \u00bb, affirme Sawadogo.<\/p>\n<p>En attendant, l\u2019impact des nouvelles politiques est \u00e9vident. La croissance \u00e9conomique s\u2019am\u00e9liore, le PIB acc\u00e9l\u00e8re, avec une augmentation de 3,7 % pr\u00e9vue pour 2024.<\/p>\n<p>Cependant, face \u00e0 des d\u00e9fis s\u00e9curitaires et structurels persistants, le Burkina Faso doit adapter son mod\u00e8le aux r\u00e9alit\u00e9s de son d\u00e9veloppement.<\/p>\n<div id=\"gtx-trans\" style=\"position: absolute; left: 9px; top: -0.333332px;\">\n<div class=\"gtx-trans-icon\"><\/div>\n<\/div>\n","protected":false},"excerpt":{"rendered":"<p>Le chef militaire du Burkina Faso mise sur l\u2019autonomie \u00e9conomique<\/p>\n","protected":false},"author":1,"featured_media":14482,"comment_status":"closed","ping_status":"closed","sticky":false,"template":"","format":"standard","meta":{"iawp_total_views":132,"jnews-multi-image_gallery":[],"jnews_single_post":{"subtitle":"","format":"standard","override":[{"template":"1","parallax":"1","fullscreen":"1","layout":"right-sidebar","sidebar":"default-sidebar","second_sidebar":"default-sidebar","sticky_sidebar":"1","share_position":"topbottom","share_float_style":"share-monocrhome","show_share_counter":"1","show_featured":"1","show_post_meta":"1","show_post_author_image":"1","show_post_date":"1","post_date_format":"default","post_date_format_custom":"Y\/m\/d","show_post_category":"1","show_post_reading_time":"0","post_reading_time_wpm":"300","post_calculate_word_method":"str_word_count","show_zoom_button":"0","zoom_button_out_step":"2","zoom_button_in_step":"3","show_post_tag":"1","number_popup_post":"1","show_post_related":"1","show_inline_post_related":"1"}],"image_override":[{"single_post_thumbnail_size":"crop-500","single_post_gallery_size":"crop-500"}],"trending_post_position":"meta","trending_post_label":"Trending","sponsored_post_label":"Sponsored by","disable_ad":"0"},"jnews_primary_category":[],"jnews_social_meta":[],"jnews_override_counter":{"view_counter_number":"0","share_counter_number":"0","like_counter_number":"0","dislike_counter_number":"0"},"footnotes":""},"categories":[44,5],"tags":[2943,2942],"class_list":["post-14481","post","type-post","status-publish","format-standard","has-post-thumbnail","hentry","category-afrique-de-louest","category-politique-africaine","tag-autonomie-economique","tag-le-chef-militaire-du-burkina-faso"],"_links":{"self":[{"href":"https:\/\/qiraatafrican.com\/fr\/wp-json\/wp\/v2\/posts\/14481","targetHints":{"allow":["GET"]}}],"collection":[{"href":"https:\/\/qiraatafrican.com\/fr\/wp-json\/wp\/v2\/posts"}],"about":[{"href":"https:\/\/qiraatafrican.com\/fr\/wp-json\/wp\/v2\/types\/post"}],"author":[{"embeddable":true,"href":"https:\/\/qiraatafrican.com\/fr\/wp-json\/wp\/v2\/users\/1"}],"replies":[{"embeddable":true,"href":"https:\/\/qiraatafrican.com\/fr\/wp-json\/wp\/v2\/comments?post=14481"}],"version-history":[{"count":0,"href":"https:\/\/qiraatafrican.com\/fr\/wp-json\/wp\/v2\/posts\/14481\/revisions"}],"wp:featuredmedia":[{"embeddable":true,"href":"https:\/\/qiraatafrican.com\/fr\/wp-json\/wp\/v2\/media\/14482"}],"wp:attachment":[{"href":"https:\/\/qiraatafrican.com\/fr\/wp-json\/wp\/v2\/media?parent=14481"}],"wp:term":[{"taxonomy":"category","embeddable":true,"href":"https:\/\/qiraatafrican.com\/fr\/wp-json\/wp\/v2\/categories?post=14481"},{"taxonomy":"post_tag","embeddable":true,"href":"https:\/\/qiraatafrican.com\/fr\/wp-json\/wp\/v2\/tags?post=14481"}],"curies":[{"name":"wp","href":"https:\/\/api.w.org\/{rel}","templated":true}]}}