{"id":1447,"date":"2022-04-20T11:18:06","date_gmt":"2022-04-20T11:18:06","guid":{"rendered":"https:\/\/qiraatafrican.com\/fr\/?p=1447"},"modified":"2022-04-20T11:18:06","modified_gmt":"2022-04-20T11:18:06","slug":"lopposition-sud-soudanaise-mecontente-des-positions-de-larmee","status":"publish","type":"post","link":"https:\/\/qiraatafrican.com\/fr\/1447\/lopposition-sud-soudanaise-mecontente-des-positions-de-larmee\/","title":{"rendered":"L&rsquo;opposition sud-soudanaise m\u00e9contente des positions de l&rsquo;arm\u00e9e"},"content":{"rendered":"<p>Le principal parti politique d&rsquo;opposition du Soudan du Sud se dit m\u00e9content des r\u00e9centes nominations \u00e0 une structure unifi\u00e9e de commandement des forces arm\u00e9es.<\/p>\n<p>Le Mouvement populaire de lib\u00e9ration du Soudan dans l&rsquo;opposition (SPLM-IO) affirme qu&rsquo;il y a eu un certain nombre de \u00ab\u00a0violations graves\u00a0\u00bb dans la nomination des commandants de diverses unit\u00e9s de l&rsquo;arm\u00e9e, de la police et des services de s\u00e9curit\u00e9.<\/p>\n<p>Les nominations ont \u00e9t\u00e9 annonc\u00e9es par le pr\u00e9sident Salva Kiir la semaine derni\u00e8re.<\/p>\n<p>Le SPLM-IO affirme que le pr\u00e9sident Kiir a omis trois directions du Service national de police qui \u00e9taient destin\u00e9es \u00e0 l&rsquo;opposition<\/p>\n<p>Il indique que le pr\u00e9sident a \u00e9galement cr\u00e9\u00e9 de nouveaux postes qui n&rsquo;ont pas \u00e9t\u00e9 accept\u00e9s par les partis et a nomm\u00e9 ses alli\u00e9s \u00e0 ces postes. r\u00e9formes n\u00e9cessaires, en particulier dans le secteur financier au sein de toutes les forces organis\u00e9es \u00bb, a d\u00e9clar\u00e9 Puok Both Baluang, un responsable du SPLM-IO dans un communiqu\u00e9 de presse.<\/p>\n<p>Il a exhort\u00e9 le pr\u00e9sident Kiir \u00e0 respecter l&rsquo;accord sur le commandement unifi\u00e9.<\/p>\n<p>Le bureau du pr\u00e9sident n&rsquo;a pas r\u00e9pondu \u00e0 l&rsquo;affaire.<\/p>\n","protected":false},"excerpt":{"rendered":"<p>Le principal parti politique d&rsquo;opposition du Soudan du Sud se dit m\u00e9content des r\u00e9centes nominations \u00e0 une structure unifi\u00e9e de commandement des forces arm\u00e9es. Le Mouvement populaire de lib\u00e9ration du Soudan dans l&rsquo;opposition (SPLM-IO) affirme qu&rsquo;il y a eu un certain nombre de \u00ab\u00a0violations graves\u00a0\u00bb dans la nomination des commandants de diverses unit\u00e9s de l&rsquo;arm\u00e9e, [&hellip;]<\/p>\n","protected":false},"author":1,"featured_media":0,"comment_status":"open","ping_status":"open","sticky":false,"template":"","format":"standard","meta":{"iawp_total_views":5,"jnews-multi-image_gallery":[],"jnews_single_post":{"source_name":"BBC","source_url":"","via_name":"","via_url":"","override_template":"0","override":[{"template":"2","single_blog_custom":"","parallax":"1","fullscreen":"1","layout":"right-sidebar","sidebar":"default-sidebar","second_sidebar":"default-sidebar","sticky_sidebar":"1","share_position":"topbottom","share_float_style":"share-monocrhome","show_share_counter":"1","show_view_counter":"0","show_featured":"1","show_post_meta":"1","show_post_author":"0","show_post_author_image":"1","show_post_date":"1","post_date_format":"default","post_date_format_custom":"Y\/m\/d","show_post_category":"1","show_post_reading_time":"0","post_reading_time_wpm":"300","show_zoom_button":"0","zoom_button_out_step":"2","zoom_button_in_step":"3","show_post_tag":"1","show_prev_next_post":"0","show_popup_post":"0","number_popup_post":"1","show_author_box":"0","show_post_related":"1","show_inline_post_related":"1"}],"override_image_size":"0","image_override":[{"single_post_thumbnail_size":"crop-500","single_post_gallery_size":"crop-500"}],"trending_post":"0","trending_post_position":"meta","trending_post_label":"Trending","sponsored_post":"0","sponsored_post_label":"Sponsored by","sponsored_post_name":"","sponsored_post_url":"","sponsored_post_logo_enable":"0","sponsored_post_logo":"","sponsored_post_desc":"","disable_ad":"0"},"jnews_primary_category":{"id":"42"},"jnews_social_meta":{"fb_title":"","fb_description":"","fb_image":"","twitter_title":"","twitter_description":"","twitter_image":""},"jnews_override_counter":{"override_view_counter":"0","view_counter_number":"0","override_share_counter":"0","share_counter_number":"0","override_like_counter":"0","like_counter_number":"0","override_dislike_counter":"0","dislike_counter_number":"0"},"footnotes":""},"categories":[5,42],"tags":[162,180,586],"class_list":["post-1447","post","type-post","status-publish","format-standard","hentry","category-politique-africaine","category-afrique-de-lest","tag-armee","tag-soudan-du-sud","tag-splm-io"],"_links":{"self":[{"href":"https:\/\/qiraatafrican.com\/fr\/wp-json\/wp\/v2\/posts\/1447","targetHints":{"allow":["GET"]}}],"collection":[{"href":"https:\/\/qiraatafrican.com\/fr\/wp-json\/wp\/v2\/posts"}],"about":[{"href":"https:\/\/qiraatafrican.com\/fr\/wp-json\/wp\/v2\/types\/post"}],"author":[{"embeddable":true,"href":"https:\/\/qiraatafrican.com\/fr\/wp-json\/wp\/v2\/users\/1"}],"replies":[{"embeddable":true,"href":"https:\/\/qiraatafrican.com\/fr\/wp-json\/wp\/v2\/comments?post=1447"}],"version-history":[{"count":0,"href":"https:\/\/qiraatafrican.com\/fr\/wp-json\/wp\/v2\/posts\/1447\/revisions"}],"wp:attachment":[{"href":"https:\/\/qiraatafrican.com\/fr\/wp-json\/wp\/v2\/media?parent=1447"}],"wp:term":[{"taxonomy":"category","embeddable":true,"href":"https:\/\/qiraatafrican.com\/fr\/wp-json\/wp\/v2\/categories?post=1447"},{"taxonomy":"post_tag","embeddable":true,"href":"https:\/\/qiraatafrican.com\/fr\/wp-json\/wp\/v2\/tags?post=1447"}],"curies":[{"name":"wp","href":"https:\/\/api.w.org\/{rel}","templated":true}]}}